{"id":1138,"date":"2012-03-31T22:57:20","date_gmt":"2012-03-31T20:57:20","guid":{"rendered":"http:\/\/www.ohrlund.se\/blogg\/?p=1138"},"modified":"2012-03-31T22:57:20","modified_gmt":"2012-03-31T20:57:20","slug":"valkommen-flykting-till-vada-och-hur-blir-det-med-mamma","status":"publish","type":"post","link":"https:\/\/www.ohrlund.se\/blogg\/valkommen-flykting-till-vada-och-hur-blir-det-med-mamma\/","title":{"rendered":"V\u00e4lkommen flykting, till &#8211; vad\u00e5? Och hur blir det med mamma?"},"content":{"rendered":"<p><strong>Jag l\u00e4ser att Migrationsverket, f\u00f6rutom de 2 490 miljoner (!)\u00a0de redan budgeterat, nu vill ha ytterligare 150 miljoner f\u00f6r att klara en kraftigt \u00f6kande str\u00f6m av inte bara asyls\u00f6kande utan framf\u00f6rallt anh\u00f6riginvandrare.<\/strong> Anledningen kan man l\u00e4sa p\u00e5 Migrationsverket hemsida:<\/p>\n<p><em>&#8221;Den v\u00e4gledande domen fr\u00e5n Migrations\u00f6verdomstolen, som kom nyligen, g\u00f6r det l\u00e4ttare f\u00f6r barn och f\u00f6r\u00e4ldrar som har sv\u00e5rt att styrka sin identitet att f\u00f6renas i Sverige.&#8221;<\/em><\/p>\n<p><strong>I klartext:<\/strong> Om du inte kan bevisa att du \u00e4r sl\u00e4kt med n\u00e5gon som beviljats asyl h\u00e4r, kan du vara v\u00e4lkommen som &#8221;anh\u00f6rig&#8221; i alla fall.<\/p>\n<p><strong>Migrationsverket r\u00e4knar med<\/strong> att 31 000 m\u00e4nniskor kommer att s\u00f6ka asyl och att 59 500 &#8211; totalt 90 500 &#8211; anh\u00f6riga kommer att s\u00f6ka uppeh\u00e5llstillst\u00e5nd h\u00e4r 2012. Och det blir inte mycket\u00a0f\u00e4rre 2013. S\u00e5 h\u00e4r skriver verket:<\/p>\n<p><em>&#8221;Som en f\u00f6ljd av detta och v\u00e4ntade lag\u00e4ndringar fr\u00e5n regeringen r\u00e4knar Migrationsverket med att antalet ans\u00f6kningar fr\u00e5n anh\u00f6riga sannolikt kommer att \u00f6ka kraftigt. I prognosen utg\u00e5r Migrationsverket fr\u00e5n att det beh\u00f6vs beredskap f\u00f6r en \u00f6kning med 18 500 i \u00e5r och 12 000 n\u00e4sta \u00e5r. Antalet f\u00f6rstag\u00e5ngs\u00adans\u00f6kningar fr\u00e5n anh\u00f6riga blir d\u00e5 totalt 59 500 i \u00e5r och 53 000 n\u00e4sta \u00e5r. Migrationsverket betonar samtidigt att det \u00e4r mycket os\u00e4kert i vilken omfattning och hur snabbt \u00f6kningen sker.<\/em><\/p>\n<p><em> <strong>Antalet asyls\u00f6kande ber\u00e4knas ocks\u00e5 \u00f6ka<\/strong><\/em><\/p>\n<p><em>De nya id-kraven v\u00e4ntas ocks\u00e5 f\u00f6ra med sig att fler m\u00e4nniskor s\u00f6ker asyl i Sverige eftersom de vet att det \u00e4r m\u00f6jligt f\u00f6r familjen att komma efter. Det \u00e4r ett av sk\u00e4len till att Migrationsverket i prognosen ocks\u00e5 h\u00f6jer intervallet f\u00f6r antalet asyls\u00f6kande till 28 000\u201436 000 per \u00e5r. Det \u00e4r en h\u00f6jning med 2 000 i f\u00f6rh\u00e5llande till det intervall som Migrationsverket tidigare har r\u00e4knat med. Migrationsverket anser det mest sannolikt att det kommer cirka 31 000 i \u00e5r och n\u00e4sta \u00e5r.&#8221;<\/em><\/p>\n<p><strong>Om majoriteten av dessa s\u00f6kande f\u00e5r komma in i landet, pratar vi om att sl\u00e4ppa in betydligt fler m\u00e4nniskor\u00a0\u00e4n det bor i hela Link\u00f6ping och n\u00e4stan\u00a0lika m\u00e5nga\u00a0som det bor i Uppsala. Att fylla p\u00e5 befolkningen med m\u00e4nniskor till\u00a0en hel, stor, tom\u00a0stad &#8211; som vi inte har.<\/strong><\/p>\n<p><strong>Det l\u00e5ter ju \u00e4delt och humanistiskt, det d\u00e4r.<\/strong> Men sanningen \u00e4r inte riktigt lika tjusig. Ty trots att politikerna harklar sig och pratar om behovet av arbetskraft, s\u00e5 klingar det illa. I februari i \u00e5r var 389 000 m\u00e4nniskor utan jobb &#8211; en arbetsl\u00f6shet p\u00e5 7,8 procent. Vi lever i en tid d\u00e4r kraven p\u00e5 utbildning och kompetens \u00e4r enorm och d\u00e4r m\u00e4nniskor &#8211; b\u00e5de ursvenskar och nysvenskar &#8211; med h\u00f6gskoleutbildning f\u00e5r st\u00e4da p\u00e5 sjukhus och hamburgerrestauranger.<\/p>\n<p><strong>F\u00f6r att det inte finns jobb.<\/strong><\/p>\n<p><strong>F\u00f6r majoriteten<\/strong> av de 180 000 nya invandrare som vill komma hit, \u00e4r utsikterna att f\u00f6rs\u00f6rja sig sj\u00e4lva lika med noll. Vi har inte jobb till dem, inte heller bost\u00e4der. M\u00e5nga av dem kan se fram emot att tillbringa \u00e5ratal i\u00a0flyktingbaracker p\u00e5 landsbygden, utan n\u00e5gon som helst m\u00f6jlighet till integration. En stor del av dem som kommer \u00e4r analfabeter och jag \u00e4r inte helt \u00f6vertygad om att SFI \u00e4r rustade f\u00f6r att ta emot mellan hundratusen och tv\u00e5hundratusen nya elever p\u00e5 ett br\u00e4de.<\/p>\n<p><strong>S\u00e5 v\u00e4lkommen ur askan i elden<\/strong>, k\u00e4ra somalier och k\u00e4re afghan. V\u00e4lkommen till landet som vill visa alla andra hur duktiga vi \u00e4r, men tiger om att m\u00e4nniskor magasineras i baracker tills de tappat den sista gnuttan sj\u00e4lvf\u00f6rtroende.<\/p>\n<p><strong>F\u00f6r vi \u00e4r ju s\u00e5 bra vi i Sverige<\/strong>, vi som r\u00e4ddar m\u00e4nniskor till ett b\u00e4ttre liv. Eller?<\/p>\n<p><strong>Och s\u00e5 n\u00e4sta fr\u00e5ga d\u00e5:<\/strong> H\u00e4romdagen skjutsades min 91-\u00e5riga mamma ut fr\u00e5n sjukhuset, fortfarande i d\u00e5lig form och med magsm\u00e4rtor, utan att ha f\u00e5tt besked om vad som \u00e4r fel med henne. Under resans g\u00e5ng hade hon flyttats fr\u00e5n ett topprankat sjukhus till ett billigare,\u00a0av ekonomiska sk\u00e4l. Med sig hem fick hon inga besked, men fyra antibiotikatabletter och ett &#8221;lycka till&#8221;.<\/p>\n<p><strong>Jag m\u00e5 vara korkad<\/strong>, men jag har lite sv\u00e5rt att f\u00f6rst\u00e5 varf\u00f6r det inte finns pengar till mammas v\u00e5rd, n\u00e4r det finns ofattbara <em>2 640 miljoner kronor\u00a0<\/em>till att bed\u00f6ma och verkst\u00e4lla insl\u00e4ppet av m\u00e4nniskor till en hel stad, som vi inte ens har.<\/p>\n<p><strong>\u00c4r det jag som h\u00e5ller p\u00e5 att bli galen<\/strong>, eller borde vi m\u00f6jligen ha en diskussion om det h\u00e4r?<\/p>\n<p><strong>H\u00e4r kan du l\u00e4sa mer.<\/strong> H\u00f6r av dig om du har f\u00f6rst\u00e5tt det som jag inte f\u00f6rst\u00e5r:<\/p>\n<p><a href=\"http:\/\/www.migrationsverket.se\/info\/5406.html\">http:\/\/www.migrationsverket.se\/info\/5406.html<\/a><\/p>\n<p>&nbsp;<\/p>\n<p>&nbsp;<\/p>\n<p>&nbsp;<\/p>\n<p>&nbsp;<\/p>\n<p>&nbsp;<\/p>\n<div id=\"wp_fb_like_button\" style=\"margin:5px 0;float:none;height:100px;\"><script src=\"http:\/\/connect.facebook.net\/en_US\/all.js#xfbml=1\"><\/script><fb:like href=\"https:\/\/www.ohrlund.se\/blogg\/valkommen-flykting-till-vada-och-hur-blir-det-med-mamma\/\" send=\"true\" layout=\"standard\" width=\"450\" show_faces=\"true\" font=\"arial\" action=\"like\" colorscheme=\"light\"><\/fb:like><\/div>","protected":false},"excerpt":{"rendered":"<p>Jag l\u00e4ser att Migrationsverket, f\u00f6rutom de 2 490 miljoner (!)\u00a0de redan budgeterat, nu vill ha ytterligare 150 miljoner f\u00f6r att klara en kraftigt \u00f6kande str\u00f6m av inte bara asyls\u00f6kande utan framf\u00f6rallt anh\u00f6riginvandrare. Anledningen kan man l\u00e4sa p\u00e5 Migrationsverket hemsida: &#8221;Den &hellip; <a href=\"https:\/\/www.ohrlund.se\/blogg\/valkommen-flykting-till-vada-och-hur-blir-det-med-mamma\/\">Forts\u00e4tt l\u00e4sa <span class=\"meta-nav\">&rarr;<\/span><\/a><\/p>\n","protected":false},"author":2,"featured_media":0,"comment_status":"open","ping_status":"open","sticky":false,"template":"","format":"standard","meta":{"_jetpack_memberships_contains_paid_content":false,"footnotes":""},"categories":[1],"tags":[],"class_list":["post-1138","post","type-post","status-publish","format-standard","hentry","category-okategoriserade"],"jetpack_featured_media_url":"","jetpack_sharing_enabled":true,"post_mailing_queue_ids":[],"_links":{"self":[{"href":"https:\/\/www.ohrlund.se\/blogg\/wp-json\/wp\/v2\/posts\/1138","targetHints":{"allow":["GET"]}}],"collection":[{"href":"https:\/\/www.ohrlund.se\/blogg\/wp-json\/wp\/v2\/posts"}],"about":[{"href":"https:\/\/www.ohrlund.se\/blogg\/wp-json\/wp\/v2\/types\/post"}],"author":[{"embeddable":true,"href":"https:\/\/www.ohrlund.se\/blogg\/wp-json\/wp\/v2\/users\/2"}],"replies":[{"embeddable":true,"href":"https:\/\/www.ohrlund.se\/blogg\/wp-json\/wp\/v2\/comments?post=1138"}],"version-history":[{"count":4,"href":"https:\/\/www.ohrlund.se\/blogg\/wp-json\/wp\/v2\/posts\/1138\/revisions"}],"predecessor-version":[{"id":1142,"href":"https:\/\/www.ohrlund.se\/blogg\/wp-json\/wp\/v2\/posts\/1138\/revisions\/1142"}],"wp:attachment":[{"href":"https:\/\/www.ohrlund.se\/blogg\/wp-json\/wp\/v2\/media?parent=1138"}],"wp:term":[{"taxonomy":"category","embeddable":true,"href":"https:\/\/www.ohrlund.se\/blogg\/wp-json\/wp\/v2\/categories?post=1138"},{"taxonomy":"post_tag","embeddable":true,"href":"https:\/\/www.ohrlund.se\/blogg\/wp-json\/wp\/v2\/tags?post=1138"}],"curies":[{"name":"wp","href":"https:\/\/api.w.org\/{rel}","templated":true}]}}