{"id":1165,"date":"2012-04-03T22:44:15","date_gmt":"2012-04-03T20:44:15","guid":{"rendered":"http:\/\/www.ohrlund.se\/blogg\/?p=1165"},"modified":"2012-04-03T22:44:15","modified_gmt":"2012-04-03T20:44:15","slug":"med-nosen-i-asfalten-12-rasism-och-invandring","status":"publish","type":"post","link":"https:\/\/www.ohrlund.se\/blogg\/med-nosen-i-asfalten-12-rasism-och-invandring\/","title":{"rendered":"Med nosen i asfalten 12: Rasism och invandring"},"content":{"rendered":"<p><strong>Allts\u00e5, jag drar mig inte en tass<\/strong> f\u00f6r att ta upp k\u00e4nsliga \u00e4mnen, och eftersom jag i dag blev utsatt f\u00f6r ett rasistiskt hot vill jag g\u00e4rna diskutera det h\u00e4r med rasism och invandring.<\/p>\n<p><strong>N\u00e4r det g\u00e4ller invandringen, s\u00e5 \u00e4r jag f\u00f6r den!<\/strong> Jag vet att det kommer hit hundratals, kanske tusentals jyckar fr\u00e5n bland annat\u00a0Irland, Spanien och Rum\u00e4nien. De kommer fr\u00e5n usla hemf\u00f6rh\u00e5llanden, det finns massor av tv\u00e5benta h\u00e4r som l\u00e4ngtar efter att ta hand om dem och de hamnar s\u00e5 att s\u00e4ga r\u00e4tt fr\u00e5n b\u00f6rjan. H\u00e4r \u00e4r det inget snack om att sitta i flyktingbaracker i fem \u00e5r f\u00f6r att sedan antingen hamna i arbetsl\u00f6shet i ett miljonprogramhus, eller f\u00e5 ett utvisningsbeslut bankat i huvudet!<\/p>\n<p>D\u00e4remot har jag inte best\u00e4mt mig i fr\u00e5gan om huruvida invandrarhundar ska f\u00e5 adoptera svenska valpar. Inte heller om homosexuella hundar &#8211; oavsett k\u00f6n &#8211; ska f\u00e5 adoptera. Det \u00e4r en knivig fr\u00e5ga, inget man kan fatta l\u00e4ttsvansade beslut om.<\/p>\n<p><a href=\"https:\/\/www.ohrlund.se\/blogg\/wp-content\/uploads\/2012\/04\/IMG_0290.jpg\"><img loading=\"lazy\" decoding=\"async\" class=\"alignleft size-full wp-image-1166\" title=\"IMG_0290\" src=\"https:\/\/www.ohrlund.se\/blogg\/wp-content\/uploads\/2012\/04\/IMG_0290.jpg\" alt=\"\" width=\"579\" height=\"709\" srcset=\"https:\/\/www.ohrlund.se\/blogg\/wp-content\/uploads\/2012\/04\/IMG_0290.jpg 579w, https:\/\/www.ohrlund.se\/blogg\/wp-content\/uploads\/2012\/04\/IMG_0290-244x300.jpg 244w\" sizes=\"auto, (max-width: 579px) 100vw, 579px\" \/><\/a><\/p>\n<p><em>Jaja, jag <strong>vet<\/strong> att jag ser ut som hundarnas svar p\u00e5 Marit Paulsen, men fattar du hur kallt det var om \u00f6ronen i g\u00e5r kv\u00e4ll???<\/em><\/p>\n<p><strong><em>Det h\u00e4r med rasism<\/em><\/strong> \u00e4r ett helt annat ben. Senast i dag r\u00e5kade jag ut f\u00f6r en rasistattack, och nu var det svartingar igen (hann aldrig se om det var Labradorer eller n\u00e5got annat).<\/p>\n<p><strong>Husse och jag gick v\u00e5r vanliga parkrunda<\/strong> i n\u00e4rheten av v\u00e5rt kontor p\u00e5 \u00d6stermalm, G\u00e4rdet n\u00e4rmare best\u00e4mt. Pl\u00f6tsligt d\u00f6k de upp i fj\u00e4rran, tv\u00e5 stora svartingar som hoppade runt som galningar.<\/p>\n<p><strong>Jag blev direkt<\/strong> avvaktande. Man vet aldrig med s\u00e5na d\u00e4r, de kan vara bev\u00e4pnade eller vad som helst.<\/p>\n<p><strong>Och gissa vad som h\u00e4ngde<\/strong> i andra \u00e4nden av kopplet? En finnig tv\u00e5benare i ful keps och med en piercing i l\u00e4ppen! Han vr\u00e5lade hotfullt\u00a0\u00e5t husse:<\/p>\n<p><em><strong>&#8221;Hur fan vore det om du skulle ta med dig skiten och g\u00e5 \u00e5t andra h\u00e5llet s\u00e5 att vi kan sl\u00e4ppa de h\u00e4r?!&#8221;<\/strong><\/em><\/p>\n<p><strong>Husse blev skitf\u00f6rbannad<\/strong>, b\u00f6jde sig ner mot mig och delgav mig sin plan. Medan han tog hand om den piercade skiten i kepsen och hans ovanligt fula tv\u00e5bening till flickv\u00e4n, skulle jag hoppa upp och hugga svartingarna i strupen.<\/p>\n<p><em><strong>Take no prisoners, typ.<\/strong><\/em><\/p>\n<p><strong>Men &#8211; jag tvekade en aning<\/strong>. Jag var \u00f6vertygad om att jag skulle ordna biffen, men skulle husse klara sin del?<\/p>\n<p><strong>Mja&#8230;<\/strong><\/p>\n<p><strong>Jag drog<\/strong> \u00e5t andra h\u00e5llet som en galning och med detta r\u00e4ddade jag f\u00f6rmodligen husses liv.<\/p>\n<p><strong>Dock vill jag \u00e4n en g\u00e5ng<\/strong> p\u00e5peka att jag f\u00f6rd\u00f6mer dessa rasistattacker, som i nio fall av tio kommer fr\u00e5n stora svartingar, mot oss mindre vita!<\/p>\n<p>Fr\u00e5gor p\u00e5 det?<\/p>\n<p><a href=\"https:\/\/www.ohrlund.se\/blogg\/wp-content\/uploads\/2012\/04\/IMG_01061.jpg\"><img loading=\"lazy\" decoding=\"async\" class=\"alignleft size-full wp-image-1167\" title=\"IMG_0106\" src=\"https:\/\/www.ohrlund.se\/blogg\/wp-content\/uploads\/2012\/04\/IMG_01061.jpg\" alt=\"\" width=\"175\" height=\"450\" \/><\/a><\/p>\n<p>&nbsp;<\/p>\n<p>&nbsp;<\/p>\n<p>&nbsp;<\/p>\n<p>&nbsp;<\/p>\n<p>&nbsp;<\/p>\n<p>&nbsp;<\/p>\n<p>&nbsp;<\/p>\n<p>&nbsp;<\/p>\n<p>&nbsp;<\/p>\n<p>&nbsp;<\/p>\n<p>&nbsp;<\/p>\n<p>&nbsp;<\/p>\n<p><strong>High tass!<\/strong><\/p>\n<p><strong>\/Sigge<\/strong><\/p>\n<p>&nbsp;<\/p>\n<p>&nbsp;<\/p>\n<p>&nbsp;<\/p>\n<div id=\"wp_fb_like_button\" style=\"margin:5px 0;float:none;height:100px;\"><script src=\"http:\/\/connect.facebook.net\/en_US\/all.js#xfbml=1\"><\/script><fb:like href=\"https:\/\/www.ohrlund.se\/blogg\/med-nosen-i-asfalten-12-rasism-och-invandring\/\" send=\"true\" layout=\"standard\" width=\"450\" show_faces=\"true\" font=\"arial\" action=\"like\" colorscheme=\"light\"><\/fb:like><\/div>","protected":false},"excerpt":{"rendered":"<p>Allts\u00e5, jag drar mig inte en tass f\u00f6r att ta upp k\u00e4nsliga \u00e4mnen, och eftersom jag i dag blev utsatt f\u00f6r ett rasistiskt hot vill jag g\u00e4rna diskutera det h\u00e4r med rasism och invandring. N\u00e4r det g\u00e4ller invandringen, s\u00e5 \u00e4r &hellip; <a href=\"https:\/\/www.ohrlund.se\/blogg\/med-nosen-i-asfalten-12-rasism-och-invandring\/\">Forts\u00e4tt l\u00e4sa <span class=\"meta-nav\">&rarr;<\/span><\/a><\/p>\n","protected":false},"author":2,"featured_media":0,"comment_status":"open","ping_status":"open","sticky":false,"template":"","format":"standard","meta":{"_jetpack_memberships_contains_paid_content":false,"footnotes":""},"categories":[1],"tags":[],"class_list":["post-1165","post","type-post","status-publish","format-standard","hentry","category-okategoriserade"],"jetpack_featured_media_url":"","jetpack_sharing_enabled":true,"post_mailing_queue_ids":[],"_links":{"self":[{"href":"https:\/\/www.ohrlund.se\/blogg\/wp-json\/wp\/v2\/posts\/1165","targetHints":{"allow":["GET"]}}],"collection":[{"href":"https:\/\/www.ohrlund.se\/blogg\/wp-json\/wp\/v2\/posts"}],"about":[{"href":"https:\/\/www.ohrlund.se\/blogg\/wp-json\/wp\/v2\/types\/post"}],"author":[{"embeddable":true,"href":"https:\/\/www.ohrlund.se\/blogg\/wp-json\/wp\/v2\/users\/2"}],"replies":[{"embeddable":true,"href":"https:\/\/www.ohrlund.se\/blogg\/wp-json\/wp\/v2\/comments?post=1165"}],"version-history":[{"count":2,"href":"https:\/\/www.ohrlund.se\/blogg\/wp-json\/wp\/v2\/posts\/1165\/revisions"}],"predecessor-version":[{"id":1169,"href":"https:\/\/www.ohrlund.se\/blogg\/wp-json\/wp\/v2\/posts\/1165\/revisions\/1169"}],"wp:attachment":[{"href":"https:\/\/www.ohrlund.se\/blogg\/wp-json\/wp\/v2\/media?parent=1165"}],"wp:term":[{"taxonomy":"category","embeddable":true,"href":"https:\/\/www.ohrlund.se\/blogg\/wp-json\/wp\/v2\/categories?post=1165"},{"taxonomy":"post_tag","embeddable":true,"href":"https:\/\/www.ohrlund.se\/blogg\/wp-json\/wp\/v2\/tags?post=1165"}],"curies":[{"name":"wp","href":"https:\/\/api.w.org\/{rel}","templated":true}]}}