{"id":1195,"date":"2012-04-10T23:34:03","date_gmt":"2012-04-10T21:34:03","guid":{"rendered":"http:\/\/www.ohrlund.se\/blogg\/?p=1195"},"modified":"2012-04-10T23:34:03","modified_gmt":"2012-04-10T21:34:03","slug":"med-nosen-i-asfalten-14-brinnande-karlek-och-glodande-hat","status":"publish","type":"post","link":"https:\/\/www.ohrlund.se\/blogg\/med-nosen-i-asfalten-14-brinnande-karlek-och-glodande-hat\/","title":{"rendered":"Med nosen i asfalten 14: Brinnande k\u00e4rlek och gl\u00f6dande hat!"},"content":{"rendered":"<p><a href=\"https:\/\/www.ohrlund.se\/blogg\/wp-content\/uploads\/2012\/04\/P\u00e5sksigge-01.jpg\"><img loading=\"lazy\" decoding=\"async\" class=\"alignleft size-full wp-image-1201\" title=\"P\u00e5sksigge 01\" src=\"https:\/\/www.ohrlund.se\/blogg\/wp-content\/uploads\/2012\/04\/P\u00e5sksigge-01.jpg\" alt=\"\" width=\"430\" height=\"484\" srcset=\"https:\/\/www.ohrlund.se\/blogg\/wp-content\/uploads\/2012\/04\/P\u00e5sksigge-01.jpg 430w, https:\/\/www.ohrlund.se\/blogg\/wp-content\/uploads\/2012\/04\/P\u00e5sksigge-01-266x300.jpg 266w\" sizes=\"auto, (max-width: 430px) 100vw, 430px\" \/><\/a><\/p>\n<p>&nbsp;<\/p>\n<p>&nbsp;<\/p>\n<p>&nbsp;<\/p>\n<p>&nbsp;<\/p>\n<p>&nbsp;<\/p>\n<p>&nbsp;<\/p>\n<p>&nbsp;<\/p>\n<p>&nbsp;<\/p>\n<p>&nbsp;<\/p>\n<p>&nbsp;<\/p>\n<p>&nbsp;<\/p>\n<p>&nbsp;<\/p>\n<p><strong>Voff!<\/strong><\/p>\n<p><strong>Allts\u00e5, p\u00e5sken<\/strong> var ganska bra f\u00f6r mig, bortsett fr\u00e5n att tassarna blev bl\u00f6ta i skitv\u00e4dret. Husse och jag hade bara tid att ta ledigt just l\u00f6rdag och s\u00f6ndag, f\u00f6r vi har s\u00e5 ofattbart mycket att g\u00f6ra. Fattar ni hur mycket jobb det \u00e4r att kn\u00e5pa ihop Sveriges popul\u00e4raste hundblogg?<\/p>\n<p><a href=\"https:\/\/www.ohrlund.se\/blogg\/wp-content\/uploads\/2012\/04\/Attunda-2.jpg\"><img loading=\"lazy\" decoding=\"async\" class=\"alignleft size-full wp-image-1196\" title=\"Attunda 2\" src=\"https:\/\/www.ohrlund.se\/blogg\/wp-content\/uploads\/2012\/04\/Attunda-2.jpg\" alt=\"\" width=\"282\" height=\"178\" \/><\/a><br \/>\n<em><\/em><\/p>\n<p>&nbsp;<\/p>\n<p>&nbsp;<\/p>\n<p>&nbsp;<\/p>\n<p>&nbsp;<\/p>\n<p><em>Attundas f\u00f6rklaring &#8211; snygg, tycker jag!<\/em><\/p>\n<p><strong>I dag blev det fullt jobb igen<\/strong>. B\u00e5de Husse och jag \u00e5kte till <em>Attunda Brandf\u00f6rsvar<\/em> i Sollentuna f\u00f6r att st\u00e4lla lite fr\u00e5gor. Vi blev varmt v\u00e4lkomnade av brandm\u00e4nnen <em>Marcus Horn, Johan \u00d6stlund, Patrik Asp och Jeff Muller.<\/em> De och deras kompisar var j\u00e4ttetrevliga, Helt otippat tyckte alla mycket om mig och det blev en hel del kliande bakom mina \u00f6ron (<em>me like<\/em>).<\/p>\n<p><strong>De har fett l\u00e4ckra wheels<\/strong> p\u00e5 det d\u00e4r st\u00e4llet! Jag skulle inte ha n\u00e5got emot att \u00e5ka omkring i en s\u00e5dan h\u00e4r k\u00e4rra:<\/p>\n<p><a href=\"https:\/\/www.ohrlund.se\/blogg\/wp-content\/uploads\/2012\/04\/Attunda-1.jpg\"><img loading=\"lazy\" decoding=\"async\" class=\"alignleft size-full wp-image-1197\" title=\"Attunda 1\" src=\"https:\/\/www.ohrlund.se\/blogg\/wp-content\/uploads\/2012\/04\/Attunda-1.jpg\" alt=\"\" width=\"300\" height=\"168\" \/><\/a><\/p>\n<p>&nbsp;<\/p>\n<p>&nbsp;<\/p>\n<p>&nbsp;<\/p>\n<p>&nbsp;<\/p>\n<p><strong>Det \u00e4r ruskigt tunga grabbar<\/strong> som jobbar p\u00e5 Attunda! Medan vi andra lyxar oss och skriver dikter h\u00e5ller de p\u00e5 med allvarliga grejor, som s\u00e5nt h\u00e4r &#8230;<\/p>\n<p><a href=\"https:\/\/www.ohrlund.se\/blogg\/wp-content\/uploads\/2012\/04\/Attunda-4.jpg\"><img loading=\"lazy\" decoding=\"async\" class=\"alignleft size-full wp-image-1198\" title=\"Attunda 4\" src=\"https:\/\/www.ohrlund.se\/blogg\/wp-content\/uploads\/2012\/04\/Attunda-4.jpg\" alt=\"\" width=\"214\" height=\"121\" \/><\/a><\/p>\n<p>&nbsp;<\/p>\n<p>&nbsp;<\/p>\n<p>&nbsp;<\/p>\n<p>&#8230; och f\u00f6r det m\u00e5ste de f\u00f6rst\u00e5s ha riktiga grejor, s\u00e5 deras jackor \u00e4r ju lite tjockare \u00e4n min:<\/p>\n<p><a href=\"https:\/\/www.ohrlund.se\/blogg\/wp-content\/uploads\/2012\/04\/Attunda-3.jpg\"><img loading=\"lazy\" decoding=\"async\" class=\"alignleft size-full wp-image-1199\" title=\"Attunda 3\" src=\"https:\/\/www.ohrlund.se\/blogg\/wp-content\/uploads\/2012\/04\/Attunda-3.jpg\" alt=\"\" width=\"298\" height=\"169\" \/><\/a><\/p>\n<p>&nbsp;<\/p>\n<p>&nbsp;<\/p>\n<p>&nbsp;<\/p>\n<p>&nbsp;<\/p>\n<p><strong>Rej\u00e4la grejor<\/strong>, men det jag \u00e4r mest avis p\u00e5 \u00e4r deras helcoola pl\u00e5tm\u00f6ssor! Undrar just om det finns en s\u00e5n i min storlek &#8211; med h\u00e5l f\u00f6r \u00f6ronen &#8211; och om man skulle kunna bli f\u00f6rste brandhund, eller n\u00e5got?<\/p>\n<p><a href=\"https:\/\/www.ohrlund.se\/blogg\/wp-content\/uploads\/2012\/04\/Attunda-5.jpg\"><img loading=\"lazy\" decoding=\"async\" class=\"alignleft size-full wp-image-1200\" title=\"Attunda 5\" src=\"https:\/\/www.ohrlund.se\/blogg\/wp-content\/uploads\/2012\/04\/Attunda-5.jpg\" alt=\"\" width=\"160\" height=\"120\" \/><\/a><\/p>\n<p>&nbsp;<\/p>\n<p>&nbsp;<\/p>\n<p>&nbsp;<\/p>\n<p><strong>I alla fall<\/strong> &#8211; husse och jag var d\u00e4r f\u00f6r att fr\u00e5ga om helt olika saker., Husse skriver ju deckare om v\u00e5ldsamheter och s\u00e5. Jag har ocks\u00e5 skrivit min f\u00f6rsta deckare men funderar starkt p\u00e5 att g\u00e5 \u00f6ver till den mer romantiska genren, med starkt italienska inslag:<\/p>\n<p><em><strong>Amore!!<\/strong><\/em><\/p>\n<p><strong>Typ.<\/strong><\/p>\n<p><strong>D\u00e4rf\u00f6r var min fr\u00e5ga<\/strong> till grabbarna p\u00e5 Attunda hur man hanterar <em><strong>brinnande k\u00e4rlek<\/strong><\/em> och <em><strong>gl\u00f6dande hat?<\/strong><\/em> \u00c4r det grejor som sj\u00e4lvslocknar eller m\u00e5ste man sl\u00e4cka? Och med vad &#8211; k\u00e4nslor, f\u00f6rnuft, logik?<\/p>\n<p><strong>Jag fick en hel del bra tips<\/strong> av grabbarna med erfarenhet.<\/p>\n<p><strong>Efter bes\u00f6ket p\u00e5 Attunda<\/strong> (stort tack, grabbar!) \u00e5kte Husse och jag till skrivarlyan f\u00f6r att f\u00e5 ner v\u00e5ra nyvunna erfarenheter p\u00e5 papper. Husse \u00e4gnade sig \u00e5t sin ruskiga historia medan jag bara funderade \u00f6ver <em>Italien, k\u00e4rlek och ravioli<\/em>. Jag v\u00e4ssade klorna, l\u00e4t tassarna hamra ner lite id\u00e9er p\u00e5 tangentbordet och softade sedan i skrivarlyan, med den konstn\u00e4rlige f\u00f6rfattarens r\u00e4tt.<\/p>\n<p><strong>Det \u00e4r p\u00e5 g nu<\/strong>, jag k\u00e4nner det. En dag kommer du att vara stolt \u00f6ver att du var en av de f\u00f6rsta som k\u00e4nde mig.<\/p>\n<p>&nbsp;<\/p>\n<p><a href=\"https:\/\/www.ohrlund.se\/blogg\/wp-content\/uploads\/2012\/04\/IMG_01063.jpg\"><img loading=\"lazy\" decoding=\"async\" class=\"alignleft size-full wp-image-1207\" title=\"IMG_0106\" src=\"https:\/\/www.ohrlund.se\/blogg\/wp-content\/uploads\/2012\/04\/IMG_01063.jpg\" alt=\"\" width=\"329\" height=\"567\" srcset=\"https:\/\/www.ohrlund.se\/blogg\/wp-content\/uploads\/2012\/04\/IMG_01063.jpg 329w, https:\/\/www.ohrlund.se\/blogg\/wp-content\/uploads\/2012\/04\/IMG_01063-174x300.jpg 174w\" sizes=\"auto, (max-width: 329px) 100vw, 329px\" \/><\/a><\/p>\n<p><strong>High tass!<\/strong><\/p>\n<p><strong>\/Sigge.<\/strong><\/p>\n<p>&nbsp;<\/p>\n<p>&nbsp;<\/p>\n<p>&nbsp;<\/p>\n<p>&nbsp;<\/p>\n<p>&nbsp;<\/p>\n<p>&nbsp;<\/p>\n<p>&nbsp;<\/p>\n<p>&nbsp;<\/p>\n<p>&nbsp;<\/p>\n<div id=\"wp_fb_like_button\" style=\"margin:5px 0;float:none;height:100px;\"><script src=\"http:\/\/connect.facebook.net\/en_US\/all.js#xfbml=1\"><\/script><fb:like href=\"https:\/\/www.ohrlund.se\/blogg\/med-nosen-i-asfalten-14-brinnande-karlek-och-glodande-hat\/\" send=\"true\" layout=\"standard\" width=\"450\" show_faces=\"true\" font=\"arial\" action=\"like\" colorscheme=\"light\"><\/fb:like><\/div>","protected":false},"excerpt":{"rendered":"<p>&nbsp; &nbsp; &nbsp; &nbsp; &nbsp; &nbsp; &nbsp; &nbsp; &nbsp; &nbsp; &nbsp; &nbsp; Voff! Allts\u00e5, p\u00e5sken var ganska bra f\u00f6r mig, bortsett fr\u00e5n att tassarna blev bl\u00f6ta i skitv\u00e4dret. Husse och jag hade bara tid att ta ledigt just l\u00f6rdag och &hellip; <a href=\"https:\/\/www.ohrlund.se\/blogg\/med-nosen-i-asfalten-14-brinnande-karlek-och-glodande-hat\/\">Forts\u00e4tt l\u00e4sa <span class=\"meta-nav\">&rarr;<\/span><\/a><\/p>\n","protected":false},"author":2,"featured_media":0,"comment_status":"open","ping_status":"open","sticky":false,"template":"","format":"standard","meta":{"_jetpack_memberships_contains_paid_content":false,"footnotes":""},"categories":[1],"tags":[],"class_list":["post-1195","post","type-post","status-publish","format-standard","hentry","category-okategoriserade"],"jetpack_featured_media_url":"","jetpack_sharing_enabled":true,"post_mailing_queue_ids":[],"_links":{"self":[{"href":"https:\/\/www.ohrlund.se\/blogg\/wp-json\/wp\/v2\/posts\/1195","targetHints":{"allow":["GET"]}}],"collection":[{"href":"https:\/\/www.ohrlund.se\/blogg\/wp-json\/wp\/v2\/posts"}],"about":[{"href":"https:\/\/www.ohrlund.se\/blogg\/wp-json\/wp\/v2\/types\/post"}],"author":[{"embeddable":true,"href":"https:\/\/www.ohrlund.se\/blogg\/wp-json\/wp\/v2\/users\/2"}],"replies":[{"embeddable":true,"href":"https:\/\/www.ohrlund.se\/blogg\/wp-json\/wp\/v2\/comments?post=1195"}],"version-history":[{"count":12,"href":"https:\/\/www.ohrlund.se\/blogg\/wp-json\/wp\/v2\/posts\/1195\/revisions"}],"predecessor-version":[{"id":1214,"href":"https:\/\/www.ohrlund.se\/blogg\/wp-json\/wp\/v2\/posts\/1195\/revisions\/1214"}],"wp:attachment":[{"href":"https:\/\/www.ohrlund.se\/blogg\/wp-json\/wp\/v2\/media?parent=1195"}],"wp:term":[{"taxonomy":"category","embeddable":true,"href":"https:\/\/www.ohrlund.se\/blogg\/wp-json\/wp\/v2\/categories?post=1195"},{"taxonomy":"post_tag","embeddable":true,"href":"https:\/\/www.ohrlund.se\/blogg\/wp-json\/wp\/v2\/tags?post=1195"}],"curies":[{"name":"wp","href":"https:\/\/api.w.org\/{rel}","templated":true}]}}