{"id":1230,"date":"2012-04-20T23:24:32","date_gmt":"2012-04-20T21:24:32","guid":{"rendered":"http:\/\/www.ohrlund.se\/blogg\/?p=1230"},"modified":"2012-04-20T23:24:32","modified_gmt":"2012-04-20T21:24:32","slug":"gor-processen-kort-med-behring-breivik","status":"publish","type":"post","link":"https:\/\/www.ohrlund.se\/blogg\/gor-processen-kort-med-behring-breivik\/","title":{"rendered":"G\u00f6r processen kort med Behring Breivik!"},"content":{"rendered":"<p><strong>Jag sitter i en takv\u00e5ning i vackra Prag<\/strong>, med regnet smattrande mot pl\u00e5ttaket, och f\u00f6ljer ur ett utl\u00e4ndskt perspektiv delar av r\u00e4tteg\u00e5ngen mot en av de v\u00e4rsta galningarna i modern historia &#8211; <em>Anders Behring Breivik<\/em>.<\/p>\n<p><strong>M\u00e5nga \u00e4r de som<\/strong>, f\u00f6rst\u00e5eligt nog,\u00a0vill att det ska bli tyst f\u00f6r evigt\u00a0kring denne f\u00f6rvirrade slaktare. Att han inte ska f\u00e5 all den uppm\u00e4rksamhet han s\u00e5 g\u00e4rna vill ha, \u00e4n mindre utrymmet i historieb\u00f6ckerna.<\/p>\n<p><strong>Jag h\u00e5ller med,<\/strong> sorgset medveten om att det \u00e4nd\u00e5\u00a0inte kommer att bli s\u00e5.<\/p>\n<p><strong>R\u00e4tteg\u00e5ngen mot Breivik ber\u00e4knas kosta tv\u00e5 och en halv miljon norska kronor om dagen, totalt drygt hundra miljoner.<\/strong> Ponera att han antingen f\u00e5r tjugoett \u00e5rs f\u00e4ngelse eller tjugo \u00e5rs psykiatrisk v\u00e5rd, s\u00e5 kan du l\u00e4gga till tjugo miljoner p\u00e5 notan. Minst.<\/p>\n<p><strong>Varf\u00f6r?<\/strong><\/p>\n<p><strong>Processen skulle kunna g\u00f6ras kort<\/strong>. Mannen har erk\u00e4nt att han m\u00f6rdat 77 m\u00e4nniskor och skadat ett antal som n\u00e4mns i tiotal, vilket \u00e4r\u00a0fel. Breivik har \u00e4ven\u00a0skadat\u00a0tusentals anh\u00f6riga. Han har skadat miljoner norrm\u00e4n p\u00e5 ett annat s\u00e4tt.<\/p>\n<p><strong>Men det viktiga<\/strong>, rent juridiskt sett, \u00e4r att han erk\u00e4nt morden och mordf\u00f6rs\u00f6ken.<\/p>\n<p><strong>Jag st\u00e4ller mig lika of\u00f6rst\u00e5ende som utl\u00e4ndska media<\/strong> till att det norska r\u00e4ttssystemet offrar miljoner dagligen, p\u00e5 att l\u00e5ta en Lill-Hitler utveckla sina teorier om rasrensning och om hur han gjort b\u00e5de Norge och Europa en tj\u00e4nst. I r\u00e4ttssalen sitter ungdomar med hj\u00e4rnskador, amputerade ben och armar, som av m\u00e5nga anledningar\u00a0 beh\u00f6ver &#8211; och borde\u00a0tillerk\u00e4nnas &#8211; alla de miljoner Breivik nu kostar det norska\u00a0samh\u00e4llet, medan 800 journalister fr\u00e5n hela v\u00e4rlden ger honom \u00e4n mer uppm\u00e4rksamhet och fler garanterade platser i historieb\u00f6ckerna.<\/p>\n<p><strong>Enligt min v\u00e4n<\/strong> som bor i Norge \u00e4r allt detta en del i ett politiskt spel h\u00e5rt drivet av Socialdemokraterna med Stoltenberg i spetsen.<\/p>\n<p><strong>M\u00e5 s\u00e5 vara<\/strong>. Det finns m\u00f6jligen en krasst politisk och ekonomisk &#8211; men\u00a0\u00e4nd\u00e5 ingen rimlig eller human &#8211; anledning att dra ut p\u00e5 pl\u00e5gan f\u00f6r alla offren, som dessutom ska finansiera spektaklet med skattepengar.<\/p>\n<p><strong>I v\u00e5r del av v\u00e4rlden<\/strong> har d\u00f6dsstraffet avskaffats med motiveringen att vi har <em>utvecklats<\/em> och att vi till varje pris\u00a0ska <em>st\u00e5 \u00f6ver<\/em> den slags handlingar, oavsett hur barbarisk brottslingen \u00e4r. Att Breivik nu erk\u00e4nner att han misslyckats, att han i sj\u00e4lva verket skulle ha m\u00f6rdat<em> fler<\/em> \u00e4n 564 personer och dessutom skurit halsen av <em>Gro Harlem Brundtland<\/em> medan han filmade d\u00e5det, betyder ingenting.<\/p>\n<p><strong>Vi<\/strong> &#8211; samh\u00e4llet &#8211; ska fortfarande vara mer civiliserat \u00e4n Breivik. Vi ska st\u00e5 \u00f6ver den sortens handlingar. Breivik ska &#8211; oaktat vilken sm\u00e4rta och vilka skador han <em>med stolthet<\/em>\u00a0tillfogat s\u00e5 m\u00e5nga m\u00e4nniskor &#8211; f\u00e5 leva.<\/p>\n<p><strong>Fan tro\u00b4t.<\/strong><\/p>\n<p>Men ok, om det nu anses <em>civiliserat<\/em> att h\u00f6ra hans dravel\u00a0och v\u00e5rda honom till en kostnad av etthundratjugo miljoner &#8211; som beh\u00f6vs till annat &#8211; innan han sl\u00e4pps f\u00f6r att forts\u00e4tta m\u00f6rda, s\u00e5 l\u00e5t g\u00e5 f\u00f6r det.<\/p>\n<p><strong>Vi<\/strong> m\u00e4nniskor har ju <em>utvecklats<\/em>. Vi \u00e4r ju <em>civiliserade<\/em>. Vi st\u00e5r ju \u00f6ver s\u00e5nt d\u00e4r.<\/p>\n<p><strong>Vilket \u00e4r l\u00e4tt<\/strong> att g\u00f6ra om man <em>inte<\/em> har en dotter eller son som blev m\u00f6rdad eller leml\u00e4stad av Breivik den 22 juli f\u00f6rra \u00e5ret.<\/p>\n<p><strong>Det \u00e4r l\u00e4tt att vara stor i k\u00e4ften n\u00e4r man sitter p\u00e5 l\u00e4ktaren.<\/strong><\/p>\n<p><strong>Jag h\u00e4vdar<\/strong> dock fortfarande att processen ska h\u00e5llas kort. Galningen bakom det v\u00e4rsta massmordet i modern, skandinavisk historia, har erk\u00e4nt.<\/p>\n<p><strong>D\u00f6m Breivik i morgon<\/strong>, utan att lyssna vidare p\u00e5 rasrensningsdravlet som s\u00e5 m\u00e5nga k\u00f6rt f\u00f6re honom.<\/p>\n<p><strong>Att han skrivit ett 1 800 sidor l\u00e5ngt manifest<\/strong> g\u00f6r honom &#8211; i mina \u00f6gon &#8211; inte till n\u00e5gon att lyssna p\u00e5.<\/p>\n<p>&nbsp;<\/p>\n<div id=\"wp_fb_like_button\" style=\"margin:5px 0;float:none;height:100px;\"><script src=\"http:\/\/connect.facebook.net\/en_US\/all.js#xfbml=1\"><\/script><fb:like href=\"https:\/\/www.ohrlund.se\/blogg\/gor-processen-kort-med-behring-breivik\/\" send=\"true\" layout=\"standard\" width=\"450\" show_faces=\"true\" font=\"arial\" action=\"like\" colorscheme=\"light\"><\/fb:like><\/div>","protected":false},"excerpt":{"rendered":"<p>Jag sitter i en takv\u00e5ning i vackra Prag, med regnet smattrande mot pl\u00e5ttaket, och f\u00f6ljer ur ett utl\u00e4ndskt perspektiv delar av r\u00e4tteg\u00e5ngen mot en av de v\u00e4rsta galningarna i modern historia &#8211; Anders Behring Breivik. M\u00e5nga \u00e4r de som, f\u00f6rst\u00e5eligt &hellip; <a href=\"https:\/\/www.ohrlund.se\/blogg\/gor-processen-kort-med-behring-breivik\/\">Forts\u00e4tt l\u00e4sa <span class=\"meta-nav\">&rarr;<\/span><\/a><\/p>\n","protected":false},"author":2,"featured_media":0,"comment_status":"open","ping_status":"open","sticky":false,"template":"","format":"standard","meta":{"_jetpack_memberships_contains_paid_content":false,"footnotes":""},"categories":[1],"tags":[],"class_list":["post-1230","post","type-post","status-publish","format-standard","hentry","category-okategoriserade"],"jetpack_featured_media_url":"","jetpack_sharing_enabled":true,"post_mailing_queue_ids":[],"_links":{"self":[{"href":"https:\/\/www.ohrlund.se\/blogg\/wp-json\/wp\/v2\/posts\/1230","targetHints":{"allow":["GET"]}}],"collection":[{"href":"https:\/\/www.ohrlund.se\/blogg\/wp-json\/wp\/v2\/posts"}],"about":[{"href":"https:\/\/www.ohrlund.se\/blogg\/wp-json\/wp\/v2\/types\/post"}],"author":[{"embeddable":true,"href":"https:\/\/www.ohrlund.se\/blogg\/wp-json\/wp\/v2\/users\/2"}],"replies":[{"embeddable":true,"href":"https:\/\/www.ohrlund.se\/blogg\/wp-json\/wp\/v2\/comments?post=1230"}],"version-history":[{"count":2,"href":"https:\/\/www.ohrlund.se\/blogg\/wp-json\/wp\/v2\/posts\/1230\/revisions"}],"predecessor-version":[{"id":1232,"href":"https:\/\/www.ohrlund.se\/blogg\/wp-json\/wp\/v2\/posts\/1230\/revisions\/1232"}],"wp:attachment":[{"href":"https:\/\/www.ohrlund.se\/blogg\/wp-json\/wp\/v2\/media?parent=1230"}],"wp:term":[{"taxonomy":"category","embeddable":true,"href":"https:\/\/www.ohrlund.se\/blogg\/wp-json\/wp\/v2\/categories?post=1230"},{"taxonomy":"post_tag","embeddable":true,"href":"https:\/\/www.ohrlund.se\/blogg\/wp-json\/wp\/v2\/tags?post=1230"}],"curies":[{"name":"wp","href":"https:\/\/api.w.org\/{rel}","templated":true}]}}