{"id":1246,"date":"2012-04-25T00:58:45","date_gmt":"2012-04-24T22:58:45","guid":{"rendered":"http:\/\/www.ohrlund.se\/blogg\/?p=1246"},"modified":"2012-04-25T00:58:45","modified_gmt":"2012-04-24T22:58:45","slug":"sigvard-hund-17-konsstympning-ett-djavulens-pafund","status":"publish","type":"post","link":"https:\/\/www.ohrlund.se\/blogg\/sigvard-hund-17-konsstympning-ett-djavulens-pafund\/","title":{"rendered":"Sigvard Hund (17): K\u00f6nsstympning &#8211; ett Dj\u00e4vulens p\u00e5fund!"},"content":{"rendered":"<p><strong>Voff!<\/strong><\/p>\n<p><strong>P\u00e5 morgonpromenaden<\/strong> m\u00f6tte Husse och jag en stackars Beagle med tratt runt skallen. Utan att veta hans \u00f6de k\u00e4nde jag omedelbart sympati, stannade och inledde ett allvarligt samtal medan Husse och hans matte h\u00f6ll p\u00e5 med det vanliga tramset:<\/p>\n<p><em>&#8221;Men Guuuuud s\u00e5 gullig!&#8221;<\/em><\/p>\n<p><em>&#8221;Hur gammal \u00e4r han?&#8221;<\/em><\/p>\n<p><em>&#8221;Bajsar han som han ska?&#8221;<\/em> (btw &#8211; en fr\u00e5ga som tv\u00e5beningar skulle st\u00e4lla till varandra??)<\/p>\n<p>&#8230;och s\u00e5 vidare i all o\u00e4ndlighet.<\/p>\n<p><a href=\"https:\/\/www.ohrlund.se\/blogg\/wp-content\/uploads\/2012\/04\/Tratt.jpg\"><img loading=\"lazy\" decoding=\"async\" class=\"alignleft size-full wp-image-1247\" title=\"Tratt\" src=\"https:\/\/www.ohrlund.se\/blogg\/wp-content\/uploads\/2012\/04\/Tratt.jpg\" alt=\"\" width=\"204\" height=\"248\" \/><\/a><\/p>\n<p>&nbsp;<\/p>\n<p>&nbsp;<\/p>\n<p>&nbsp;<\/p>\n<p>&nbsp;<\/p>\n<p><em>Vovven p\u00e5 bilden har ingenting med vovven i blogginl\u00e4gget att g\u00f6ra. I hundv\u00e4rlden skyddar vi varandra!<\/em><\/p>\n<p>&nbsp;<\/p>\n<p><strong>Samtalet<\/strong> mellan mig och &#8211; tja, vi kan kalla honom Ben, eftersom jag skyddar hans anonymitet av f\u00f6rklarliga sk\u00e4l:<\/p>\n<p><em>&#8221;Tja\u00b4ba, varf\u00f6r har du en d\u00f6d spann runt huvudet?&#8221;<\/em><\/p>\n<p><em>&#8221;Dom skar bollarna av mig! Nu f\u00e5r jag inte slicka mig d\u00e4r p\u00e5 en vecka &#8230; &#8221;<\/em><\/p>\n<p><em>&#8221;Dom gjorde &#8211; VAD, sa du?&#8221;<\/em><\/p>\n<p><em>&#8221;Du h\u00f6rde.&#8221;<\/em><\/p>\n<p><em>&#8221;Jesus Maria. Men &#8211; varf\u00f6r?&#8221;<\/em><\/p>\n<p><em>&#8221;You tell me. N\u00e5gon j\u00e4vla id\u00e9 om att jag skulle lugna ner mig. Vi f\u00e5r v\u00e4l se, hehe &#8230; &#8221;<\/em><\/p>\n<p><strong>Samtidigt,<\/strong> konversationen mellan Husse och Bens matte:<\/p>\n<p><em>&#8221;Jahaja, s\u00e5 hur mycket fick ni betala f\u00f6r det d\u00e4r? Vi har funderat p\u00e5 att g\u00f6ra det med Sigge s\u00e5 sm\u00e5ningom och &#8230; &#8221;<\/em><\/p>\n<p><em>&#8221;Tv\u00e5tusentv\u00e5hundra. Jag fr\u00e5gade n\u00e4r det skulle g\u00f6ra verkan. De sa att det kunde dr\u00f6ja allt mellan en vecka och flera m\u00e5nader, herregud, jag hoppas verkligen att det blir snart &#8230; &#8221;<\/em><\/p>\n<p><strong>Och Ben och jag<\/strong> hoppas att du <em>die in hell, baby<\/em>. Och till Husse &#8211; <em>don\u00b4t even think about it<\/em> om du inte vill ha kiss p\u00e5 fina mattan varje dag i framtiden, hehe &#8230;<\/p>\n<p><strong>Allts\u00e5, <em>wake up!<\/em><\/strong> H\u00e4r sm\u00e5fiser ni tv\u00e5beningar framf\u00f6r teven och f\u00f6rfasar er \u00f6ver hur det utf\u00f6rs k\u00f6nsstympningar p\u00e5 sm\u00e5 barn i b\u00e5de egna och andra delar av v\u00e4rlden &#8211; judarna snuppar snoppar p\u00e5 sm\u00e5pojkar och i Afrika sk\u00e4r man i sm\u00e5flickors k\u00f6n\u00a0med trasiga\u00a0glasbitar (civiliserad v\u00e4rld &#8211; jo, voff, du!). Samtidigt betalar ni glatt en halv f\u00f6rm\u00f6genhet (fattar ni hur mycket hundgodis\u00a0man f\u00e5r f\u00f6r tv\u00e5tusentv\u00e5hundra m\u00e4nniskopengar???)\u00a0f\u00f6r att f\u00e5 k\u00f6nsstympa er b\u00e4ste\/b\u00e4sta v\u00e4n, den enda som ger hush\u00e5llet vardaglig gl\u00e4dje, oavsett regn, r\u00e4kningar och politik!<\/p>\n<p><strong>\u00c4nnu ett exempel<\/strong> p\u00e5 att ni kanske inte \u00e4r blivande nobelpristagare, allihopa?<\/p>\n<p><strong>F\u00f6r \u00f6vrigt:<\/strong> I kv\u00e4ll h\u00f6ll Husse f\u00f6redrag f\u00f6r n\u00e5gra hund(!)ra medlemmar av <em>Finansf\u00f6rbundet<\/em>. N\u00e4r han fr\u00e5gade dem visade det sig att m\u00e5nga av dem l\u00e4ser min blogg, men inte hans.<\/p>\n<p><strong>Hehe.<\/strong> High tass, bankfolk! <em>Keep up the good taste<\/em>!<\/p>\n<p><strong>Men &#8211; tro f\u00f6r den sakens skull<\/strong> inte att jag l\u00e5ter finansbranschen vara ifred. Som en fyrtassad Janne Josefsson \u00e5terkommer jag\u00a0med ett blogginl\u00e4gg om hur osmart det vore att l\u00e5ta en bank f\u00f6rvara sina pensionsben. B\u00e4va.<\/p>\n<p><strong>Till dess:<\/strong><\/p>\n<p><a href=\"https:\/\/www.ohrlund.se\/blogg\/wp-content\/uploads\/2012\/04\/IMG_01067.jpg\"><img loading=\"lazy\" decoding=\"async\" class=\"alignleft size-full wp-image-1249\" title=\"IMG_0106\" src=\"https:\/\/www.ohrlund.se\/blogg\/wp-content\/uploads\/2012\/04\/IMG_01067.jpg\" alt=\"\" width=\"329\" height=\"567\" srcset=\"https:\/\/www.ohrlund.se\/blogg\/wp-content\/uploads\/2012\/04\/IMG_01067.jpg 329w, https:\/\/www.ohrlund.se\/blogg\/wp-content\/uploads\/2012\/04\/IMG_01067-174x300.jpg 174w\" sizes=\"auto, (max-width: 329px) 100vw, 329px\" \/><\/a><\/p>\n<p>&nbsp;<\/p>\n<p>&nbsp;<\/p>\n<p>&nbsp;<\/p>\n<p>&nbsp;<\/p>\n<p>&nbsp;<\/p>\n<p>&nbsp;<\/p>\n<p>&nbsp;<\/p>\n<p>&nbsp;<\/p>\n<p>&nbsp;<\/p>\n<p>&nbsp;<\/p>\n<p>&nbsp;<\/p>\n<p>&nbsp;<\/p>\n<p>&nbsp;<\/p>\n<p><strong>High tass!<\/strong><\/p>\n<p><strong>\/Sigge<\/strong><\/p>\n<p>&nbsp;<\/p>\n<p>&nbsp;<\/p>\n<div id=\"wp_fb_like_button\" style=\"margin:5px 0;float:none;height:100px;\"><script src=\"http:\/\/connect.facebook.net\/en_US\/all.js#xfbml=1\"><\/script><fb:like href=\"https:\/\/www.ohrlund.se\/blogg\/sigvard-hund-17-konsstympning-ett-djavulens-pafund\/\" send=\"true\" layout=\"standard\" width=\"450\" show_faces=\"true\" font=\"arial\" action=\"like\" colorscheme=\"light\"><\/fb:like><\/div>","protected":false},"excerpt":{"rendered":"<p>Voff! P\u00e5 morgonpromenaden m\u00f6tte Husse och jag en stackars Beagle med tratt runt skallen. Utan att veta hans \u00f6de k\u00e4nde jag omedelbart sympati, stannade och inledde ett allvarligt samtal medan Husse och hans matte h\u00f6ll p\u00e5 med det vanliga tramset: &hellip; <a href=\"https:\/\/www.ohrlund.se\/blogg\/sigvard-hund-17-konsstympning-ett-djavulens-pafund\/\">Forts\u00e4tt l\u00e4sa <span class=\"meta-nav\">&rarr;<\/span><\/a><\/p>\n","protected":false},"author":2,"featured_media":0,"comment_status":"open","ping_status":"open","sticky":false,"template":"","format":"standard","meta":{"_jetpack_memberships_contains_paid_content":false,"footnotes":""},"categories":[1],"tags":[],"class_list":["post-1246","post","type-post","status-publish","format-standard","hentry","category-okategoriserade"],"jetpack_featured_media_url":"","jetpack_sharing_enabled":true,"post_mailing_queue_ids":[],"_links":{"self":[{"href":"https:\/\/www.ohrlund.se\/blogg\/wp-json\/wp\/v2\/posts\/1246","targetHints":{"allow":["GET"]}}],"collection":[{"href":"https:\/\/www.ohrlund.se\/blogg\/wp-json\/wp\/v2\/posts"}],"about":[{"href":"https:\/\/www.ohrlund.se\/blogg\/wp-json\/wp\/v2\/types\/post"}],"author":[{"embeddable":true,"href":"https:\/\/www.ohrlund.se\/blogg\/wp-json\/wp\/v2\/users\/2"}],"replies":[{"embeddable":true,"href":"https:\/\/www.ohrlund.se\/blogg\/wp-json\/wp\/v2\/comments?post=1246"}],"version-history":[{"count":9,"href":"https:\/\/www.ohrlund.se\/blogg\/wp-json\/wp\/v2\/posts\/1246\/revisions"}],"predecessor-version":[{"id":1258,"href":"https:\/\/www.ohrlund.se\/blogg\/wp-json\/wp\/v2\/posts\/1246\/revisions\/1258"}],"wp:attachment":[{"href":"https:\/\/www.ohrlund.se\/blogg\/wp-json\/wp\/v2\/media?parent=1246"}],"wp:term":[{"taxonomy":"category","embeddable":true,"href":"https:\/\/www.ohrlund.se\/blogg\/wp-json\/wp\/v2\/categories?post=1246"},{"taxonomy":"post_tag","embeddable":true,"href":"https:\/\/www.ohrlund.se\/blogg\/wp-json\/wp\/v2\/tags?post=1246"}],"curies":[{"name":"wp","href":"https:\/\/api.w.org\/{rel}","templated":true}]}}