{"id":1259,"date":"2012-04-25T23:46:01","date_gmt":"2012-04-25T21:46:01","guid":{"rendered":"http:\/\/www.ohrlund.se\/blogg\/?p=1259"},"modified":"2012-04-25T23:46:01","modified_gmt":"2012-04-25T21:46:01","slug":"sigvard-hund-18-bendragerier","status":"publish","type":"post","link":"https:\/\/www.ohrlund.se\/blogg\/sigvard-hund-18-bendragerier\/","title":{"rendered":"Sigvard Hund (18): Bendr\u00e4gerier"},"content":{"rendered":"<p><strong>Voff!<\/strong><\/p>\n<p><strong><a href=\"https:\/\/www.ohrlund.se\/blogg\/wp-content\/uploads\/2012\/04\/hundben_61162115.jpg\"><img loading=\"lazy\" decoding=\"async\" class=\"alignleft size-full wp-image-1261\" title=\"hundben_61162115\" src=\"https:\/\/www.ohrlund.se\/blogg\/wp-content\/uploads\/2012\/04\/hundben_61162115.jpg\" alt=\"\" width=\"150\" height=\"113\" \/><\/a><\/strong><\/p>\n<p>&nbsp;<\/p>\n<p>&nbsp;<\/p>\n<p>&nbsp;<\/p>\n<p><strong>Jaja. Jag h\u00f6r de oerh\u00f6rt<\/strong> intelligenta diskussionerna mellan Husse och andra hund\u00e4gare nere p\u00e5 f\u00e4ltet p\u00e5 morgnarna och kv\u00e4llarna:<\/p>\n<p><em>&#8221;\u00c4r de inte s\u00f6ta? Tur att de inte anar n\u00e5got om verkligheten.&#8221;<\/em><\/p>\n<p><em>&#8221;Hihi, undrar vad som d\u00f6ljer sig i den d\u00e4r lilla hundhj\u00e4rnan?&#8221;<\/em><\/p>\n<p><em>&#8221;Dom f\u00f6rst\u00e5r verkligen inte mycket, eller hur?&#8221;<\/em><\/p>\n<p><strong>Nej, eller hur, ditt feta monster?!<\/strong> Bara f\u00f6r att du har varit korkad nog att k\u00f6pa en <em>Grand Danois<\/em> som har blockerat ditt liv och f\u00f6rs\u00f6ker g\u00f6ra det till n\u00e5got b\u00e4ttre,\u00a0utan att du f\u00f6rst\u00e5r varf\u00f6r.<\/p>\n<p><a href=\"https:\/\/www.ohrlund.se\/blogg\/wp-content\/uploads\/2012\/04\/grand.jpg\"><img loading=\"lazy\" decoding=\"async\" class=\"alignleft size-full wp-image-1262\" title=\"grand\" src=\"https:\/\/www.ohrlund.se\/blogg\/wp-content\/uploads\/2012\/04\/grand.jpg\" alt=\"\" width=\"198\" height=\"131\" \/><\/a><\/p>\n<p>&nbsp;<\/p>\n<p>&nbsp;<\/p>\n<p>&nbsp;<\/p>\n<p><em>G\u00f6r mycket mer nytta \u00e4n tv\u00e5beningen f\u00f6rst\u00e5r!<\/em><\/p>\n<p><strong>Kom igen, tv\u00e5bening<\/strong>, vi tar en kort repetition, eller kalla det \u00f6versikt:<\/p>\n<p><strong>Ditt liv:<\/strong><\/p>\n<p><strong>Stiga upp 05.30<\/strong>, b\u00f6rja oroa dig f\u00f6r <em>allt <\/em>ifr\u00e5n \u00e4ktenskap till rostig bil och restskatter.\u00a0St\u00e5 vid bussh\u00e5llplatsen i sn\u00f6glopp 07.15, oroa dig f\u00f6r att bussen inte kommer. Byta till t\u00e5g 07.28, oroa dig f\u00f6r utropet om att t\u00e5get \u00e4r f\u00f6rsenat. Anl\u00e4nda till underbetalda jobbet 09.12, oroa dig f\u00f6r chefens kommentarer. Sitta p\u00e5 d\u00f6dstr\u00e5kigt m\u00f6te 09.22, orolig f\u00f6r att chefen ska s\u00e4ga att din avdelning \u00e4r nedlagd. Rusa ut p\u00e5 stresslunch 12.00 f\u00f6r att \u00e4ta d\u00e5ligt lagad, f\u00f6r dyr mat. Komma tillbaka 12.45 f\u00f6r att dricka stinkade kaffe som st\u00e5tt p\u00e5 i en timme. B\u00f6rja oroa dig f\u00f6r att inte hinna handla och h\u00e4mta p\u00e5 dagis efter jobbet &#8230;<\/p>\n<p><strong>Ska jag forts\u00e4tta<\/strong>, eller ber du om n\u00e5d redan nu?<\/p>\n<p><strong>Mitt liv:<\/strong><\/p>\n<p><strong>Vakna 06.30<\/strong>, springa ut och snabbkissa, in i v\u00e4rmen igen och somna om. Vakna vid niotiden, hitta matsk\u00e5len och vattensk\u00e5len full, \u00e4ta frukost, se att det sn\u00f6ar utomhus, vrida lite p\u00e5 filten i korgen,\u00a0somna om. Vakna 12.00, snabbkissa ute utan att s\u00e4tta tassarna i sn\u00f6n, k\u00e4ka lite, somna om i varma korgen. Vakna till vid 14.00, titta p\u00e5 ett intressant program p\u00e5 Disney eller Discovery,\u00a0\u00e4ta lite, slumra en stund och &#8230; beh\u00f6ver jag forts\u00e4tta ..?<\/p>\n<p><strong>Ur mitt l\u00e5ga,<\/strong> r\u00e4tt <em>basic<\/em> perspektiv h\u00f6r jag era h\u00f6ga och intelligenta diskussioner om hur smarta ni \u00e4r, ni tv\u00e5beningar. Tills det kommer till det d\u00e4r med pengar. Ni blir dagligen bl\u00e5sta av bankerna och s\u00e5 var det ju det d\u00e4r med pensionen och det oranga kuvertet. <em>B\u00f6rjar det bli k\u00e4nsligt nu, hehe ..?<\/em><\/p>\n<p><strong>Ni garvar \u00e5t att jag och mina v\u00e4nner<\/strong> gr\u00e4ver ner v\u00e5ra ben, men, som det gamla hundspr\u00e5ket s\u00e4ger &#8211; <em>ett nergr\u00e4vt ben \u00e4r ett s\u00e4kert ben<\/em>.<\/p>\n<p><strong>Ni gav era ben till staten<\/strong>, och kolla hur mycket som finns kvar!<\/p>\n<p><strong>Visst, visst,<\/strong> alla vi fyrtassingar kanske inte lever l\u00e4nge nog f\u00f6r att njuta av v\u00e5ra bergr\u00e4vda skatter. Men de <em>finns<\/em> d\u00e4r. F\u00f6r oss, eller kommande generationer. Hur \u00e4r det med era?<\/p>\n<p><strong>Husse h\u00f6ll<\/strong> f\u00f6redrag f\u00f6r Finansf\u00f6rbundets medlemmar h\u00e4romkv\u00e4llen. Dem har jag stort respekt f\u00f6r av det enkla sk\u00e4let att m\u00e5nga av dem har den goda smaken att l\u00e4sa min blogg. De \u00e5tnjuter ocks\u00e5 min sympati av ett annat sk\u00e4l:<\/p>\n<p><strong>Vi hundar beh\u00f6ver inget Finansf\u00f6rbund<\/strong>. Vi beh\u00f6ver inte f\u00f6rhandla\u00a0och vi betalar ingen r\u00e4nta.<\/p>\n<p><em><strong>Ett ben \u00e4r ett ben. Heder \u00e4r heder. Mitt \u00e4r mitt och ditt \u00e4r ditt.<\/strong><\/em><\/p>\n<p><strong>Det jag planterar<\/strong> i dag finns kvar. Till skillnad ifr\u00e5n i er v\u00e4rld. Och i hundv\u00e4rlden finns inga direkt\u00f6rer eller politiker som skor sig.<\/p>\n<p><strong>S\u00e5 hur var det nu?<\/strong><\/p>\n<p><em>&#8221;Undrar vad som h\u00e4nder i hans lilla hundhj\u00e4rna?&#8221;<\/em><\/p>\n<p><strong>Tjena.<\/strong> Undrar vad som h\u00e4nder i din\u00a0tv\u00e5benshj\u00e4rna.<\/p>\n<p><em>Think about it. :o)<\/em><\/p>\n<p><a href=\"https:\/\/www.ohrlund.se\/blogg\/wp-content\/uploads\/2012\/04\/IMG_01068.jpg\"><img loading=\"lazy\" decoding=\"async\" class=\"alignleft size-full wp-image-1260\" title=\"IMG_0106\" src=\"https:\/\/www.ohrlund.se\/blogg\/wp-content\/uploads\/2012\/04\/IMG_01068.jpg\" alt=\"\" width=\"329\" height=\"567\" srcset=\"https:\/\/www.ohrlund.se\/blogg\/wp-content\/uploads\/2012\/04\/IMG_01068.jpg 329w, https:\/\/www.ohrlund.se\/blogg\/wp-content\/uploads\/2012\/04\/IMG_01068-174x300.jpg 174w\" sizes=\"auto, (max-width: 329px) 100vw, 329px\" \/><\/a><\/p>\n<p>&nbsp;<\/p>\n<p>&nbsp;<\/p>\n<p>&nbsp;<\/p>\n<p>&nbsp;<\/p>\n<p>&nbsp;<\/p>\n<p>&nbsp;<\/p>\n<p>&nbsp;<\/p>\n<p>&nbsp;<\/p>\n<p>&nbsp;<\/p>\n<p>&nbsp;<\/p>\n<p>&nbsp;<\/p>\n<p>&nbsp;<\/p>\n<p><strong>High tass, h\u00f6rru! :o)<\/strong><\/p>\n<p><strong>\/Sigge<\/strong><\/p>\n<div id=\"wp_fb_like_button\" style=\"margin:5px 0;float:none;height:100px;\"><script src=\"http:\/\/connect.facebook.net\/en_US\/all.js#xfbml=1\"><\/script><fb:like href=\"https:\/\/www.ohrlund.se\/blogg\/sigvard-hund-18-bendragerier\/\" send=\"true\" layout=\"standard\" width=\"450\" show_faces=\"true\" font=\"arial\" action=\"like\" colorscheme=\"light\"><\/fb:like><\/div>","protected":false},"excerpt":{"rendered":"<p>Voff! &nbsp; &nbsp; &nbsp; Jaja. Jag h\u00f6r de oerh\u00f6rt intelligenta diskussionerna mellan Husse och andra hund\u00e4gare nere p\u00e5 f\u00e4ltet p\u00e5 morgnarna och kv\u00e4llarna: &#8221;\u00c4r de inte s\u00f6ta? Tur att de inte anar n\u00e5got om verkligheten.&#8221; &#8221;Hihi, undrar vad som d\u00f6ljer &hellip; <a href=\"https:\/\/www.ohrlund.se\/blogg\/sigvard-hund-18-bendragerier\/\">Forts\u00e4tt l\u00e4sa <span class=\"meta-nav\">&rarr;<\/span><\/a><\/p>\n","protected":false},"author":2,"featured_media":0,"comment_status":"open","ping_status":"open","sticky":false,"template":"","format":"standard","meta":{"_jetpack_memberships_contains_paid_content":false,"footnotes":""},"categories":[1],"tags":[],"class_list":["post-1259","post","type-post","status-publish","format-standard","hentry","category-okategoriserade"],"jetpack_featured_media_url":"","jetpack_sharing_enabled":true,"post_mailing_queue_ids":[],"_links":{"self":[{"href":"https:\/\/www.ohrlund.se\/blogg\/wp-json\/wp\/v2\/posts\/1259","targetHints":{"allow":["GET"]}}],"collection":[{"href":"https:\/\/www.ohrlund.se\/blogg\/wp-json\/wp\/v2\/posts"}],"about":[{"href":"https:\/\/www.ohrlund.se\/blogg\/wp-json\/wp\/v2\/types\/post"}],"author":[{"embeddable":true,"href":"https:\/\/www.ohrlund.se\/blogg\/wp-json\/wp\/v2\/users\/2"}],"replies":[{"embeddable":true,"href":"https:\/\/www.ohrlund.se\/blogg\/wp-json\/wp\/v2\/comments?post=1259"}],"version-history":[{"count":9,"href":"https:\/\/www.ohrlund.se\/blogg\/wp-json\/wp\/v2\/posts\/1259\/revisions"}],"predecessor-version":[{"id":1271,"href":"https:\/\/www.ohrlund.se\/blogg\/wp-json\/wp\/v2\/posts\/1259\/revisions\/1271"}],"wp:attachment":[{"href":"https:\/\/www.ohrlund.se\/blogg\/wp-json\/wp\/v2\/media?parent=1259"}],"wp:term":[{"taxonomy":"category","embeddable":true,"href":"https:\/\/www.ohrlund.se\/blogg\/wp-json\/wp\/v2\/categories?post=1259"},{"taxonomy":"post_tag","embeddable":true,"href":"https:\/\/www.ohrlund.se\/blogg\/wp-json\/wp\/v2\/tags?post=1259"}],"curies":[{"name":"wp","href":"https:\/\/api.w.org\/{rel}","templated":true}]}}