{"id":1284,"date":"2012-05-01T22:03:39","date_gmt":"2012-05-01T20:03:39","guid":{"rendered":"http:\/\/www.ohrlund.se\/blogg\/?p=1284"},"modified":"2012-05-01T22:03:39","modified_gmt":"2012-05-01T20:03:39","slug":"sigvard-hund-19-rymd-i-plagget","status":"publish","type":"post","link":"https:\/\/www.ohrlund.se\/blogg\/sigvard-hund-19-rymd-i-plagget\/","title":{"rendered":"Sigvard Hund (19): Rymd i plagget!"},"content":{"rendered":"<p><strong>Voff!<\/strong><\/p>\n<p>Nu ska vi prata <em><strong>v\u00e5rmode<\/strong><\/em>, mina v\u00e4nner! Jag uppt\u00e4cker till min f\u00f6rtvivlan att inte bara m\u00e5nga av mina fyrbenta v\u00e4nner utan i h\u00f6gsta grad ocks\u00e5 tv\u00e5beningarna har missf\u00f6rst\u00e5tt ordet mode totalt!<\/p>\n<p><strong>Under husses och mina<\/strong> morgonpromenader inser jag &#8211; alltmer deprimerad &#8211; att tv\u00e5beningarna tycks ha\u00a0uppfattat modet s\u00e5 h\u00e4r:<\/p>\n<p><strong>Gummist\u00f6vlar<\/strong>, mjukisbyxor, slappa urtv\u00e4ttade tr\u00f6jor under fula jackor, g\u00e4rna med Fj\u00e4llr\u00e4ven-m\u00e4rke p\u00e5.<\/p>\n<p><em><strong>Fj\u00e4llr\u00e4ven? Gimme a fuckin\u00b4 break!<\/strong><\/em> Det var ju sjuttiotal, Vietnam, br\u00e4nna bh:ar och s\u00e5d\u00e4r. Progg och Mikael Wiehe och &#8230; jotack, till och med mina tassar kan bl\u00e4ddra i en historiebok, eller sl\u00e5 ett Googlekommando.<\/p>\n<p><strong>V\u00e4lkommen<\/strong> till <em>s\u00e5\u00e5\u00e5\u00e5\u00e5 tv\u00e5tusentolv<\/em>, v\u00e4nner. En <em>eon<\/em> fr\u00e5n Fj\u00e4llr\u00e4ven, typ. Se h\u00e4r:<\/p>\n<p><a href=\"https:\/\/www.ohrlund.se\/blogg\/wp-content\/uploads\/2012\/05\/Siggemode-01.jpg\"><img loading=\"lazy\" decoding=\"async\" class=\"alignleft size-full wp-image-1285\" title=\"Siggemode 01\" src=\"https:\/\/www.ohrlund.se\/blogg\/wp-content\/uploads\/2012\/05\/Siggemode-01.jpg\" alt=\"\" width=\"945\" height=\"710\" srcset=\"https:\/\/www.ohrlund.se\/blogg\/wp-content\/uploads\/2012\/05\/Siggemode-01.jpg 945w, https:\/\/www.ohrlund.se\/blogg\/wp-content\/uploads\/2012\/05\/Siggemode-01-300x225.jpg 300w, https:\/\/www.ohrlund.se\/blogg\/wp-content\/uploads\/2012\/05\/Siggemode-01-399x300.jpg 399w\" sizes=\"auto, (max-width: 945px) 100vw, 945px\" \/><\/a><\/p>\n<p><em><strong>En naturlig sk\u00f6nhet accentueras av en dj\u00e4rv scarf<\/strong> <strong>med starkt varum\u00e4rke<\/strong><\/em>, i det h\u00e4r fallet od\u00f6dliga <em>Harley Davidson<\/em>. <em>Orange<\/em> \u00e4r v\u00e5rens och f\u00f6rsommarens f\u00e4rg, g\u00e5r vackert till n\u00e4stan vilken p\u00e4lsf\u00e4rg som helst.<\/p>\n<p><strong>Tv\u00e5beningarna tycks tro<\/strong> att de &#8211; oavsett utseende &#8211; kan f\u00f6rb\u00e4ttra sin image med tatueringar eller piercingar. Ack, vilken tragedi, s\u00e5dant sysslar inte vi hundar med. Om den store hundguden hade velat att vi skulle f\u00f6das med bilder p\u00e5 kroppen eller j\u00e4rnskrot i nosen, hade vi gjort det. Husse s\u00e4ger att det bara \u00e4r <em>sj\u00f6m\u00e4n och horor<\/em> som har tatueringar, och att de flesta tv\u00e5beningar vare sig \u00e4r horor eller har g\u00e5tt p\u00e5 sj\u00f6n. Detta leder naturligtvis till en viss f\u00f6rvirring. <em>Vaff\u00f6r g\u00f6r ni p\u00e5 detta viset?<\/em><\/p>\n<p><strong>Icke desto mindre<\/strong> &#8211; vidare i texten: N\u00e4r det g\u00e4ller sj\u00e4lva kl\u00e4dseln s\u00e4ger v\u00e5rmodet: <em>Rymd i plagget!<\/em><\/p>\n<p><strong>Se h\u00e4r<\/strong> hur jag stolt g\u00e5r p\u00e5 <em>dogwalken<\/em> i \u00e5rets modef\u00e4rg, och med <em>rymd i plagget<\/em>! Vitt \u00e4r v\u00e5r- och sommarfr\u00e4scht och &#8211; tidl\u00f6st. \u00c4r du dj\u00e4rv som jag kombinerar du denna tidl\u00f6shet med v\u00e5rens stora modef\u00e4rg &#8211; <em>orange:<\/em><\/p>\n<p><a href=\"https:\/\/www.ohrlund.se\/blogg\/wp-content\/uploads\/2012\/05\/Siggemode-02.jpg\"><img loading=\"lazy\" decoding=\"async\" class=\"alignleft size-full wp-image-1286\" title=\"Siggemode 02\" src=\"https:\/\/www.ohrlund.se\/blogg\/wp-content\/uploads\/2012\/05\/Siggemode-02.jpg\" alt=\"\" width=\"945\" height=\"857\" srcset=\"https:\/\/www.ohrlund.se\/blogg\/wp-content\/uploads\/2012\/05\/Siggemode-02.jpg 945w, https:\/\/www.ohrlund.se\/blogg\/wp-content\/uploads\/2012\/05\/Siggemode-02-300x272.jpg 300w, https:\/\/www.ohrlund.se\/blogg\/wp-content\/uploads\/2012\/05\/Siggemode-02-330x300.jpg 330w\" sizes=\"auto, (max-width: 945px) 100vw, 945px\" \/><\/a><\/p>\n<p><strong>Om du nu mot f\u00f6rmodan<\/strong> skulle l\u00e4sa n\u00e5got annat trams i modetidningarna, kan jag redan nu tr\u00f6sta dig med att det \u00e4r<em> fel, fel och \u00e5ter &#8211; fel<\/em>. Fr\u00e5ga en som har nosen i asfalten och tror du mig inte s\u00e5 fr\u00e5ga <em>Tazzo, Yves Saint Taissent<\/em> eller n\u00e5gon av de andra stora modeskaparna!<\/p>\n<p><a href=\"https:\/\/www.ohrlund.se\/blogg\/wp-content\/uploads\/2012\/05\/IMG_0106.jpg\"><img loading=\"lazy\" decoding=\"async\" class=\"alignleft size-full wp-image-1287\" title=\"IMG_0106\" src=\"https:\/\/www.ohrlund.se\/blogg\/wp-content\/uploads\/2012\/05\/IMG_0106.jpg\" alt=\"\" width=\"329\" height=\"567\" srcset=\"https:\/\/www.ohrlund.se\/blogg\/wp-content\/uploads\/2012\/05\/IMG_0106.jpg 329w, https:\/\/www.ohrlund.se\/blogg\/wp-content\/uploads\/2012\/05\/IMG_0106-174x300.jpg 174w\" sizes=\"auto, (max-width: 329px) 100vw, 329px\" \/><\/a><\/p>\n<p>&nbsp;<\/p>\n<p>&nbsp;<\/p>\n<p>&nbsp;<\/p>\n<p>&nbsp;<\/p>\n<p>&nbsp;<\/p>\n<p>&nbsp;<\/p>\n<p>&nbsp;<\/p>\n<p>&nbsp;<\/p>\n<p>&nbsp;<\/p>\n<p>&nbsp;<\/p>\n<p>&nbsp;<\/p>\n<p>&nbsp;<\/p>\n<p>&nbsp;<\/p>\n<p><em>High tass!<\/em><\/p>\n<p><em>\/Sigge<\/em><\/p>\n<p>&nbsp;<\/p>\n<p>&nbsp;<\/p>\n<p>&nbsp;<\/p>\n<div id=\"wp_fb_like_button\" style=\"margin:5px 0;float:none;height:100px;\"><script src=\"http:\/\/connect.facebook.net\/en_US\/all.js#xfbml=1\"><\/script><fb:like href=\"https:\/\/www.ohrlund.se\/blogg\/sigvard-hund-19-rymd-i-plagget\/\" send=\"true\" layout=\"standard\" width=\"450\" show_faces=\"true\" font=\"arial\" action=\"like\" colorscheme=\"light\"><\/fb:like><\/div>","protected":false},"excerpt":{"rendered":"<p>Voff! Nu ska vi prata v\u00e5rmode, mina v\u00e4nner! Jag uppt\u00e4cker till min f\u00f6rtvivlan att inte bara m\u00e5nga av mina fyrbenta v\u00e4nner utan i h\u00f6gsta grad ocks\u00e5 tv\u00e5beningarna har missf\u00f6rst\u00e5tt ordet mode totalt! Under husses och mina morgonpromenader inser jag &#8211; &hellip; <a href=\"https:\/\/www.ohrlund.se\/blogg\/sigvard-hund-19-rymd-i-plagget\/\">Forts\u00e4tt l\u00e4sa <span class=\"meta-nav\">&rarr;<\/span><\/a><\/p>\n","protected":false},"author":2,"featured_media":0,"comment_status":"open","ping_status":"open","sticky":false,"template":"","format":"standard","meta":{"_jetpack_memberships_contains_paid_content":false,"footnotes":""},"categories":[1],"tags":[],"class_list":["post-1284","post","type-post","status-publish","format-standard","hentry","category-okategoriserade"],"jetpack_featured_media_url":"","jetpack_sharing_enabled":true,"post_mailing_queue_ids":[],"_links":{"self":[{"href":"https:\/\/www.ohrlund.se\/blogg\/wp-json\/wp\/v2\/posts\/1284","targetHints":{"allow":["GET"]}}],"collection":[{"href":"https:\/\/www.ohrlund.se\/blogg\/wp-json\/wp\/v2\/posts"}],"about":[{"href":"https:\/\/www.ohrlund.se\/blogg\/wp-json\/wp\/v2\/types\/post"}],"author":[{"embeddable":true,"href":"https:\/\/www.ohrlund.se\/blogg\/wp-json\/wp\/v2\/users\/2"}],"replies":[{"embeddable":true,"href":"https:\/\/www.ohrlund.se\/blogg\/wp-json\/wp\/v2\/comments?post=1284"}],"version-history":[{"count":4,"href":"https:\/\/www.ohrlund.se\/blogg\/wp-json\/wp\/v2\/posts\/1284\/revisions"}],"predecessor-version":[{"id":1291,"href":"https:\/\/www.ohrlund.se\/blogg\/wp-json\/wp\/v2\/posts\/1284\/revisions\/1291"}],"wp:attachment":[{"href":"https:\/\/www.ohrlund.se\/blogg\/wp-json\/wp\/v2\/media?parent=1284"}],"wp:term":[{"taxonomy":"category","embeddable":true,"href":"https:\/\/www.ohrlund.se\/blogg\/wp-json\/wp\/v2\/categories?post=1284"},{"taxonomy":"post_tag","embeddable":true,"href":"https:\/\/www.ohrlund.se\/blogg\/wp-json\/wp\/v2\/tags?post=1284"}],"curies":[{"name":"wp","href":"https:\/\/api.w.org\/{rel}","templated":true}]}}