{"id":1292,"date":"2012-05-03T16:34:27","date_gmt":"2012-05-03T14:34:27","guid":{"rendered":"http:\/\/www.ohrlund.se\/blogg\/?p=1292"},"modified":"2012-05-03T16:34:27","modified_gmt":"2012-05-03T14:34:27","slug":"party-party","status":"publish","type":"post","link":"https:\/\/www.ohrlund.se\/blogg\/party-party\/","title":{"rendered":"Party, party &#8230;"},"content":{"rendered":"<p><strong>Just hemkommen<\/strong> fr\u00e5n<strong> Bra B\u00f6ckers releasefrukost<\/strong> f\u00f6r f\u00f6rlagskollegan <strong>\u00c5sa Hellbergs<\/strong> bok <em><strong>Sonjas sista vilja<\/strong><\/em>, tittar jag i kalendern och konstaterar \u00e5ter att maj verkligen \u00e4r b\u00f6ckernas tid, \u00e5tminstone f\u00f6r oss f\u00f6rfattare. Boksl\u00e4ppen \u00e4r m\u00e5nga, med allt vad det medf\u00f6r. Vi som har utgivningar p\u00e5 g\u00e5ng sliter med redigeringar och deltar i marknadsf\u00f6ringsm\u00f6ten. Det \u00e4r pr-arrangemang, releasefester, m\u00f6ten med bokhandlare och intervjuer i press, radio och tv. Kort sagt &#8211; skitkul!<\/p>\n<p><a href=\"https:\/\/www.ohrlund.se\/blogg\/wp-content\/uploads\/2012\/05\/Dag\u00c5saHellberg.jpg\"><img loading=\"lazy\" decoding=\"async\" class=\"alignleft size-full wp-image-1293\" title=\"Dag\u00c5saHellberg\" src=\"https:\/\/www.ohrlund.se\/blogg\/wp-content\/uploads\/2012\/05\/Dag\u00c5saHellberg.jpg\" alt=\"\" width=\"644\" height=\"484\" srcset=\"https:\/\/www.ohrlund.se\/blogg\/wp-content\/uploads\/2012\/05\/Dag\u00c5saHellberg.jpg 644w, https:\/\/www.ohrlund.se\/blogg\/wp-content\/uploads\/2012\/05\/Dag\u00c5saHellberg-300x225.jpg 300w, https:\/\/www.ohrlund.se\/blogg\/wp-content\/uploads\/2012\/05\/Dag\u00c5saHellberg-399x300.jpg 399w\" sizes=\"auto, (max-width: 644px) 100vw, 644px\" \/><\/a><\/p>\n<p><em>Kompisfoto \u00e4r viktigt! H\u00e4r \u00e4r jag och min nya f\u00f6rfattarkollega p\u00e5 Bra B\u00f6cker &#8211; \u00c5sa Hellberg. Jag k\u00e4nner p\u00e5 mig att hennes mycket humoristiska bok kommer att bli en riktig stors\u00e4ljare!<\/em><\/p>\n<p><strong>\u00c5sa intervjuades<\/strong> av Bra B\u00f6ckers <em><strong>Eva Ahlqvist<\/strong><\/em> och ber\u00e4ttade om sina tankar och id\u00e9er bakom boken &#8211; inte minst att kvinnor som \u00e4r &#8221;femtiplus&#8221; s\u00e4llan eller aldrig skildras i den svenska litteraturen.<\/p>\n<p><a href=\"https:\/\/www.ohrlund.se\/blogg\/wp-content\/uploads\/2012\/05\/\u00c5sa-Hellberg.jpg\"><img loading=\"lazy\" decoding=\"async\" class=\"alignleft size-full wp-image-1296\" title=\"\u00c5sa Hellberg\" src=\"https:\/\/www.ohrlund.se\/blogg\/wp-content\/uploads\/2012\/05\/\u00c5sa-Hellberg.jpg\" alt=\"\" width=\"644\" height=\"484\" srcset=\"https:\/\/www.ohrlund.se\/blogg\/wp-content\/uploads\/2012\/05\/\u00c5sa-Hellberg.jpg 644w, https:\/\/www.ohrlund.se\/blogg\/wp-content\/uploads\/2012\/05\/\u00c5sa-Hellberg-300x225.jpg 300w, https:\/\/www.ohrlund.se\/blogg\/wp-content\/uploads\/2012\/05\/\u00c5sa-Hellberg-399x300.jpg 399w\" sizes=\"auto, (max-width: 644px) 100vw, 644px\" \/><\/a><\/p>\n<p><strong>\u00c5sa och jag<\/strong> kommer att tr\u00e4ffas en hel del under den n\u00e4rmaste tiden, i samband med olika pr- och f\u00f6rs\u00e4ljningsaktiviteter. Det \u00e4r ju inte m\u00e5nga dagar kvar tills min egen sp\u00e4nningsroman <em><strong>Till minne av Charlie K<\/strong><\/em> sl\u00e4pps med dunder och brak, vid ett releaseparty i Tyl\u00f6sand.<\/p>\n<p><a href=\"https:\/\/www.ohrlund.se\/blogg\/wp-content\/uploads\/2012\/05\/OMSLAG-Charlie-K-framsida.jpg\"><img loading=\"lazy\" decoding=\"async\" class=\"alignleft size-full wp-image-1294\" title=\"OMSLAG Charlie K framsida\" src=\"https:\/\/www.ohrlund.se\/blogg\/wp-content\/uploads\/2012\/05\/OMSLAG-Charlie-K-framsida.jpg\" alt=\"\" width=\"478\" height=\"660\" srcset=\"https:\/\/www.ohrlund.se\/blogg\/wp-content\/uploads\/2012\/05\/OMSLAG-Charlie-K-framsida.jpg 478w, https:\/\/www.ohrlund.se\/blogg\/wp-content\/uploads\/2012\/05\/OMSLAG-Charlie-K-framsida-217x300.jpg 217w\" sizes=\"auto, (max-width: 478px) 100vw, 478px\" \/><\/a><\/p>\n<p>&nbsp;<\/p>\n<p>&nbsp;<\/p>\n<p>&nbsp;<\/p>\n<p>&nbsp;<\/p>\n<p>&nbsp;<\/p>\n<p>&nbsp;<\/p>\n<p>&nbsp;<\/p>\n<p>&nbsp;<\/p>\n<p>&nbsp;<\/p>\n<p>&nbsp;<\/p>\n<p>&nbsp;<\/p>\n<p>&nbsp;<\/p>\n<p>&nbsp;<\/p>\n<p>&nbsp;<\/p>\n<p>&nbsp;<\/p>\n<p><em>Till minne av Charlie K finns i bokhandeln den 17 maj.<\/em><\/p>\n<p><strong>Till releasefrukosten<\/strong> kom ocks\u00e5 f\u00f6rfattarna och bokf\u00f6rl\u00e4ggarna <strong>Lars Rambe<\/strong> och <strong>S\u00f6lve Dahlgren<\/strong>, som omedelbart placerade min f\u00f6rlagskollega <strong>Sandra Gustafsson<\/strong> mellan sig n\u00e4r det skulle fotograferas:<\/p>\n<p><a href=\"https:\/\/www.ohrlund.se\/blogg\/wp-content\/uploads\/2012\/05\/Rambe-S\u00f6lve.jpg\"><img loading=\"lazy\" decoding=\"async\" class=\"alignleft size-full wp-image-1295\" title=\"Rambe S\u00f6lve\" src=\"https:\/\/www.ohrlund.se\/blogg\/wp-content\/uploads\/2012\/05\/Rambe-S\u00f6lve.jpg\" alt=\"\" width=\"644\" height=\"484\" srcset=\"https:\/\/www.ohrlund.se\/blogg\/wp-content\/uploads\/2012\/05\/Rambe-S\u00f6lve.jpg 644w, https:\/\/www.ohrlund.se\/blogg\/wp-content\/uploads\/2012\/05\/Rambe-S\u00f6lve-300x225.jpg 300w, https:\/\/www.ohrlund.se\/blogg\/wp-content\/uploads\/2012\/05\/Rambe-S\u00f6lve-399x300.jpg 399w\" sizes=\"auto, (max-width: 644px) 100vw, 644px\" \/><\/a><\/p>\n<p><strong>Och fotograferas g\u00f6rs det<\/strong> p\u00e5 de h\u00e4r tillst\u00e4llningarna! Ibland k\u00e4nns det som ett \u00e4kta <em>H\u00e4nt i Veckan<\/em>-party n\u00e4r alla f\u00f6rfattare vill pl\u00e5ta varandra. Tyv\u00e4rr blev mitt snapshot av dem inte av b\u00e4sta kvalitet, men du f\u00f6rst\u00e5r kanske k\u00e4nslan:<\/p>\n<p><a href=\"https:\/\/www.ohrlund.se\/blogg\/wp-content\/uploads\/2012\/05\/IMG_0469.jpg\"><img loading=\"lazy\" decoding=\"async\" class=\"alignleft size-large wp-image-1297\" title=\"IMG_0469\" src=\"https:\/\/www.ohrlund.se\/blogg\/wp-content\/uploads\/2012\/05\/IMG_0469-1024x768.jpg\" alt=\"\" width=\"584\" height=\"438\" srcset=\"https:\/\/www.ohrlund.se\/blogg\/wp-content\/uploads\/2012\/05\/IMG_0469-1024x768.jpg 1024w, https:\/\/www.ohrlund.se\/blogg\/wp-content\/uploads\/2012\/05\/IMG_0469-300x225.jpg 300w, https:\/\/www.ohrlund.se\/blogg\/wp-content\/uploads\/2012\/05\/IMG_0469-400x300.jpg 400w\" sizes=\"auto, (max-width: 584px) 100vw, 584px\" \/><\/a><\/p>\n<p><strong>Om n\u00e5gra timmar<\/strong> \u00e4r det dags f\u00f6r n\u00e4sta releaseparty &#8211; f\u00f6rlaget <strong>Massolit<\/strong> firar sl\u00e4ppet av kollegan <em><strong>Varg Gyllanders<\/strong><\/em> fj\u00e4rde kriminalroman.<\/p>\n<p><strong>Sk\u00e5l f\u00f6r det!<\/strong><\/p>\n<p>&nbsp;<\/p>\n<p>&nbsp;<\/p>\n<p>&nbsp;<\/p>\n<div id=\"wp_fb_like_button\" style=\"margin:5px 0;float:none;height:100px;\"><script src=\"http:\/\/connect.facebook.net\/en_US\/all.js#xfbml=1\"><\/script><fb:like href=\"https:\/\/www.ohrlund.se\/blogg\/party-party\/\" send=\"true\" layout=\"standard\" width=\"450\" show_faces=\"true\" font=\"arial\" action=\"like\" colorscheme=\"light\"><\/fb:like><\/div>","protected":false},"excerpt":{"rendered":"<p>Just hemkommen fr\u00e5n Bra B\u00f6ckers releasefrukost f\u00f6r f\u00f6rlagskollegan \u00c5sa Hellbergs bok Sonjas sista vilja, tittar jag i kalendern och konstaterar \u00e5ter att maj verkligen \u00e4r b\u00f6ckernas tid, \u00e5tminstone f\u00f6r oss f\u00f6rfattare. Boksl\u00e4ppen \u00e4r m\u00e5nga, med allt vad det medf\u00f6r. Vi &hellip; <a href=\"https:\/\/www.ohrlund.se\/blogg\/party-party\/\">Forts\u00e4tt l\u00e4sa <span class=\"meta-nav\">&rarr;<\/span><\/a><\/p>\n","protected":false},"author":2,"featured_media":0,"comment_status":"open","ping_status":"open","sticky":false,"template":"","format":"standard","meta":{"_jetpack_memberships_contains_paid_content":false,"footnotes":""},"categories":[1],"tags":[],"class_list":["post-1292","post","type-post","status-publish","format-standard","hentry","category-okategoriserade"],"jetpack_featured_media_url":"","jetpack_sharing_enabled":true,"post_mailing_queue_ids":[],"_links":{"self":[{"href":"https:\/\/www.ohrlund.se\/blogg\/wp-json\/wp\/v2\/posts\/1292","targetHints":{"allow":["GET"]}}],"collection":[{"href":"https:\/\/www.ohrlund.se\/blogg\/wp-json\/wp\/v2\/posts"}],"about":[{"href":"https:\/\/www.ohrlund.se\/blogg\/wp-json\/wp\/v2\/types\/post"}],"author":[{"embeddable":true,"href":"https:\/\/www.ohrlund.se\/blogg\/wp-json\/wp\/v2\/users\/2"}],"replies":[{"embeddable":true,"href":"https:\/\/www.ohrlund.se\/blogg\/wp-json\/wp\/v2\/comments?post=1292"}],"version-history":[{"count":3,"href":"https:\/\/www.ohrlund.se\/blogg\/wp-json\/wp\/v2\/posts\/1292\/revisions"}],"predecessor-version":[{"id":1300,"href":"https:\/\/www.ohrlund.se\/blogg\/wp-json\/wp\/v2\/posts\/1292\/revisions\/1300"}],"wp:attachment":[{"href":"https:\/\/www.ohrlund.se\/blogg\/wp-json\/wp\/v2\/media?parent=1292"}],"wp:term":[{"taxonomy":"category","embeddable":true,"href":"https:\/\/www.ohrlund.se\/blogg\/wp-json\/wp\/v2\/categories?post=1292"},{"taxonomy":"post_tag","embeddable":true,"href":"https:\/\/www.ohrlund.se\/blogg\/wp-json\/wp\/v2\/tags?post=1292"}],"curies":[{"name":"wp","href":"https:\/\/api.w.org\/{rel}","templated":true}]}}