{"id":1311,"date":"2012-05-20T12:26:50","date_gmt":"2012-05-20T10:26:50","guid":{"rendered":"http:\/\/www.ohrlund.se\/blogg\/?p=1311"},"modified":"2012-05-20T12:26:50","modified_gmt":"2012-05-20T10:26:50","slug":"sigvard-hund-20-allergisk-mot-dumhet-och-antligen-kollo","status":"publish","type":"post","link":"https:\/\/www.ohrlund.se\/blogg\/sigvard-hund-20-allergisk-mot-dumhet-och-antligen-kollo\/","title":{"rendered":"Sigvard Hund (20): Allergisk mot dumhet och &#8211; \u00e4ntligen kollo!"},"content":{"rendered":"<p><strong>Voff!<\/strong><\/p>\n<p><strong>Det har h\u00e4nt en hel del<\/strong> p\u00e5 den senaste tiden, mina v\u00e4nner. D\u00e4rf\u00f6r har jag inte haft tid att blogga. Men f\u00f6r tillf\u00e4llet har saker och ting lugnat ner sig lite, s\u00e5 jag tar tillf\u00e4llet i akt.<\/p>\n<p><strong>F\u00f6r n\u00e5gra veckor sedan<\/strong> skulle det g\u00f6ras ett stort tidningsreportage om husse, inf\u00f6r hans kommande boksl\u00e4pp. Man engagerade den duktige fotografen <em>Knut Koivisto<\/em> och eftersom jag skulle vara en viktig del av bilderna anstr\u00e4ngde sig Knut till det yttersta. Men jag hade lite andra id\u00e9er om hur det hela skulle sk\u00f6tas, s\u00e5 det slutade s\u00e5 h\u00e4r:<\/p>\n<p><a href=\"https:\/\/www.ohrlund.se\/blogg\/wp-content\/uploads\/2012\/05\/IMG_0387.jpg\"><img loading=\"lazy\" decoding=\"async\" class=\"alignleft size-large wp-image-1312\" title=\"IMG_0387\" src=\"https:\/\/www.ohrlund.se\/blogg\/wp-content\/uploads\/2012\/05\/IMG_0387-1024x768.jpg\" alt=\"\" width=\"584\" height=\"438\" srcset=\"https:\/\/www.ohrlund.se\/blogg\/wp-content\/uploads\/2012\/05\/IMG_0387-1024x768.jpg 1024w, https:\/\/www.ohrlund.se\/blogg\/wp-content\/uploads\/2012\/05\/IMG_0387-300x225.jpg 300w, https:\/\/www.ohrlund.se\/blogg\/wp-content\/uploads\/2012\/05\/IMG_0387-400x300.jpg 400w\" sizes=\"auto, (max-width: 584px) 100vw, 584px\" \/><\/a><\/p>\n<p><em>Knut fick l\u00e4ra sig att det inte \u00e4r n\u00e5gon lek att ta portr\u00e4tt p\u00e5 mig!<\/em><\/p>\n<p><strong>Efter det<\/strong> hade husse och matte viktiga m\u00f6ten p\u00e5 husses favvokaf\u00e9 i Stockholm. Matte fick klokt nog en id\u00e9 om att jag borde prova <em>Caffe Latte<\/em> och se &#8211; det var inte alls illa, jag tror att det f\u00e5r bli min grej i forts\u00e4ttningen.<\/p>\n<p><a href=\"https:\/\/www.ohrlund.se\/blogg\/wp-content\/uploads\/2012\/05\/IMG_0475.jpg\"><img loading=\"lazy\" decoding=\"async\" class=\"alignleft size-large wp-image-1313\" title=\"IMG_0475\" src=\"https:\/\/www.ohrlund.se\/blogg\/wp-content\/uploads\/2012\/05\/IMG_0475-768x1024.jpg\" alt=\"\" width=\"584\" height=\"778\" srcset=\"https:\/\/www.ohrlund.se\/blogg\/wp-content\/uploads\/2012\/05\/IMG_0475-768x1024.jpg 768w, https:\/\/www.ohrlund.se\/blogg\/wp-content\/uploads\/2012\/05\/IMG_0475-225x300.jpg 225w\" sizes=\"auto, (max-width: 584px) 100vw, 584px\" \/><\/a><\/p>\n<p><strong>Efter Latten<\/strong> tog vi en promenad i Vasaparken. Jag sk\u00e4llde ut n\u00e5gra och jagade en kanin en stund, mest f\u00f6r att markera.<\/p>\n<p><strong>En dag senare<\/strong> skulle lillmatte fira en av sina kamrater f\u00f6r att hon fyllde \u00e5r. Husse bakade smarrig pepparkaka till dem och naturligtvis fick jag en egen:<\/p>\n<p><a href=\"https:\/\/www.ohrlund.se\/blogg\/wp-content\/uploads\/2012\/05\/IMG_0485.jpg\"><img loading=\"lazy\" decoding=\"async\" class=\"alignleft size-large wp-image-1315\" title=\"IMG_0485\" src=\"https:\/\/www.ohrlund.se\/blogg\/wp-content\/uploads\/2012\/05\/IMG_0485-1024x768.jpg\" alt=\"\" width=\"584\" height=\"438\" srcset=\"https:\/\/www.ohrlund.se\/blogg\/wp-content\/uploads\/2012\/05\/IMG_0485-1024x768.jpg 1024w, https:\/\/www.ohrlund.se\/blogg\/wp-content\/uploads\/2012\/05\/IMG_0485-300x225.jpg 300w, https:\/\/www.ohrlund.se\/blogg\/wp-content\/uploads\/2012\/05\/IMG_0485-400x300.jpg 400w\" sizes=\"auto, (max-width: 584px) 100vw, 584px\" \/><\/a><\/p>\n<p><em>Mums!<\/em><\/p>\n<p><strong>Sedan<\/strong> var det dags att\u00a0packa resv\u00e4skan. Vi \u00e5kte till Malm\u00f6 och tog in p\u00e5 hotell &#8211; en ny grej f\u00f6r mig och jag kan inte s\u00e4ga att jag \u00e4r speciellt imponerad. Husse fick betala extra hundavgift f\u00f6r att vi skulle f\u00e5 ett icke-renoverat rum med gamla klosp\u00e5r i parketten &#8211; tragiskt. N\u00e4r husse fr\u00e5gade om jag fick f\u00f6lja med till frukostmatsalen blev svaret:<\/p>\n<p>&#8221;Nej, det g\u00e5r tyv\u00e4rr inte p\u00e5 grund av allergier.&#8221;<\/p>\n<p><strong>Husse f\u00f6rs\u00f6kte<\/strong> t\u00e5lmodigt f\u00f6rklara att man inte kan vara allergisk mot mig, men det hj\u00e4lpte inte. N\u00e4r vi gick d\u00e4rifr\u00e5n muttrade husse som vanligt.<\/p>\n<p><em>&#8221;N\u00e4h\u00e4, och jag som \u00e4r allergisk mot <strong>dumhet<\/strong>, hur fan ska jag b\u00e4ra mig \u00e5t, d\u00e5? Jag kan ju snart inte g\u00e5 in n\u00e5gonstans!&#8221;<\/em><\/p>\n<p><strong>Sedan skulle<\/strong> husse och matte p\u00e5 begraving. Begravningar \u00e4r inte riktigt min grej (jag gillar mer att gr\u00e4va upp grejor) s\u00e5 jag avstod. Men jag fick se en kul bild som husse tagit p\u00e5 kyrkog\u00e5rden. N\u00e5gon hade lagt en j\u00e4ttestor stenbumling p\u00e5 en grav. Husse fr\u00e5gade begravningsentrepren\u00f6ren hur det hade g\u00e5tt till. Han s\u00e5g lite generad ut och ber\u00e4ttade sedan att sv\u00e4rdottern till den d\u00f6da hade sagt:<\/p>\n<p><a href=\"https:\/\/www.ohrlund.se\/blogg\/wp-content\/uploads\/2012\/05\/Gravsten.jpg\"><img loading=\"lazy\" decoding=\"async\" class=\"alignleft size-full wp-image-1316\" title=\"Gravsten\" src=\"https:\/\/www.ohrlund.se\/blogg\/wp-content\/uploads\/2012\/05\/Gravsten.jpg\" alt=\"\" width=\"425\" height=\"567\" srcset=\"https:\/\/www.ohrlund.se\/blogg\/wp-content\/uploads\/2012\/05\/Gravsten.jpg 425w, https:\/\/www.ohrlund.se\/blogg\/wp-content\/uploads\/2012\/05\/Gravsten-224x300.jpg 224w\" sizes=\"auto, (max-width: 425px) 100vw, 425px\" \/><\/a><\/p>\n<p>&#8221;<em>Vi vill ha den d\u00e4r j\u00e4ttestenen d\u00e4r s\u00e5 att vi \u00e4r s\u00e4kra p\u00e5 att k\u00e4rringen aldrig reser sig igen!&#8221;<\/em><\/p>\n<p>&nbsp;<\/p>\n<p>&nbsp;<\/p>\n<p>&nbsp;<\/p>\n<p>&nbsp;<\/p>\n<p>&nbsp;<\/p>\n<p>&nbsp;<\/p>\n<p>&nbsp;<\/p>\n<p>&nbsp;<\/p>\n<p>&nbsp;<\/p>\n<p><strong>H\u00e4pp!<\/strong> Tv\u00e5beningar \u00e4r inte riktigt kloka.<\/p>\n<p><strong>Medan husse fl\u00e4ngde<\/strong> runt p\u00e5 allt m\u00f6jligt \u00e5kte jag p\u00e5 kollo hos<em> Li<\/em>, v\u00e4rldens h\u00e4rligaste tjej! F\u00f6rst praoade jag p\u00e5 hennes jobb ett tag, och det ska jag ber\u00e4tta mer om sedan. Sedan \u00e5kte vi till hennes l\u00e4genhet i fashionabla Ljunghusen och jag kunde b\u00f6rja njuta av havsutsikten.<\/p>\n<p><strong>Li s\u00e5g till<\/strong> att jag fick v\u00e4lbeh\u00f6vlig vila p\u00e5 hennes divan medan hon lagade mat till mig. F\u00f6rsta dagen blev det k\u00f6ttbullar, sedan blev det bara b\u00e4ttre. Leverpastejmackor till frukost, ryggbiff eller pannbiff till middag. Efter de f\u00f6rsta tv\u00e5 dygnen hade jag bara en sak att s\u00e4ga:<\/p>\n<p><strong>Fuck torrfoder!<\/strong><\/p>\n<p><a href=\"https:\/\/www.ohrlund.se\/blogg\/wp-content\/uploads\/2012\/05\/IMG_0526.jpg\"><img loading=\"lazy\" decoding=\"async\" class=\"alignleft size-large wp-image-1314\" title=\"IMG_0526\" src=\"https:\/\/www.ohrlund.se\/blogg\/wp-content\/uploads\/2012\/05\/IMG_0526-1024x768.jpg\" alt=\"\" width=\"584\" height=\"438\" srcset=\"https:\/\/www.ohrlund.se\/blogg\/wp-content\/uploads\/2012\/05\/IMG_0526-1024x768.jpg 1024w, https:\/\/www.ohrlund.se\/blogg\/wp-content\/uploads\/2012\/05\/IMG_0526-300x225.jpg 300w, https:\/\/www.ohrlund.se\/blogg\/wp-content\/uploads\/2012\/05\/IMG_0526-400x300.jpg 400w\" sizes=\"auto, (max-width: 584px) 100vw, 584px\" \/><\/a><\/p>\n<p><em>Li \u00e4r av den sunda \u00e5sikten att hundar m\u00e5r b\u00e4st av riktig och v\u00e4llagad mat, och att torrfoder \u00e4r en patetisk n\u00f6dl\u00f6sning.<\/em><\/p>\n<p><strong>Jag tycker<\/strong> att Li ska bli statsminister och president och allt m\u00f6jligt.<\/p>\n<p><strong>F\u00f6rresten<\/strong> &#8211; varf\u00f6r har vi ingen<em> hundminister<\/em> i det h\u00e4r landet? Vi hundar \u00e4r en stor och kraftfull grupp som borde ha r\u00e4tt till ett eget spr\u00e5kr\u00f6r. Vi kunde kr\u00e4va katt- och m\u00e4nniskofria zoner, indexuppr\u00e4knad h\u00f6jning av tuggbenstill\u00e4gget, gratis f\u00e4stingskydd, mer hundsport p\u00e5 tv, en bra filmkanal (<em>Hundhotellet, Lassie<\/em> och h\u00e5rdkokta grejor som <em>When I shot the cat<\/em>), tassfrihet inom EU (s\u00e5 kallad <em>tass free<\/em>), milj\u00f6anpassade p\u00e4lsbussar, fler specialbutiker f\u00f6r hundar (Din Klo, P\u00e4lsman, Tax Free, Lagersvans, Nos\u00e9ns).<\/p>\n<p><strong>N\u00e4r detta skrivs<\/strong> \u00e4r jag kvar p\u00e5 kollo f\u00f6r att vila ut efter en anstr\u00e4ngande tid. Jag tar det lugnt, sk\u00e4ller ut en och annan svarting (ni vet, de d\u00e4r lurviga, op\u00e5litliga) och massor av joggare. Den friska havsluften g\u00f6r mig gott och jag har tid att filosofera utan att bli nos-talgisk.<\/p>\n<p><a href=\"https:\/\/www.ohrlund.se\/blogg\/wp-content\/uploads\/2012\/05\/IMG_0400.jpg\"><img loading=\"lazy\" decoding=\"async\" class=\"alignleft size-large wp-image-1317\" title=\"IMG_0400\" src=\"https:\/\/www.ohrlund.se\/blogg\/wp-content\/uploads\/2012\/05\/IMG_0400-1024x768.jpg\" alt=\"\" width=\"584\" height=\"438\" srcset=\"https:\/\/www.ohrlund.se\/blogg\/wp-content\/uploads\/2012\/05\/IMG_0400-1024x768.jpg 1024w, https:\/\/www.ohrlund.se\/blogg\/wp-content\/uploads\/2012\/05\/IMG_0400-300x225.jpg 300w, https:\/\/www.ohrlund.se\/blogg\/wp-content\/uploads\/2012\/05\/IMG_0400-400x300.jpg 400w\" sizes=\"auto, (max-width: 584px) 100vw, 584px\" \/><\/a><\/p>\n<p><strong>Vi h\u00f6rs<\/strong> efter min semester.<\/p>\n<p><em>High tass!<\/em><\/p>\n<p><em>\/Sigge<\/em><\/p>\n<p>&nbsp;<\/p>\n<div id=\"wp_fb_like_button\" style=\"margin:5px 0;float:none;height:100px;\"><script src=\"http:\/\/connect.facebook.net\/en_US\/all.js#xfbml=1\"><\/script><fb:like href=\"https:\/\/www.ohrlund.se\/blogg\/sigvard-hund-20-allergisk-mot-dumhet-och-antligen-kollo\/\" send=\"true\" layout=\"standard\" width=\"450\" show_faces=\"true\" font=\"arial\" action=\"like\" colorscheme=\"light\"><\/fb:like><\/div>","protected":false},"excerpt":{"rendered":"<p>Voff! Det har h\u00e4nt en hel del p\u00e5 den senaste tiden, mina v\u00e4nner. D\u00e4rf\u00f6r har jag inte haft tid att blogga. Men f\u00f6r tillf\u00e4llet har saker och ting lugnat ner sig lite, s\u00e5 jag tar tillf\u00e4llet i akt. F\u00f6r n\u00e5gra &hellip; <a href=\"https:\/\/www.ohrlund.se\/blogg\/sigvard-hund-20-allergisk-mot-dumhet-och-antligen-kollo\/\">Forts\u00e4tt l\u00e4sa <span class=\"meta-nav\">&rarr;<\/span><\/a><\/p>\n","protected":false},"author":2,"featured_media":0,"comment_status":"open","ping_status":"open","sticky":false,"template":"","format":"standard","meta":{"_jetpack_memberships_contains_paid_content":false,"footnotes":""},"categories":[1],"tags":[],"class_list":["post-1311","post","type-post","status-publish","format-standard","hentry","category-okategoriserade"],"jetpack_featured_media_url":"","jetpack_sharing_enabled":true,"post_mailing_queue_ids":[],"_links":{"self":[{"href":"https:\/\/www.ohrlund.se\/blogg\/wp-json\/wp\/v2\/posts\/1311","targetHints":{"allow":["GET"]}}],"collection":[{"href":"https:\/\/www.ohrlund.se\/blogg\/wp-json\/wp\/v2\/posts"}],"about":[{"href":"https:\/\/www.ohrlund.se\/blogg\/wp-json\/wp\/v2\/types\/post"}],"author":[{"embeddable":true,"href":"https:\/\/www.ohrlund.se\/blogg\/wp-json\/wp\/v2\/users\/2"}],"replies":[{"embeddable":true,"href":"https:\/\/www.ohrlund.se\/blogg\/wp-json\/wp\/v2\/comments?post=1311"}],"version-history":[{"count":3,"href":"https:\/\/www.ohrlund.se\/blogg\/wp-json\/wp\/v2\/posts\/1311\/revisions"}],"predecessor-version":[{"id":1320,"href":"https:\/\/www.ohrlund.se\/blogg\/wp-json\/wp\/v2\/posts\/1311\/revisions\/1320"}],"wp:attachment":[{"href":"https:\/\/www.ohrlund.se\/blogg\/wp-json\/wp\/v2\/media?parent=1311"}],"wp:term":[{"taxonomy":"category","embeddable":true,"href":"https:\/\/www.ohrlund.se\/blogg\/wp-json\/wp\/v2\/categories?post=1311"},{"taxonomy":"post_tag","embeddable":true,"href":"https:\/\/www.ohrlund.se\/blogg\/wp-json\/wp\/v2\/tags?post=1311"}],"curies":[{"name":"wp","href":"https:\/\/api.w.org\/{rel}","templated":true}]}}