{"id":1321,"date":"2012-05-20T13:58:56","date_gmt":"2012-05-20T11:58:56","guid":{"rendered":"http:\/\/www.ohrlund.se\/blogg\/?p=1321"},"modified":"2012-05-20T13:58:56","modified_gmt":"2012-05-20T11:58:56","slug":"bokslapp-i-halmstad-och-tylosand","status":"publish","type":"post","link":"https:\/\/www.ohrlund.se\/blogg\/bokslapp-i-halmstad-och-tylosand\/","title":{"rendered":"Boksl\u00e4pp i Halmstad och Tyl\u00f6sand!"},"content":{"rendered":"<p><strong>Sitter i solen<\/strong> p\u00e5 balkongen p\u00e5 Hotell Tyl\u00f6sand med utsikt \u00f6ver den vackra stranden.<\/p>\n<p><a href=\"https:\/\/www.ohrlund.se\/blogg\/wp-content\/uploads\/2012\/05\/IMG_4062-WEB.jpg\"><img loading=\"lazy\" decoding=\"async\" class=\"alignleft size-full wp-image-1322\" title=\"IMG_4062 WEB\" src=\"https:\/\/www.ohrlund.se\/blogg\/wp-content\/uploads\/2012\/05\/IMG_4062-WEB.jpg\" alt=\"\" width=\"567\" height=\"229\" srcset=\"https:\/\/www.ohrlund.se\/blogg\/wp-content\/uploads\/2012\/05\/IMG_4062-WEB.jpg 567w, https:\/\/www.ohrlund.se\/blogg\/wp-content\/uploads\/2012\/05\/IMG_4062-WEB-300x121.jpg 300w, https:\/\/www.ohrlund.se\/blogg\/wp-content\/uploads\/2012\/05\/IMG_4062-WEB-500x201.jpg 500w\" sizes=\"auto, (max-width: 567px) 100vw, 567px\" \/><\/a><\/p>\n<p><em>Ingen d\u00e5lig milj\u00f6 att blogga i! :o)<\/em><\/p>\n<p><strong>De senaste dagarnas<\/strong> aktiviteter k\u00e4nns, och \u00e4n \u00e4r det l\u00e5ngt ifr\u00e5n slut.<\/p>\n<p><strong>S\u00e5 \u00e4r den \u00e4ntligen sl\u00e4ppt p\u00e5 riktigt<\/strong> &#8211; <em>Till minne av Charlie K!<\/em><\/p>\n<p><a href=\"https:\/\/www.ohrlund.se\/blogg\/wp-content\/uploads\/2012\/05\/OMSLAG-Charlie-K-framsida1.jpg\"><img loading=\"lazy\" decoding=\"async\" class=\"alignleft size-full wp-image-1323\" title=\"OMSLAG Charlie K framsida\" src=\"https:\/\/www.ohrlund.se\/blogg\/wp-content\/uploads\/2012\/05\/OMSLAG-Charlie-K-framsida1.jpg\" alt=\"\" width=\"478\" height=\"660\" srcset=\"https:\/\/www.ohrlund.se\/blogg\/wp-content\/uploads\/2012\/05\/OMSLAG-Charlie-K-framsida1.jpg 478w, https:\/\/www.ohrlund.se\/blogg\/wp-content\/uploads\/2012\/05\/OMSLAG-Charlie-K-framsida1-217x300.jpg 217w\" sizes=\"auto, (max-width: 478px) 100vw, 478px\" \/><\/a><\/p>\n<p>&nbsp;<\/p>\n<p>&nbsp;<\/p>\n<p>&nbsp;<\/p>\n<p>&nbsp;<\/p>\n<p>&nbsp;<\/p>\n<p>&nbsp;<\/p>\n<p>&nbsp;<\/p>\n<p>&nbsp;<\/p>\n<p>&nbsp;<\/p>\n<p>&nbsp;<\/p>\n<p>&nbsp;<\/p>\n<p>&nbsp;<\/p>\n<p>&nbsp;<\/p>\n<p>&nbsp;<\/p>\n<p>&nbsp;<\/p>\n<p><em>Det ska bli enormt sp\u00e4nnande att se om den tryckta boken f\u00e5r en lika flygande start som ljudboken fick!<\/em><\/p>\n<p><strong>Den officiella premi\u00e4ren<\/strong> skedde i fredags med signering i en av Sveriges trevligaste bokhandlar &#8211; Larssons Bok och Papper i Halmstad:<\/p>\n<p><a href=\"https:\/\/www.ohrlund.se\/blogg\/wp-content\/uploads\/2012\/05\/IMG_3872-WEB.jpg\"><img loading=\"lazy\" decoding=\"async\" class=\"alignleft size-full wp-image-1324\" title=\"IMG_3872 WEB\" src=\"https:\/\/www.ohrlund.se\/blogg\/wp-content\/uploads\/2012\/05\/IMG_3872-WEB.jpg\" alt=\"\" width=\"192\" height=\"256\" \/><\/a><a href=\"https:\/\/www.ohrlund.se\/blogg\/wp-content\/uploads\/2012\/05\/IMG_3870-WEB.jpg\"><img loading=\"lazy\" decoding=\"async\" class=\"alignleft size-full wp-image-1325\" title=\"IMG_3870 WEB\" src=\"https:\/\/www.ohrlund.se\/blogg\/wp-content\/uploads\/2012\/05\/IMG_3870-WEB.jpg\" alt=\"\" width=\"192\" height=\"256\" \/><\/a><a href=\"https:\/\/www.ohrlund.se\/blogg\/wp-content\/uploads\/2012\/05\/IMG_3876-WEB.jpg\"><img loading=\"lazy\" decoding=\"async\" class=\"alignleft size-full wp-image-1326\" title=\"IMG_3876 WEB\" src=\"https:\/\/www.ohrlund.se\/blogg\/wp-content\/uploads\/2012\/05\/IMG_3876-WEB.jpg\" alt=\"\" width=\"256\" height=\"192\" \/><\/a><\/p>\n<p><em>Bortsett ifr\u00e5n ett mycket l\u00e5gt introduktionspris, fick alla som k\u00f6pte boken en fin pl\u00e4d p\u00e5 k\u00f6pet &#8230;<\/em><\/p>\n<p>&nbsp;<\/p>\n<p>&nbsp;<\/p>\n<p>&nbsp;<\/p>\n<p>&nbsp;<\/p>\n<p>&nbsp;<\/p>\n<p>&nbsp;<\/p>\n<p>&nbsp;<\/p>\n<p>&nbsp;<\/p>\n<p><strong>Efter signeringen<\/strong> var det dags att flytta till Per Gessles Hotel Tyl\u00f6sand p\u00e5 den vackra stranden. Hotellet \u00e4r fyllt av Gessles konstsamling och jag kan vandra runt i rimmar och titta p\u00e5 bilder och skulpturer.<\/p>\n<p><a href=\"https:\/\/www.ohrlund.se\/blogg\/wp-content\/uploads\/2012\/05\/IMG_3949-WEB.jpg\"><img loading=\"lazy\" decoding=\"async\" class=\"alignleft size-full wp-image-1327\" title=\"IMG_3949 WEB\" src=\"https:\/\/www.ohrlund.se\/blogg\/wp-content\/uploads\/2012\/05\/IMG_3949-WEB.jpg\" alt=\"\" width=\"256\" height=\"192\" \/><\/a><\/p>\n<p>&nbsp;<\/p>\n<p>&nbsp;<\/p>\n<p>&nbsp;<\/p>\n<p>&nbsp;<\/p>\n<p>&nbsp;<\/p>\n<p><strong>Under dagen<\/strong> packade Bra B\u00f6ckers duktiga PR-chef <em>Eva Ahlkvist<\/em> 200 goodie bags med pl\u00e4dar, b\u00f6cker, l\u00e4ppglans och rabatterbjudanden, till de g\u00e4ster som hade k\u00f6pt biljetter till v\u00e5rt stora evenemang p\u00e5 l\u00f6rdagen. Det visade sig gl\u00e4djande nog att kassarna inte skulle komma att r\u00e4cka &#8211; vi hade \u00f6ver 230 betalande g\u00e4ster, ett nytt rekord!<\/p>\n<p><strong>Medan timmarna gick<\/strong> anl\u00e4nde v\u00e5r alltid s\u00e5 f\u00f6rtr\u00e4ffliga intervjuare <em>Lotta Brom\u00e9<\/em>, min f\u00f6rlagskollega <em>\u00c5sa Hellberg (&#8221;Sonjas sista vilja&#8221;)<\/em>\u00a0samt fyra f\u00f6rfattare fr\u00e5n Bonniers f\u00f6rlag &#8211; <em>Lisa Lemke (&#8221;Till sommaren&#8221;), Anna Fredriksson (&#8221;Lyckostigen&#8221;), Linda Lomelino (&#8221;Lomelinos t\u00e5rtor&#8221;) <\/em>och debutanten<em> Suzanna Dilber (&#8221;Dubbelexponering&#8221;).<\/em> Klockan 15.00 slogs d\u00f6rrarna till hotellets konferensanl\u00e4ggning upp. De hundratals g\u00e4ster som k\u00f6pt biljetter bj\u00f6ds p\u00e5 en magnifik buff\u00e9 med allt ifr\u00e5n snittar till scones, t\u00e5rtor och kakor. Och lagom till n\u00e4r &#8221;Sonjas sista vilja&#8221; presenterades, bj\u00f6ds det p\u00e5 rosa champagne!<\/p>\n<p><a href=\"https:\/\/www.ohrlund.se\/blogg\/wp-content\/uploads\/2012\/05\/IMG_3966-WEB.jpg\"><img loading=\"lazy\" decoding=\"async\" class=\"alignleft size-full wp-image-1328\" title=\"IMG_3966 WEB\" src=\"https:\/\/www.ohrlund.se\/blogg\/wp-content\/uploads\/2012\/05\/IMG_3966-WEB.jpg\" alt=\"\" width=\"256\" height=\"192\" \/><\/a><\/p>\n<p>&nbsp;<\/p>\n<p>&nbsp;<\/p>\n<p>&nbsp;<\/p>\n<p>&nbsp;<\/p>\n<p>&nbsp;<\/p>\n<p>&nbsp;<\/p>\n<p><strong>Superproffsiga bokhandlaren Ulrika Larsson<\/strong> &#8211; som dessutom fyllde j\u00e4mnt! &#8211; inledde med en kort presentation innan Lotta Brom\u00e9 b\u00f6rjade intervjua oss p\u00e5 scenen.<\/p>\n<p><a href=\"https:\/\/www.ohrlund.se\/blogg\/wp-content\/uploads\/2012\/05\/IMG_3969-WEB.jpg\"><img loading=\"lazy\" decoding=\"async\" class=\"alignleft size-full wp-image-1329\" title=\"IMG_3969 WEB\" src=\"https:\/\/www.ohrlund.se\/blogg\/wp-content\/uploads\/2012\/05\/IMG_3969-WEB.jpg\" alt=\"\" width=\"192\" height=\"256\" \/><\/a><\/p>\n<p><em>Ulrika Larsson \u00e4r extremt duktig p\u00e5 att presentera b\u00f6cker b\u00e5de i radio och p\u00e5 l\u00e4sartr\u00e4ffar. Hennes evenemang \u00e4r alltid fullsatta.<\/em><\/p>\n<p>&nbsp;<\/p>\n<p>&nbsp;<\/p>\n<p>&nbsp;<\/p>\n<p>&nbsp;<\/p>\n<p><a href=\"https:\/\/www.ohrlund.se\/blogg\/wp-content\/uploads\/2012\/05\/IMG_3970-WEB.jpg\"><img loading=\"lazy\" decoding=\"async\" class=\"alignleft size-full wp-image-1330\" title=\"IMG_3970 WEB\" src=\"https:\/\/www.ohrlund.se\/blogg\/wp-content\/uploads\/2012\/05\/IMG_3970-WEB.jpg\" alt=\"\" width=\"192\" height=\"256\" \/><\/a><\/p>\n<p>&nbsp;<\/p>\n<p><em>Att f\u00e5 jobba med Lotta \u00e4r alltid lika kul &#8211; hon \u00e4r proffsig, p\u00e5l\u00e4st, humoristisk och har en unik fingertoppsk\u00e4nsla f\u00f6r vad publiken vill ha.<\/em><\/p>\n<p>&nbsp;<\/p>\n<p>&nbsp;<\/p>\n<p>&nbsp;<\/p>\n<p><a href=\"https:\/\/www.ohrlund.se\/blogg\/wp-content\/uploads\/2012\/05\/IMG_3973-WEB.jpg\"><img loading=\"lazy\" decoding=\"async\" class=\"alignleft size-full wp-image-1331\" title=\"IMG_3973 WEB\" src=\"https:\/\/www.ohrlund.se\/blogg\/wp-content\/uploads\/2012\/05\/IMG_3973-WEB.jpg\" alt=\"\" width=\"256\" height=\"192\" \/><\/a><\/p>\n<p><em>Min f\u00f6rlagskollega \u00c5sa Hellberg &#8211; som tidigare skrivit &#8221;Casanovas kvinna&#8221;\u00a0har precis kommit ut med &#8221;Sonjas sista vilja&#8221; och den f\u00f6rsta upplagan s\u00e5ldes slut p\u00e5 en vecka &#8211; grattis, \u00c5sa!<\/em><\/p>\n<p>&nbsp;<\/p>\n<p>&nbsp;<\/p>\n<p><strong>S\u00e5 blev det<\/strong> dags f\u00f6r undertecknad att \u00e4ntra scenen f\u00f6r att ber\u00e4tta om <em>Till minne av Charlie K.<\/em><\/p>\n<p><a href=\"https:\/\/www.ohrlund.se\/blogg\/wp-content\/uploads\/2012\/05\/IMG_4010-WEB.jpg\"><img loading=\"lazy\" decoding=\"async\" class=\"alignleft size-full wp-image-1332\" title=\"IMG_4010 WEB\" src=\"https:\/\/www.ohrlund.se\/blogg\/wp-content\/uploads\/2012\/05\/IMG_4010-WEB.jpg\" alt=\"\" width=\"567\" height=\"318\" srcset=\"https:\/\/www.ohrlund.se\/blogg\/wp-content\/uploads\/2012\/05\/IMG_4010-WEB.jpg 567w, https:\/\/www.ohrlund.se\/blogg\/wp-content\/uploads\/2012\/05\/IMG_4010-WEB-300x168.jpg 300w, https:\/\/www.ohrlund.se\/blogg\/wp-content\/uploads\/2012\/05\/IMG_4010-WEB-500x280.jpg 500w\" sizes=\"auto, (max-width: 567px) 100vw, 567px\" \/><\/a><a href=\"https:\/\/www.ohrlund.se\/blogg\/wp-content\/uploads\/2012\/05\/IMG_4011-WEB.jpg\"><img loading=\"lazy\" decoding=\"async\" class=\"alignleft size-full wp-image-1333\" title=\"IMG_4011 WEB\" src=\"https:\/\/www.ohrlund.se\/blogg\/wp-content\/uploads\/2012\/05\/IMG_4011-WEB.jpg\" alt=\"\" width=\"318\" height=\"567\" srcset=\"https:\/\/www.ohrlund.se\/blogg\/wp-content\/uploads\/2012\/05\/IMG_4011-WEB.jpg 318w, https:\/\/www.ohrlund.se\/blogg\/wp-content\/uploads\/2012\/05\/IMG_4011-WEB-168x300.jpg 168w\" sizes=\"auto, (max-width: 318px) 100vw, 318px\" \/><\/a><\/p>\n<p><em>Till skillnad fr\u00e5n vad m\u00e5nga tror, \u00e4r &#8221;Till minne av Charlie K&#8221; mycket mer \u00e4n en deckare&#8230;<\/em><\/p>\n<p>&nbsp;<\/p>\n<p>&nbsp;<\/p>\n<p>&nbsp;<\/p>\n<p>&nbsp;<\/p>\n<p>&nbsp;<\/p>\n<p>&nbsp;<\/p>\n<p>&nbsp;<\/p>\n<p>&nbsp;<\/p>\n<p>&nbsp;<\/p>\n<p>&nbsp;<\/p>\n<p>&nbsp;<\/p>\n<p><strong>Jag ber\u00e4ttade att<\/strong> <em>Till minne av Charlie K<\/em> har m\u00e5nga bottnar och handlar om b\u00e5de rasism, avund, relationsproblem, moraliska fr\u00e5gest\u00e4llningar, smuggling och annan tung kriminalitet, samt att den aktualiserar fr\u00e5gan om hur bra det \u00e4r att vi \u00f6ppnat v\u00e5ra gr\u00e4nser vitt och demonterat stora och viktiga delar av tullen.<\/p>\n<p><strong>N\u00e4r alla presentationer<\/strong> var klara tackades vi med blommor och d\u00e4refter var det f\u00f6rst\u00e5s dags att signera b\u00f6cker \u00e5t alla som ville k\u00f6pa.<\/p>\n<p><a href=\"https:\/\/www.ohrlund.se\/blogg\/wp-content\/uploads\/2012\/05\/IMG_4023-WEB.jpg\"><img loading=\"lazy\" decoding=\"async\" class=\"alignleft size-full wp-image-1334\" title=\"IMG_4023 WEB\" src=\"https:\/\/www.ohrlund.se\/blogg\/wp-content\/uploads\/2012\/05\/IMG_4023-WEB.jpg\" alt=\"\" width=\"567\" height=\"318\" srcset=\"https:\/\/www.ohrlund.se\/blogg\/wp-content\/uploads\/2012\/05\/IMG_4023-WEB.jpg 567w, https:\/\/www.ohrlund.se\/blogg\/wp-content\/uploads\/2012\/05\/IMG_4023-WEB-300x168.jpg 300w, https:\/\/www.ohrlund.se\/blogg\/wp-content\/uploads\/2012\/05\/IMG_4023-WEB-500x280.jpg 500w\" sizes=\"auto, (max-width: 567px) 100vw, 567px\" \/><\/a><a href=\"https:\/\/www.ohrlund.se\/blogg\/wp-content\/uploads\/2012\/05\/IMG_4032WEB.jpg\"><img loading=\"lazy\" decoding=\"async\" class=\"alignleft size-full wp-image-1335\" title=\"IMG_4032WEB\" src=\"https:\/\/www.ohrlund.se\/blogg\/wp-content\/uploads\/2012\/05\/IMG_4032WEB.jpg\" alt=\"\" width=\"567\" height=\"318\" srcset=\"https:\/\/www.ohrlund.se\/blogg\/wp-content\/uploads\/2012\/05\/IMG_4032WEB.jpg 567w, https:\/\/www.ohrlund.se\/blogg\/wp-content\/uploads\/2012\/05\/IMG_4032WEB-300x168.jpg 300w, https:\/\/www.ohrlund.se\/blogg\/wp-content\/uploads\/2012\/05\/IMG_4032WEB-500x280.jpg 500w\" sizes=\"auto, (max-width: 567px) 100vw, 567px\" \/><\/a><\/p>\n<p><strong>P\u00e5 kv\u00e4llen<\/strong> fick vi alla en superb middag p\u00e5 hotellets v\u00e4lk\u00e4nda finsmakarrestaurang Akvarell.<\/p>\n<p><a href=\"https:\/\/www.ohrlund.se\/blogg\/wp-content\/uploads\/2012\/05\/IMG_4037-WEB.jpg\"><img loading=\"lazy\" decoding=\"async\" class=\"alignleft size-full wp-image-1336\" title=\"IMG_4037 WEB\" src=\"https:\/\/www.ohrlund.se\/blogg\/wp-content\/uploads\/2012\/05\/IMG_4037-WEB.jpg\" alt=\"\" width=\"567\" height=\"318\" srcset=\"https:\/\/www.ohrlund.se\/blogg\/wp-content\/uploads\/2012\/05\/IMG_4037-WEB.jpg 567w, https:\/\/www.ohrlund.se\/blogg\/wp-content\/uploads\/2012\/05\/IMG_4037-WEB-300x168.jpg 300w, https:\/\/www.ohrlund.se\/blogg\/wp-content\/uploads\/2012\/05\/IMG_4037-WEB-500x280.jpg 500w\" sizes=\"auto, (max-width: 567px) 100vw, 567px\" \/><\/a><\/p>\n<p><em>En smakupplevelse!<\/em><\/p>\n<p><strong>Nu v\u00e4ntar nya<\/strong>, sp\u00e4nnande pr-aktiviteter f\u00f6r <em>Till minne av Charlie K.<\/em><\/p>\n<p><strong>Forts\u00e4ttning f\u00f6ljer!<\/strong><\/p>\n<p>&nbsp;<\/p>\n<p>&nbsp;<\/p>\n<p>&nbsp;<\/p>\n<p>&nbsp;<\/p>\n<p>&nbsp;<\/p>\n<p>&nbsp;<\/p>\n<p>&nbsp;<\/p>\n<p>&nbsp;<\/p>\n<p>&nbsp;<\/p>\n<p>&nbsp;<\/p>\n<p>&nbsp;<\/p>\n<p>&nbsp;<\/p>\n<div id=\"wp_fb_like_button\" style=\"margin:5px 0;float:none;height:100px;\"><script src=\"http:\/\/connect.facebook.net\/en_US\/all.js#xfbml=1\"><\/script><fb:like href=\"https:\/\/www.ohrlund.se\/blogg\/bokslapp-i-halmstad-och-tylosand\/\" send=\"true\" layout=\"standard\" width=\"450\" show_faces=\"true\" font=\"arial\" action=\"like\" colorscheme=\"light\"><\/fb:like><\/div>","protected":false},"excerpt":{"rendered":"<p>Sitter i solen p\u00e5 balkongen p\u00e5 Hotell Tyl\u00f6sand med utsikt \u00f6ver den vackra stranden. Ingen d\u00e5lig milj\u00f6 att blogga i! :o) De senaste dagarnas aktiviteter k\u00e4nns, och \u00e4n \u00e4r det l\u00e5ngt ifr\u00e5n slut. S\u00e5 \u00e4r den \u00e4ntligen sl\u00e4ppt p\u00e5 riktigt &hellip; <a href=\"https:\/\/www.ohrlund.se\/blogg\/bokslapp-i-halmstad-och-tylosand\/\">Forts\u00e4tt l\u00e4sa <span class=\"meta-nav\">&rarr;<\/span><\/a><\/p>\n","protected":false},"author":2,"featured_media":0,"comment_status":"open","ping_status":"open","sticky":false,"template":"","format":"standard","meta":{"_jetpack_memberships_contains_paid_content":false,"footnotes":""},"categories":[1],"tags":[],"class_list":["post-1321","post","type-post","status-publish","format-standard","hentry","category-okategoriserade"],"jetpack_featured_media_url":"","jetpack_sharing_enabled":true,"post_mailing_queue_ids":[],"_links":{"self":[{"href":"https:\/\/www.ohrlund.se\/blogg\/wp-json\/wp\/v2\/posts\/1321","targetHints":{"allow":["GET"]}}],"collection":[{"href":"https:\/\/www.ohrlund.se\/blogg\/wp-json\/wp\/v2\/posts"}],"about":[{"href":"https:\/\/www.ohrlund.se\/blogg\/wp-json\/wp\/v2\/types\/post"}],"author":[{"embeddable":true,"href":"https:\/\/www.ohrlund.se\/blogg\/wp-json\/wp\/v2\/users\/2"}],"replies":[{"embeddable":true,"href":"https:\/\/www.ohrlund.se\/blogg\/wp-json\/wp\/v2\/comments?post=1321"}],"version-history":[{"count":7,"href":"https:\/\/www.ohrlund.se\/blogg\/wp-json\/wp\/v2\/posts\/1321\/revisions"}],"predecessor-version":[{"id":1343,"href":"https:\/\/www.ohrlund.se\/blogg\/wp-json\/wp\/v2\/posts\/1321\/revisions\/1343"}],"wp:attachment":[{"href":"https:\/\/www.ohrlund.se\/blogg\/wp-json\/wp\/v2\/media?parent=1321"}],"wp:term":[{"taxonomy":"category","embeddable":true,"href":"https:\/\/www.ohrlund.se\/blogg\/wp-json\/wp\/v2\/categories?post=1321"},{"taxonomy":"post_tag","embeddable":true,"href":"https:\/\/www.ohrlund.se\/blogg\/wp-json\/wp\/v2\/tags?post=1321"}],"curies":[{"name":"wp","href":"https:\/\/api.w.org\/{rel}","templated":true}]}}