{"id":1346,"date":"2012-05-22T23:48:26","date_gmt":"2012-05-22T21:48:26","guid":{"rendered":"http:\/\/www.ohrlund.se\/blogg\/?p=1346"},"modified":"2012-05-22T23:48:26","modified_gmt":"2012-05-22T21:48:26","slug":"glom-inte-arets-valgorenhetsgrej-pa-fredag","status":"publish","type":"post","link":"https:\/\/www.ohrlund.se\/blogg\/glom-inte-arets-valgorenhetsgrej-pa-fredag\/","title":{"rendered":"Gl\u00f6m inte \u00e5rets v\u00e4lg\u00f6renhetsgrej p\u00e5 fredag!!"},"content":{"rendered":"<p><strong>Nu p\u00e5 fredag den 25 maj<\/strong> med start 07.00 delar Dan Buthler och jag ut de 17 000 exemplar av &#8221;Grannen&#8221; &#8211; som vi har sk\u00e4nkt till Barncancerfonden &#8211; i avg\u00e5ngshallen p\u00e5 Stockholms Central.<\/p>\n<p><strong>Alla \u00e4r v\u00e4lkomna<\/strong> att ta hur m\u00e5nga inbundna b\u00f6cker, ljudb\u00f6cker eller pocket de vill. B\u00f6ckerna \u00e4r gratis men vi <strong><em>\u00f6nskar och hoppas<\/em><\/strong> att de som tar b\u00f6cker l\u00e4mnar en donation till Barncancerfondens medarbetare, som finns p\u00e5 plats. Den som vill ha en bok signerad <em>m\u00e5ste<\/em> ge 50 kronor till fonden.<\/p>\n<p>Sprid ordet s\u00e5 att vi f\u00e5r massor av m\u00e4nniskor till Centralen och s\u00e5 att Barncancerfonden f\u00e5r in s\u00e5 mycket som m\u00f6jligt. H\u00e4r finns inga mellanh\u00e4nder &#8211; varenda insamlad krona g\u00e5r direkt till att hj\u00e4lpa de sjuka barnen och till forskning om barncancer!<\/p>\n<div id=\"wp_fb_like_button\" style=\"margin:5px 0;float:none;height:100px;\"><script src=\"http:\/\/connect.facebook.net\/en_US\/all.js#xfbml=1\"><\/script><fb:like href=\"https:\/\/www.ohrlund.se\/blogg\/glom-inte-arets-valgorenhetsgrej-pa-fredag\/\" send=\"true\" layout=\"standard\" width=\"450\" show_faces=\"true\" font=\"arial\" action=\"like\" colorscheme=\"light\"><\/fb:like><\/div>","protected":false},"excerpt":{"rendered":"<p>Nu p\u00e5 fredag den 25 maj med start 07.00 delar Dan Buthler och jag ut de 17 000 exemplar av &#8221;Grannen&#8221; &#8211; som vi har sk\u00e4nkt till Barncancerfonden &#8211; i avg\u00e5ngshallen p\u00e5 Stockholms Central. Alla \u00e4r v\u00e4lkomna att ta hur &hellip; <a href=\"https:\/\/www.ohrlund.se\/blogg\/glom-inte-arets-valgorenhetsgrej-pa-fredag\/\">Forts\u00e4tt l\u00e4sa <span class=\"meta-nav\">&rarr;<\/span><\/a><\/p>\n","protected":false},"author":2,"featured_media":0,"comment_status":"open","ping_status":"open","sticky":false,"template":"","format":"standard","meta":{"_jetpack_memberships_contains_paid_content":false,"footnotes":""},"categories":[1],"tags":[],"class_list":["post-1346","post","type-post","status-publish","format-standard","hentry","category-okategoriserade"],"jetpack_featured_media_url":"","jetpack_sharing_enabled":true,"post_mailing_queue_ids":[],"_links":{"self":[{"href":"https:\/\/www.ohrlund.se\/blogg\/wp-json\/wp\/v2\/posts\/1346","targetHints":{"allow":["GET"]}}],"collection":[{"href":"https:\/\/www.ohrlund.se\/blogg\/wp-json\/wp\/v2\/posts"}],"about":[{"href":"https:\/\/www.ohrlund.se\/blogg\/wp-json\/wp\/v2\/types\/post"}],"author":[{"embeddable":true,"href":"https:\/\/www.ohrlund.se\/blogg\/wp-json\/wp\/v2\/users\/2"}],"replies":[{"embeddable":true,"href":"https:\/\/www.ohrlund.se\/blogg\/wp-json\/wp\/v2\/comments?post=1346"}],"version-history":[{"count":2,"href":"https:\/\/www.ohrlund.se\/blogg\/wp-json\/wp\/v2\/posts\/1346\/revisions"}],"predecessor-version":[{"id":1348,"href":"https:\/\/www.ohrlund.se\/blogg\/wp-json\/wp\/v2\/posts\/1346\/revisions\/1348"}],"wp:attachment":[{"href":"https:\/\/www.ohrlund.se\/blogg\/wp-json\/wp\/v2\/media?parent=1346"}],"wp:term":[{"taxonomy":"category","embeddable":true,"href":"https:\/\/www.ohrlund.se\/blogg\/wp-json\/wp\/v2\/categories?post=1346"},{"taxonomy":"post_tag","embeddable":true,"href":"https:\/\/www.ohrlund.se\/blogg\/wp-json\/wp\/v2\/tags?post=1346"}],"curies":[{"name":"wp","href":"https:\/\/api.w.org\/{rel}","templated":true}]}}