{"id":1376,"date":"2012-06-03T01:54:39","date_gmt":"2012-06-02T23:54:39","guid":{"rendered":"http:\/\/www.ohrlund.se\/blogg\/?p=1376"},"modified":"2012-06-03T01:54:39","modified_gmt":"2012-06-02T23:54:39","slug":"telia-fakturerat","status":"publish","type":"post","link":"https:\/\/www.ohrlund.se\/blogg\/telia-fakturerat\/","title":{"rendered":"Telia fakturerat!"},"content":{"rendered":"<p><strong>F\u00f6r er som f\u00f6ljt<\/strong> mitt alldeles nyss p\u00e5b\u00f6rjade krig mot Telia och dess trakasserier mot trogna kunder (och till er som st\u00e4llde fr\u00e5gan p\u00e5 bokhandlardagarna i Stenungsund nyligen) har jag gl\u00e4djande nyheter:<\/p>\n<p><strong>Jag har nyss fakturerat<\/strong> Telia\u00a0f\u00f6r de trakasserande samtal som kom efter att Telias Kundtj\u00e4nsts <em>Maria Dahlin<\/em> per mail garanterat mig att jag <em>aldrig n\u00e5gonsin<\/em> mer skulle bli uppringd av n\u00e5gon av deras s\u00e4ljare.<\/p>\n<p><strong>Hon hade knappt lagt p\u00e5 luren<\/strong> f\u00f6rr\u00e4n det kom nya idiotsamtal fr\u00e5n f\u00f6retag med de f\u00f6ga fantasifulla namnen <em>Telesol<\/em> och <em>Involvment<\/em> (herregud, vem\u00a0kan komma p\u00e5 ett s\u00e5 sansl\u00f6st idiotiskt f\u00f6retagsnamn?!).<\/p>\n<p><strong>Jag f\u00f6rst\u00e5r fortfarande inte<\/strong> varf\u00f6r Telia g\u00f6r sitt b\u00e4sta f\u00f6r att bli av med sina trogna kunder, som regelbundet betalat r\u00e4kningar i tid sedan decennier. Aff\u00e4rsid\u00e9n f\u00f6refaller t\u00e4mligen norsk och n\u00e5gra svar av Maria Dahlins chef l\u00e4r jag inte f\u00e5 trots p\u00e5st\u00f6tningar. N\u00e4r jag kr\u00e4vde att hennes chef skulle ringa upp mig kom det tragikomiska svaret:<\/p>\n<p><em>&#8221;Jag och min chef pratade om det h\u00e4r och kom fram till att det var b\u00e4ttre att jag ringde, eftersom han inte har n\u00e5gon kunskap om verksamheten.&#8221;<\/em><\/p>\n<p><strong>Att en chef inte har n\u00e5gon kunskap om verksamheten<\/strong> har jag varit med om f\u00f6rr, och det \u00e4r lika\u00a0tragiskt varje g\u00e5ng. Men att det sker \u00f6ppet i ett f\u00f6retag som \u00e4r alldeles\u00a0beroende av varje sm\u00e5kund &#8211; och att man ber\u00e4ttar det \u00f6ppet &#8211; har jag aldrig tidigare upplevt. Lycka till med det, Telia.<\/p>\n<p><strong>Nu blir det sp\u00e4nnande<\/strong> att se vad som h\u00e4nder. Om Telia \u00e4r smarta betalar de min faktura, vilken utg\u00f6r rena reapriset f\u00f6r den tidsspillan jag haft p\u00e5 grund av deras telefontrakasserier de senaste \u00e5ren. Om de \u00e4r mindre smarta men <em>tror<\/em> att de \u00e4r det, bestrider de. D\u00e5 blir det Kronofogden och Telia har dessutom\u00a0k\u00f6pt sig ett verbalt krig de aldrig n\u00e5gonsin kan vinna, och som kommer att kosta dem tiotusentals eller hundratusentals kronor i l\u00e4ngden.<\/p>\n<p><strong>N\u00e5gon<\/strong> som vill gissa? :o)<\/p>\n<div id=\"wp_fb_like_button\" style=\"margin:5px 0;float:none;height:100px;\"><script src=\"http:\/\/connect.facebook.net\/en_US\/all.js#xfbml=1\"><\/script><fb:like href=\"https:\/\/www.ohrlund.se\/blogg\/telia-fakturerat\/\" send=\"true\" layout=\"standard\" width=\"450\" show_faces=\"true\" font=\"arial\" action=\"like\" colorscheme=\"light\"><\/fb:like><\/div>","protected":false},"excerpt":{"rendered":"<p>F\u00f6r er som f\u00f6ljt mitt alldeles nyss p\u00e5b\u00f6rjade krig mot Telia och dess trakasserier mot trogna kunder (och till er som st\u00e4llde fr\u00e5gan p\u00e5 bokhandlardagarna i Stenungsund nyligen) har jag gl\u00e4djande nyheter: Jag har nyss fakturerat Telia\u00a0f\u00f6r de trakasserande samtal &hellip; <a href=\"https:\/\/www.ohrlund.se\/blogg\/telia-fakturerat\/\">Forts\u00e4tt l\u00e4sa <span class=\"meta-nav\">&rarr;<\/span><\/a><\/p>\n","protected":false},"author":2,"featured_media":0,"comment_status":"open","ping_status":"open","sticky":false,"template":"","format":"standard","meta":{"_jetpack_memberships_contains_paid_content":false,"footnotes":""},"categories":[1],"tags":[],"class_list":["post-1376","post","type-post","status-publish","format-standard","hentry","category-okategoriserade"],"jetpack_featured_media_url":"","jetpack_sharing_enabled":true,"post_mailing_queue_ids":[],"_links":{"self":[{"href":"https:\/\/www.ohrlund.se\/blogg\/wp-json\/wp\/v2\/posts\/1376","targetHints":{"allow":["GET"]}}],"collection":[{"href":"https:\/\/www.ohrlund.se\/blogg\/wp-json\/wp\/v2\/posts"}],"about":[{"href":"https:\/\/www.ohrlund.se\/blogg\/wp-json\/wp\/v2\/types\/post"}],"author":[{"embeddable":true,"href":"https:\/\/www.ohrlund.se\/blogg\/wp-json\/wp\/v2\/users\/2"}],"replies":[{"embeddable":true,"href":"https:\/\/www.ohrlund.se\/blogg\/wp-json\/wp\/v2\/comments?post=1376"}],"version-history":[{"count":2,"href":"https:\/\/www.ohrlund.se\/blogg\/wp-json\/wp\/v2\/posts\/1376\/revisions"}],"predecessor-version":[{"id":1378,"href":"https:\/\/www.ohrlund.se\/blogg\/wp-json\/wp\/v2\/posts\/1376\/revisions\/1378"}],"wp:attachment":[{"href":"https:\/\/www.ohrlund.se\/blogg\/wp-json\/wp\/v2\/media?parent=1376"}],"wp:term":[{"taxonomy":"category","embeddable":true,"href":"https:\/\/www.ohrlund.se\/blogg\/wp-json\/wp\/v2\/categories?post=1376"},{"taxonomy":"post_tag","embeddable":true,"href":"https:\/\/www.ohrlund.se\/blogg\/wp-json\/wp\/v2\/tags?post=1376"}],"curies":[{"name":"wp","href":"https:\/\/api.w.org\/{rel}","templated":true}]}}