{"id":1414,"date":"2012-07-01T18:51:42","date_gmt":"2012-07-01T16:51:42","guid":{"rendered":"http:\/\/www.ohrlund.se\/blogg\/?p=1414"},"modified":"2012-07-01T18:51:42","modified_gmt":"2012-07-01T16:51:42","slug":"sigvard-hund-25-och-vad-ville-gud-med-det-har","status":"publish","type":"post","link":"https:\/\/www.ohrlund.se\/blogg\/sigvard-hund-25-och-vad-ville-gud-med-det-har\/","title":{"rendered":"Sigvard Hund (25) Och vad ville Gud med det h\u00e4r &#8230;?"},"content":{"rendered":"<p><strong>P\u00e5 min semester<\/strong> n\u00e4ra den sk\u00e5nska Atlanten bor jag hos en tjej som heter Selma.<\/p>\n<p><a href=\"https:\/\/www.ohrlund.se\/blogg\/wp-content\/uploads\/2012\/07\/Selmastork-01.jpg\"><img loading=\"lazy\" decoding=\"async\" class=\"alignleft size-full wp-image-1415\" title=\"Selmastork 01\" src=\"https:\/\/www.ohrlund.se\/blogg\/wp-content\/uploads\/2012\/07\/Selmastork-01.jpg\" alt=\"\" width=\"267\" height=\"385\" srcset=\"https:\/\/www.ohrlund.se\/blogg\/wp-content\/uploads\/2012\/07\/Selmastork-01.jpg 267w, https:\/\/www.ohrlund.se\/blogg\/wp-content\/uploads\/2012\/07\/Selmastork-01-208x300.jpg 208w\" sizes=\"auto, (max-width: 267px) 100vw, 267px\" \/><\/a><\/p>\n<p>&nbsp;<\/p>\n<p>&nbsp;<\/p>\n<p>&nbsp;<\/p>\n<p>&nbsp;<\/p>\n<p>&nbsp;<\/p>\n<p>&nbsp;<\/p>\n<p>&nbsp;<\/p>\n<p>&nbsp;<\/p>\n<p>&nbsp;<\/p>\n<p>&nbsp;<\/p>\n<p><strong>Det finns<\/strong> bara ett ord att beskriva henne med:<\/p>\n<p><strong>Cool.<\/strong><\/p>\n<p><strong>Selma och jag vardagsfilosoferar<\/strong> om lite av varje. Ni vet, s\u00e5d\u00e4r lagom som man g\u00f6r n\u00e4r man inte orkar bli alltf\u00f6r djup och samtidigt hoppas att tv\u00e5beningarna ska smyga \u00e5t en lite leverpastej innan det v\u00e4xer sk\u00e4gg p\u00e5 dem. Eller oss.<\/p>\n<p><strong>H\u00e4romdagen<\/strong> var Selma och jag p\u00e5 v\u00e4g till <em>Playa del Voffo<\/em> f\u00f6r ett snabbdopp n\u00e4r jag pl\u00f6tsligt fick syn p\u00e5 tv\u00e5 ruskigt skumma typer. Jag viskade till Selma att hon skulle sl\u00e4nga sig ner p\u00e5 mage och ligga still.<\/p>\n<p><a href=\"https:\/\/www.ohrlund.se\/blogg\/wp-content\/uploads\/2012\/07\/Selmastork-02.jpg\"><img loading=\"lazy\" decoding=\"async\" class=\"alignleft size-full wp-image-1416\" title=\"Selmastork 02\" src=\"https:\/\/www.ohrlund.se\/blogg\/wp-content\/uploads\/2012\/07\/Selmastork-02.jpg\" alt=\"\" width=\"662\" height=\"608\" srcset=\"https:\/\/www.ohrlund.se\/blogg\/wp-content\/uploads\/2012\/07\/Selmastork-02.jpg 662w, https:\/\/www.ohrlund.se\/blogg\/wp-content\/uploads\/2012\/07\/Selmastork-02-300x275.jpg 300w, https:\/\/www.ohrlund.se\/blogg\/wp-content\/uploads\/2012\/07\/Selmastork-02-326x300.jpg 326w\" sizes=\"auto, (max-width: 662px) 100vw, 662px\" \/><\/a><\/p>\n<p><em>Kolla Selmas blixtsnabba reaktion n\u00e4r jag viskar till henne. Typen uppe i h\u00f6rnet fattar ingenting!<\/em><\/p>\n<p><strong>Man vet ju aldrig<\/strong> om ok\u00e4nda varelser kommer att attackera eller ej, s\u00e5 det g\u00e4ller att ha en listig plan. Dessutom var de tv\u00e5beningar, men de s\u00e5g inte ut som tv\u00e5beningarna vi bor hos.<\/p>\n<p><strong>N\u00e4r vi hade<\/strong> varit typ <em>Vietnam-sniper-stilla<\/em> i en minut eller s\u00e5 och fienden inte gjorde n\u00e5gra tydliga attackf\u00f6rs\u00f6k sa jag till Selma att vrida p\u00e5 skallen. Vi betraktade typerna i n\u00e5gra sekunder och kunde knappt h\u00e5lla oss f\u00f6r svansviftning.<\/p>\n<p><a href=\"https:\/\/www.ohrlund.se\/blogg\/wp-content\/uploads\/2012\/07\/Selmastork-03.jpg\"><img loading=\"lazy\" decoding=\"async\" class=\"alignleft size-full wp-image-1417\" title=\"Selmastork 03\" src=\"https:\/\/www.ohrlund.se\/blogg\/wp-content\/uploads\/2012\/07\/Selmastork-03.jpg\" alt=\"\" width=\"751\" height=\"595\" srcset=\"https:\/\/www.ohrlund.se\/blogg\/wp-content\/uploads\/2012\/07\/Selmastork-03.jpg 751w, https:\/\/www.ohrlund.se\/blogg\/wp-content\/uploads\/2012\/07\/Selmastork-03-300x237.jpg 300w, https:\/\/www.ohrlund.se\/blogg\/wp-content\/uploads\/2012\/07\/Selmastork-03-378x300.jpg 378w\" sizes=\"auto, (max-width: 751px) 100vw, 751px\" \/><\/a><\/p>\n<p><em>Selma och jag: H\u00e4, h\u00e4, h\u00e4! Sv\u00e5rt att h\u00e5lla svansarna still h\u00e4r&#8230;<\/em><\/p>\n<p><strong>Typerna s\u00e5g ofattbart<\/strong> l\u00f6jliga ut och pl\u00f6tsligt kom jag ih\u00e5g att husse visat mig en bild av en s\u00e5n en g\u00e5ng.<\/p>\n<p><strong>&#8221;Stork&#8221;,<\/strong> sa husse d\u00e5.<\/p>\n<p><strong>&#8221;Samma bokst\u00e4ver som i torsk&#8221;,<\/strong> mumlade jag. Ett citat av den sv\u00e5rt Tourettedrabbade f\u00f6rfattaren <em>Dan Buthler<\/em>, f\u00f6r \u00f6vrigt en av litteraturens mest of\u00f6rst\u00e5dde.<\/p>\n<p><strong>&#8221;Va?&#8221;,<\/strong> sa Selma.<\/p>\n<p>&#8221;<strong>Stork<\/strong> heter de&#8221;, sa jag.<\/p>\n<p><a href=\"https:\/\/www.ohrlund.se\/blogg\/wp-content\/uploads\/2012\/07\/Stork-01.jpg\"><img loading=\"lazy\" decoding=\"async\" class=\"alignleft size-full wp-image-1418\" title=\"Stork 01\" src=\"https:\/\/www.ohrlund.se\/blogg\/wp-content\/uploads\/2012\/07\/Stork-01.jpg\" alt=\"\" width=\"220\" height=\"768\" \/><\/a><\/p>\n<p>&nbsp;<\/p>\n<p>&nbsp;<\/p>\n<p>&nbsp;<\/p>\n<p>&nbsp;<\/p>\n<p>&nbsp;<\/p>\n<p>&nbsp;<\/p>\n<p>&nbsp;<\/p>\n<p>&nbsp;<\/p>\n<p>&nbsp;<\/p>\n<p>&nbsp;<\/p>\n<p>&nbsp;<\/p>\n<p>&nbsp;<\/p>\n<p>&nbsp;<\/p>\n<p>&nbsp;<\/p>\n<p>&nbsp;<\/p>\n<p>&nbsp;<\/p>\n<p>&nbsp;<\/p>\n<p>&nbsp;<\/p>\n<p><em>Selmas fr\u00e5ga \u00e4r h\u00f6gst befogad&#8230;<\/em><\/p>\n<p><strong>&#8221;Vad<\/strong> ska man med dem till?&#8221; undrade Selma.<\/p>\n<p><strong>&#8221;Ett av<\/strong> livets mysterier&#8221;, svarade jag. &#8221;Tv\u00e5beningarna lurar i sina barn att storkarna kommer med barnen n\u00e4r de \u00e4r nyf\u00f6dda. En klockregn l\u00f6gn, f\u00f6rst\u00e5s. F\u00f6rst\u00e5r mig inte p\u00e5 tv\u00e5beningar. Skulle du kunna ljuga din valp rakt upp i nosen?&#8221;<\/p>\n<p><strong>&#8221;Aldrig&#8221;,<\/strong> sa Selma. &#8221;\u00c4rlighet \u00e4r viktigt.&#8221;<\/p>\n<p><strong>&#8221;Sanna mina skall<\/strong>&#8221;, sa jag. &#8221;Men hur t\u00e4nkte Gud h\u00e4r? Vad ska man med storkar till?&#8221;<\/p>\n<p><strong>Selma fnissade<\/strong>. &#8221;Titta p\u00e5 en kackerlacka s\u00e5 f\u00f6rst\u00e5r du att Gud inte finns. Eller att han &#8211; om det nu \u00e4r en han &#8211; \u00e4r den st\u00f6rsta komiker som funnits. F\u00f6r vad ska vi med sk\u00f6ldpaddor till? Eller spindlar? Eller strutsar? Vad \u00e4r det f\u00f6r vits med att vara f\u00e5gel om man inte kan flyga &#8230;?&#8221;<\/p>\n<p><strong>&#8221;Eller mastiffer&#8221;,<\/strong> fyllde jag i.<\/p>\n<p><strong>&#8221;H\u00e4, h\u00e4, h\u00e4&#8221;,<\/strong> flinade Selma. &#8221;Du menar de d\u00e4r som sp\u00e4nner sig och ser ut som testosteronstinna italienska glassf\u00f6rs\u00e4ljare. H\u00e4, h\u00e4, h\u00e4 &#8230; &#8221;<\/p>\n<p><strong>Vi rullade runt<\/strong> p\u00e5 rygg och sk\u00e4llde av skratt i n\u00e5gra sekunder. Storkarna stirrade f\u00f6rv\u00e5nat p\u00e5 oss och jag tyckte att de s\u00e5g f\u00f6ror\u00e4ttade ut. Selma reste sig upp, skakade p\u00e5 sig och knyckte med huvudet. Vi traskade vidare mot <em>Playa del Voffo<\/em> och d\u00f6k i.<\/p>\n<p><a href=\"https:\/\/www.ohrlund.se\/blogg\/wp-content\/uploads\/2012\/07\/Landskap.jpg\"><img loading=\"lazy\" decoding=\"async\" class=\"alignleft size-full wp-image-1419\" title=\"Landskap\" src=\"https:\/\/www.ohrlund.se\/blogg\/wp-content\/uploads\/2012\/07\/Landskap.jpg\" alt=\"\" width=\"1024\" height=\"183\" srcset=\"https:\/\/www.ohrlund.se\/blogg\/wp-content\/uploads\/2012\/07\/Landskap.jpg 1024w, https:\/\/www.ohrlund.se\/blogg\/wp-content\/uploads\/2012\/07\/Landskap-300x53.jpg 300w, https:\/\/www.ohrlund.se\/blogg\/wp-content\/uploads\/2012\/07\/Landskap-500x89.jpg 500w\" sizes=\"auto, (max-width: 1024px) 100vw, 1024px\" \/><\/a><\/p>\n<p><strong>N\u00e5gra timmar senare<\/strong> traskade vi hem\u00e5t genom kv\u00e4llslandskapet och konstaterade att livet inte \u00e4r s\u00e5 dumt.<\/p>\n<p><strong>Med eller utan storkar &#8230;<\/strong><\/p>\n<p>PS: Som vanligt sm\u00f6g <em>Glenn Nilsson<\/em> efter oss med sin kamera. Jag misst\u00e4nker att han f\u00f6rr eller senare t\u00e4nker bli rik genom att s\u00e4lja bilderna till <em>Hund i Veckan<\/em> eller <em>Hund Extra, Skalldal!<\/em>\u00a0eller n\u00e5gon annan skandaltidning. Well, Selma och jag bjuder p\u00e5 det &#8230;<\/p>\n<p>&nbsp;<\/p>\n<p>&nbsp;<\/p>\n<div id=\"wp_fb_like_button\" style=\"margin:5px 0;float:none;height:100px;\"><script src=\"http:\/\/connect.facebook.net\/en_US\/all.js#xfbml=1\"><\/script><fb:like href=\"https:\/\/www.ohrlund.se\/blogg\/sigvard-hund-25-och-vad-ville-gud-med-det-har\/\" send=\"true\" layout=\"standard\" width=\"450\" show_faces=\"true\" font=\"arial\" action=\"like\" colorscheme=\"light\"><\/fb:like><\/div>","protected":false},"excerpt":{"rendered":"<p>P\u00e5 min semester n\u00e4ra den sk\u00e5nska Atlanten bor jag hos en tjej som heter Selma. &nbsp; &nbsp; &nbsp; &nbsp; &nbsp; &nbsp; &nbsp; &nbsp; &nbsp; &nbsp; Det finns bara ett ord att beskriva henne med: Cool. Selma och jag vardagsfilosoferar om &hellip; <a href=\"https:\/\/www.ohrlund.se\/blogg\/sigvard-hund-25-och-vad-ville-gud-med-det-har\/\">Forts\u00e4tt l\u00e4sa <span class=\"meta-nav\">&rarr;<\/span><\/a><\/p>\n","protected":false},"author":2,"featured_media":0,"comment_status":"open","ping_status":"open","sticky":false,"template":"","format":"standard","meta":{"_jetpack_memberships_contains_paid_content":false,"footnotes":""},"categories":[1],"tags":[],"class_list":["post-1414","post","type-post","status-publish","format-standard","hentry","category-okategoriserade"],"jetpack_featured_media_url":"","jetpack_sharing_enabled":true,"post_mailing_queue_ids":[],"_links":{"self":[{"href":"https:\/\/www.ohrlund.se\/blogg\/wp-json\/wp\/v2\/posts\/1414","targetHints":{"allow":["GET"]}}],"collection":[{"href":"https:\/\/www.ohrlund.se\/blogg\/wp-json\/wp\/v2\/posts"}],"about":[{"href":"https:\/\/www.ohrlund.se\/blogg\/wp-json\/wp\/v2\/types\/post"}],"author":[{"embeddable":true,"href":"https:\/\/www.ohrlund.se\/blogg\/wp-json\/wp\/v2\/users\/2"}],"replies":[{"embeddable":true,"href":"https:\/\/www.ohrlund.se\/blogg\/wp-json\/wp\/v2\/comments?post=1414"}],"version-history":[{"count":9,"href":"https:\/\/www.ohrlund.se\/blogg\/wp-json\/wp\/v2\/posts\/1414\/revisions"}],"predecessor-version":[{"id":1428,"href":"https:\/\/www.ohrlund.se\/blogg\/wp-json\/wp\/v2\/posts\/1414\/revisions\/1428"}],"wp:attachment":[{"href":"https:\/\/www.ohrlund.se\/blogg\/wp-json\/wp\/v2\/media?parent=1414"}],"wp:term":[{"taxonomy":"category","embeddable":true,"href":"https:\/\/www.ohrlund.se\/blogg\/wp-json\/wp\/v2\/categories?post=1414"},{"taxonomy":"post_tag","embeddable":true,"href":"https:\/\/www.ohrlund.se\/blogg\/wp-json\/wp\/v2\/tags?post=1414"}],"curies":[{"name":"wp","href":"https:\/\/api.w.org\/{rel}","templated":true}]}}