{"id":143,"date":"2012-04-29T22:07:46","date_gmt":"2012-04-29T20:07:46","guid":{"rendered":"http:\/\/www.ohrlund.se\/blogg\/?p=143"},"modified":"2012-04-29T22:07:46","modified_gmt":"2012-04-29T20:07:46","slug":"skallens-eskapader","status":"publish","type":"post","link":"https:\/\/www.ohrlund.se\/blogg\/skallens-eskapader\/","title":{"rendered":"Skallens eskapader"},"content":{"rendered":"<p><strong>I mitten av 70-talet<\/strong> gav\u00a0min d\u00e5varande chefredakt\u00f6r mig ett annorlunda uppdrag. Jag skulle g\u00f6ra ett reportage om en sm\u00e5l\u00e4ndsk man med smeknamnet <em>Skallen<\/em>.<\/p>\n<p><strong>Skallen var i sanning en intressant person<\/strong>. Han var i 35-\u00e5rs\u00e5ldern, l\u00e4tt \u00f6verviktig och svettades ymnigt. Han f\u00f6rklarade mig omedelbart sin djupa\u00a0v\u00e4nskap samtidigt som han\u00a0 varje g\u00e5ng jag v\u00e4nde mig om f\u00f6rs\u00f6kte\u00a0stj\u00e4la min pl\u00e5nbok, kamera eller mina\u00a0bilnycklar.<\/p>\n<p><strong>Mannen<\/strong> &#8211; som h\u00e4r f\u00e5r vara anonym av h\u00e4nsyn till hans eventuella barn p\u00e5 bygden &#8211;\u00a0var inte bara\u00a0f\u00f6dgeni,\u00a0sm\u00e5tjuv,\u00a0bedragare och mytoman. Han hade\u00a0dessutom f\u00f6rmodligen en hel rad av de bokstavssjukdomar som knappt var uppfunna d\u00e5. N\u00e4r jag tr\u00e4ffade honom hade han nyss muckat fr\u00e5n f\u00e4ngelset i Karlskrona\u00a0efter att ha avtj\u00e4nat straff f\u00f6r en bunt sm\u00e5brott. Men bara efter n\u00e5gra veckor i frihet bland &#8221;tjafsb\u00f6gar och skattebetalare&#8221; som han kallade vanliga medborgare, stod han inte ut l\u00e4ngre. Skallen f\u00f6rs\u00f6kte kl\u00e4ttra \u00f6ver muren tillbaka in i f\u00e4ngelset, medan jag fotograferade. Efter det misslyckade f\u00f6rs\u00f6ket lommade han runt muren och ringde p\u00e5. N\u00e4r vakten \u00f6ppnade f\u00f6rklarade Skallen att han ville in i f\u00e4ngelset igen. Vakten skakade p\u00e5 huvudet:<\/p>\n<p><em><strong>&#8221;N\u00e4 f\u00f6r Guds skull, dig vill vi inte se h\u00e4r igen!&#8221;<\/strong><\/em><\/p>\n<p><strong>Skallens depression<\/strong> \u00f6ver att beh\u00f6va vistas bland vanliga m\u00e4nniskor varade inte s\u00e5 l\u00e4nge. Ist\u00e4llet gick hans hj\u00e4rna p\u00e5 h\u00f6gvarv. Det skulle g\u00f6ras aff\u00e4rer, stora aff\u00e4rer, och i vanlig ordning handlade det om ett slags omv\u00e4nd Gnosj\u00f6anda.<\/p>\n<p><strong>En sommardag<\/strong> kom han k\u00f6rande till Stockholm i en gammal Opel Rekord\u00a0med frun i frams\u00e4tet. Hur han lyckats gifta sig med en 20-\u00e5ring var ett mysterium och i baks\u00e4tet satt \u00e4nnu ett &#8211; en \u00e4lskarinna som inte kunde vara mer \u00e4n 17, max 18. Hur mycket frun f\u00f6rstod om \u00e4lskarinnans roll var oklart, Skallen var\u00a0en m\u00e4stare i att dupera.<\/p>\n<p><strong>Under n\u00e5gra intensiva sommarveckor<\/strong> f\u00f6ljde jag Skallens framfart \u00f6ver Sverige. En av aff\u00e4rsid\u00e9erna var att under semestertider fakturera kommuner runt om i landet f\u00f6r alla m\u00f6jliga tj\u00e4nster och med bara tio dagars betalningstid p\u00e5 fakturan. Eftersom den ordinarie handl\u00e4ggaren var p\u00e5 semester i fyra veckor valde vikarien ofta att rycka p\u00e5 axlarna och betala. Tusenlapparna str\u00f6mmade in. Samtidigt g\u00e4llde det att minimera kostnaderna i aff\u00e4rsverksamheten. Skallen s\u00e5g det som en ren f\u00f6rol\u00e4mpning att beh\u00f6va betala restaurang- eller hotellnotor och fler \u00e4n en g\u00e5ng fick han springa gatlopp medan svetten l\u00f6pte nerf\u00f6r pannan.<\/p>\n<p><strong>S\u00e5 sm\u00e5ningom<\/strong> gick sommaren mot sitt slut och eftersom faktureringstricket inte funkade l\u00e4ngre var goda r\u00e5d dyra. N\u00e4r Skallen ringde och presenterade sin nya aff\u00e4rsid\u00e9 skakade jag p\u00e5 huvudet, men begav mig mot\u00a0marknaden <em>Tosia Bonnadan<\/em>\u00a0i\u00a0Ronneby med kameran laddad.<\/p>\n<p><strong>Skallen hade k\u00f6pt upp ett parti tr\u00e4tofflor<\/strong> f\u00f6r n\u00e4stan inga pengar. Blixtsnabbt hade han tryckt vackra, bl\u00e5gula dekaler som signalerade att tofflorna var helsvenska och med texten <em>Skalletoffeln &#8211; Fotriktig, Vristv\u00e4nlig<\/em>, vilket i sj\u00e4lva verket var ytterst tveksamt.<\/p>\n<p><strong>Den lille runde mannen<\/strong> log mot sm\u00e5barnsmammor medan han sj\u00e4lvs\u00e4kert kl\u00e4mde in barnaf\u00f6tter i f\u00f6r sm\u00e5\u00a0tofflor. Det hela blev inte l\u00e4ttare av att det ofta var\u00a0tofflor i olika storlekar som satt sammanh\u00e4ftade, men n\u00e4r barnen gr\u00e4t och skrek f\u00f6rklarade Skallen lugnt f\u00f6r mamman att tofflorna mycket snabbt skulle &#8221;g\u00e5 ut sig&#8221;. Dessutom var de ju n\u00e4rmast ofattbart billiga.<\/p>\n<p><strong>Det dr\u00f6jde inte m\u00e5nga timmar<\/strong> innan Skallen s\u00e5lt slut p\u00e5 sitt parti. Sedan han r\u00e4knat tusenlapparna besl\u00f6t han att snabbt l\u00e4mna marknaden eftersom han tydligen inte betalt f\u00f6r sin plats d\u00e4r. Frun beordrades till baks\u00e4tet medan \u00e4lskarinnan f\u00f6r omv\u00e4xlings skull fick sitta fram. Innan han klev in i Opeln tittade han p\u00e5 folkm\u00e4ngden p\u00e5 marknaden och skakade p\u00e5 huvudet: &#8221;Tjafsb\u00f6gar och skattebetalare &#8230; &#8221;<\/p>\n<p><strong>Opeln f\u00f6rsvann i fj\u00e4rran<\/strong> och jag h\u00f6rde aldrig av honom mer. Men h\u00e4romdagen fick jag veta hur \u00e4ventyret fortsatte och slutade.<\/p>\n<p><strong>Skallen arbetade<\/strong> under en period \u00e5t en tandtekniker i Sm\u00e5land. N\u00e4r han f\u00e5tt reda p\u00e5 att arbetsgivaren f\u00f6rvarade stora summor pengar hemma, erbj\u00f6d han sig p\u00e5 st\u00e5ende fot att sitta barnvakt om teknikern ville ta en kv\u00e4ll p\u00e5 stan med sin fru. Mannen accepterade tacksamt erbjudandet.<\/p>\n<p><strong>De sm\u00e5 barnen hann knappt somna<\/strong> f\u00f6rr\u00e4n Skallen letade upp pengarna, l\u00e4mnade barnen och f\u00f6rsvann &#8211; till Rio de Janeiro! Han\u00a0blev\u00a0efterlyst av Interpol men p\u00e5 den tiden hade Brasilien inget utl\u00e4mningsavtal med Sverige.\u00a0Efter n\u00e5gra \u00e5r var pengarna slut, Skallen kontaktade konsulatet,\u00a0fl\u00f6gs hem p\u00e5 statens bekostnad och n\u00e4r polisen grep honom p\u00e5 Arlanda var han inte bara pank utan ocks\u00e5\u00a0barfota!<\/p>\n<p><strong>Efter\u00a0f\u00e4ngelserundan kavlade Skallen upp \u00e4rmarna<\/strong> och tog\u00a0nya tag. Han var inblandad i en mattkupp i V\u00e4xj\u00f6 och flydde sedan till Polen d\u00e4r han h\u00f6ll sig g\u00f6md. Men m\u00f6jligen sviktade hans aff\u00e4rssinne n\u00e5got n\u00e4r han s\u00e5lde sitt pass till en man som ville fly till Sverige, och skr\u00f6t om detta f\u00f6r sina svenska kamrater. Uppgifterna n\u00e5dde polisen och Skallen \u00e5kte i f\u00e4ngelse i Polen.<\/p>\n<p><strong>Efter avtj\u00e4nat straff<\/strong> utl\u00e4mnades Skallen till Sverige, men hann inte s\u00e4tta s\u00e5 m\u00e5nga nya aff\u00e4rsplaner i verket f\u00f6rr\u00e4n han dog.<\/p>\n<p><strong>Sm\u00e5land hade f\u00f6rlorat en annorlunda entrepren\u00f6r.<\/strong><\/p>\n<div id=\"wp_fb_like_button\" style=\"margin:5px 0;float:none;height:100px;\"><script src=\"http:\/\/connect.facebook.net\/en_US\/all.js#xfbml=1\"><\/script><fb:like href=\"https:\/\/www.ohrlund.se\/blogg\/skallens-eskapader\/\" send=\"true\" layout=\"standard\" width=\"450\" show_faces=\"true\" font=\"arial\" action=\"like\" colorscheme=\"light\"><\/fb:like><\/div>","protected":false},"excerpt":{"rendered":"<p>I mitten av 70-talet gav\u00a0min d\u00e5varande chefredakt\u00f6r mig ett annorlunda uppdrag. Jag skulle g\u00f6ra ett reportage om en sm\u00e5l\u00e4ndsk man med smeknamnet Skallen. Skallen var i sanning en intressant person. Han var i 35-\u00e5rs\u00e5ldern, l\u00e4tt \u00f6verviktig och svettades ymnigt. Han &hellip; <a href=\"https:\/\/www.ohrlund.se\/blogg\/skallens-eskapader\/\">Forts\u00e4tt l\u00e4sa <span class=\"meta-nav\">&rarr;<\/span><\/a><\/p>\n","protected":false},"author":2,"featured_media":0,"comment_status":"open","ping_status":"open","sticky":false,"template":"","format":"standard","meta":{"_jetpack_memberships_contains_paid_content":false,"footnotes":""},"categories":[1],"tags":[],"class_list":["post-143","post","type-post","status-publish","format-standard","hentry","category-okategoriserade"],"jetpack_featured_media_url":"","jetpack_sharing_enabled":true,"post_mailing_queue_ids":[],"_links":{"self":[{"href":"https:\/\/www.ohrlund.se\/blogg\/wp-json\/wp\/v2\/posts\/143","targetHints":{"allow":["GET"]}}],"collection":[{"href":"https:\/\/www.ohrlund.se\/blogg\/wp-json\/wp\/v2\/posts"}],"about":[{"href":"https:\/\/www.ohrlund.se\/blogg\/wp-json\/wp\/v2\/types\/post"}],"author":[{"embeddable":true,"href":"https:\/\/www.ohrlund.se\/blogg\/wp-json\/wp\/v2\/users\/2"}],"replies":[{"embeddable":true,"href":"https:\/\/www.ohrlund.se\/blogg\/wp-json\/wp\/v2\/comments?post=143"}],"version-history":[{"count":8,"href":"https:\/\/www.ohrlund.se\/blogg\/wp-json\/wp\/v2\/posts\/143\/revisions"}],"predecessor-version":[{"id":1278,"href":"https:\/\/www.ohrlund.se\/blogg\/wp-json\/wp\/v2\/posts\/143\/revisions\/1278"}],"wp:attachment":[{"href":"https:\/\/www.ohrlund.se\/blogg\/wp-json\/wp\/v2\/media?parent=143"}],"wp:term":[{"taxonomy":"category","embeddable":true,"href":"https:\/\/www.ohrlund.se\/blogg\/wp-json\/wp\/v2\/categories?post=143"},{"taxonomy":"post_tag","embeddable":true,"href":"https:\/\/www.ohrlund.se\/blogg\/wp-json\/wp\/v2\/tags?post=143"}],"curies":[{"name":"wp","href":"https:\/\/api.w.org\/{rel}","templated":true}]}}