{"id":1442,"date":"2012-07-21T23:33:56","date_gmt":"2012-07-21T21:33:56","guid":{"rendered":"http:\/\/www.ohrlund.se\/blogg\/?p=1442"},"modified":"2012-07-21T23:33:56","modified_gmt":"2012-07-21T21:33:56","slug":"moralpanik-igen","status":"publish","type":"post","link":"https:\/\/www.ohrlund.se\/blogg\/moralpanik-igen\/","title":{"rendered":"Moralpanik &#8211; igen."},"content":{"rendered":"<p><strong>V\u00e4nner, det \u00e4r dags att st\u00e4nga Sverige.<\/strong> F\u00f6rfattaren <em>Herman Lindqvist<\/em> har svarat p\u00e5 n\u00e5gra fr\u00e5gor som en extremistsajt st\u00e4llt och v\u00e4rre kan det tydligen inte bli:<\/p>\n<p><a href=\"http:\/\/www.svd.se\/kultur\/herman-lindqvist-pa-extremistsajt_7281189.svd\">http:\/\/www.svd.se\/kultur\/herman-lindqvist-pa-extremistsajt_7281189.svd<\/a><\/p>\n<p><strong>Av detta<\/strong> g\u00f6rs en stor sak i ankdammen och fr\u00e5gan f\u00e5r plats i en av de stora och malliga tidningarna.<\/p>\n<p><strong>Som f\u00f6rfattare och debatt\u00f6r <\/strong><em>borde<\/em> Lindqvist naturligtvis sj\u00e4lv f\u00e5 v\u00e4lja att svara eller ej n\u00e4r han f\u00e5r fr\u00e5gor. Men snabbt kastas den unkna, politiskt korrekta filten \u00f6ver honom och \u00e5ter st\u00e5r det klart att den svenska &#8221;yttrandefriheten&#8221; g\u00e4ller med begr\u00e4nsningar, och att m\u00e5nga vill vara de som avg\u00f6r vad som f\u00e5r yttras.<\/p>\n<p><strong>I det ligger en fara som f\u00e5 vill diskutera.<\/strong><\/p>\n<p><strong>S\u00e5 h\u00e4r<\/strong> skriver min synnerligen kloke f\u00f6rfattarkollega <em>Tommy Deogan<\/em> om saken:<\/p>\n<p><em>&#8221;Ytterligare ett exempel p\u00e5 att vi lever i\u00a0 Moralpanikens h\u00f6gkvarter! Finns d\u00e4r inga v\u00e4rre &#8221;problem&#8221; att fokusera p\u00e5\/ l\u00e4gga energin p\u00e5? Som t.ex. f\u00f6rfattare som vill sjunga i ESC och kvinnor som inte v\u00e4ljer att raka sig under armarna&#8230; Resten blundar vi f\u00f6r ist\u00e4llet, som barnfattigdom, kvinnomisshandel, mygel, korruption och heml\u00f6shet- dessa saker &#8221;finns ju inte i Sverige&#8221;, bara i alla andra l\u00e4nder&#8230; !&#8221;<\/em><\/p>\n<p><strong>Inst\u00e4mmer med f\u00f6reg\u00e5ende talare.<\/strong><\/p>\n<div id=\"wp_fb_like_button\" style=\"margin:5px 0;float:none;height:100px;\"><script src=\"http:\/\/connect.facebook.net\/en_US\/all.js#xfbml=1\"><\/script><fb:like href=\"https:\/\/www.ohrlund.se\/blogg\/moralpanik-igen\/\" send=\"true\" layout=\"standard\" width=\"450\" show_faces=\"true\" font=\"arial\" action=\"like\" colorscheme=\"light\"><\/fb:like><\/div>","protected":false},"excerpt":{"rendered":"<p>V\u00e4nner, det \u00e4r dags att st\u00e4nga Sverige. F\u00f6rfattaren Herman Lindqvist har svarat p\u00e5 n\u00e5gra fr\u00e5gor som en extremistsajt st\u00e4llt och v\u00e4rre kan det tydligen inte bli: http:\/\/www.svd.se\/kultur\/herman-lindqvist-pa-extremistsajt_7281189.svd Av detta g\u00f6rs en stor sak i ankdammen och fr\u00e5gan f\u00e5r plats i &hellip; <a href=\"https:\/\/www.ohrlund.se\/blogg\/moralpanik-igen\/\">Forts\u00e4tt l\u00e4sa <span class=\"meta-nav\">&rarr;<\/span><\/a><\/p>\n","protected":false},"author":2,"featured_media":0,"comment_status":"open","ping_status":"open","sticky":false,"template":"","format":"standard","meta":{"_jetpack_memberships_contains_paid_content":false,"footnotes":""},"categories":[1],"tags":[],"class_list":["post-1442","post","type-post","status-publish","format-standard","hentry","category-okategoriserade"],"jetpack_featured_media_url":"","jetpack_sharing_enabled":true,"post_mailing_queue_ids":[],"_links":{"self":[{"href":"https:\/\/www.ohrlund.se\/blogg\/wp-json\/wp\/v2\/posts\/1442","targetHints":{"allow":["GET"]}}],"collection":[{"href":"https:\/\/www.ohrlund.se\/blogg\/wp-json\/wp\/v2\/posts"}],"about":[{"href":"https:\/\/www.ohrlund.se\/blogg\/wp-json\/wp\/v2\/types\/post"}],"author":[{"embeddable":true,"href":"https:\/\/www.ohrlund.se\/blogg\/wp-json\/wp\/v2\/users\/2"}],"replies":[{"embeddable":true,"href":"https:\/\/www.ohrlund.se\/blogg\/wp-json\/wp\/v2\/comments?post=1442"}],"version-history":[{"count":2,"href":"https:\/\/www.ohrlund.se\/blogg\/wp-json\/wp\/v2\/posts\/1442\/revisions"}],"predecessor-version":[{"id":1444,"href":"https:\/\/www.ohrlund.se\/blogg\/wp-json\/wp\/v2\/posts\/1442\/revisions\/1444"}],"wp:attachment":[{"href":"https:\/\/www.ohrlund.se\/blogg\/wp-json\/wp\/v2\/media?parent=1442"}],"wp:term":[{"taxonomy":"category","embeddable":true,"href":"https:\/\/www.ohrlund.se\/blogg\/wp-json\/wp\/v2\/categories?post=1442"},{"taxonomy":"post_tag","embeddable":true,"href":"https:\/\/www.ohrlund.se\/blogg\/wp-json\/wp\/v2\/tags?post=1442"}],"curies":[{"name":"wp","href":"https:\/\/api.w.org\/{rel}","templated":true}]}}