{"id":1449,"date":"2012-08-02T22:14:52","date_gmt":"2012-08-02T20:14:52","guid":{"rendered":"http:\/\/www.ohrlund.se\/blogg\/?p=1449"},"modified":"2012-08-02T22:14:52","modified_gmt":"2012-08-02T20:14:52","slug":"lackberg-raddar-expressens-upplaga","status":"publish","type":"post","link":"https:\/\/www.ohrlund.se\/blogg\/lackberg-raddar-expressens-upplaga\/","title":{"rendered":"L\u00e4ckberg r\u00e4ddar Expressens upplaga"},"content":{"rendered":"<p><strong>Jag kan se scenen framf\u00f6r mig:<\/strong><\/p>\n<p><strong>Expressens redaktion. Nyhetstorka.<\/strong> Evig skr\u00e4ck f\u00f6r att den ledande konkurrenten (som vanligt) kommit p\u00e5 n\u00e5got b\u00e4ttre.<\/p>\n<p><strong>Redakt\u00f6rer sl\u00e5r<\/strong> sina kloka huvuden ihop. Och kommer inte upp med n\u00e5got b\u00e4ttre \u00e4n:<\/p>\n<p><strong>S\u00c5 SN\u00c5LAR L\u00c4CKBERG MED SIN F\u00d6RM\u00d6GENHET.<\/strong><\/p>\n<p><strong>Artikeln kan ber\u00e4tta<\/strong> att L\u00e4ckbergs f\u00f6retag dragit in 102 miljoner kronor under de senaste fyra \u00e5ren. Att samma f\u00f6retag f\u00f6r andra \u00e5ret i rad drog in \u00f6ver 30 miljoner. F\u00f6r att ge artikeln alibi redovisar man i smalspalt till h\u00f6ger vad\u00a0n\u00e5gra andra b\u00e4sts\u00e4ljande deckarf\u00f6rfattares f\u00f6retag oms\u00e4tter.<\/p>\n<p><strong>Men naturligtvis<\/strong> n\u00e4mner man inte namn som <em>PO Enquist, Herman Lindqvist<\/em> eller &#8211; gubevars &#8211; n\u00e5gra av v\u00e5ra duktigaste kvinnliga f\u00f6rfattare som<em> inte<\/em> skriver deckare.<\/p>\n<p><strong>Det vore alltf\u00f6r farligt.<\/strong><\/p>\n<p><strong>T\u00e4nk om<\/strong> kulturredaktionen skulle f\u00e5 nobben n\u00e4sta g\u00e5ng de vill prata med n\u00e5gon av de <em>fina och viktiga<\/em>. Det vore inte bra.<\/p>\n<p><strong>Att sl\u00e5 p\u00e5<\/strong> komersiellt framg\u00e5ngsrika f\u00f6rfattare &#8211; speciellt L\u00e4ckberg &#8211; \u00e4r praktiskt och bra. Det s\u00e4ljer l\u00f6snummer och det \u00e4r relativt ofarligt. Camilla har sedan l\u00e4nge visat att hon kan f\u00f6rvandla sig till g\u00e5s n\u00e4r kv\u00e4llstidningsjournalisterna b\u00e4r fram spannarna.<\/p>\n<p><strong>Tydligen har det kr\u00e4vt tv\u00e5 Expressenreportrar<\/strong> f\u00f6r att f\u00e5 ihop de f\u00e5 rader artikeln best\u00e5r av. Och den l\u00e4r knappast f\u00e5 n\u00e5gra priser f\u00f6r gr\u00e4vande journalistik. Mest det gamla vanliga &#8211; floskler ackompanjerade av n\u00e5gra passande pratminus.<\/p>\n<p><strong>Till detta s\u00e4tts<\/strong> en absurd rubrik som f\u00e5r plats p\u00e5 l\u00f6psedeln och ettan,\u00a0sannolikt av en magsur redigerare som \u00e4r alltf\u00f6r v\u00e4l medveten om att\u00a0inte ens den blir en litter\u00e4r framg\u00e5ng p\u00e5 n\u00e5got s\u00e4tt.<\/p>\n<p><strong>Det m\u00e5ste vara ett helvete<\/strong> att veta att ens text \u00e4r en loser redan innan den\u00a0\u00e4r tryckt.<\/p>\n<p><strong>Jag tycker<\/strong> att Expressen ska skita i hur mycket Camilla L\u00e4ckberg tj\u00e4nar. Du kan tycka vad du vill om hennes historier men faktum kvarst\u00e5r &#8211; tjejen har s\u00e5lt \u00f6ver 4,5 miljoner b\u00f6cker enbart i Sverige och tillr\u00e4ckligt m\u00e5nga m\u00e4nniskor har visat att de vill l\u00e4sa hennes ber\u00e4ttelser.<\/p>\n<p><strong>Det \u00e4r mer<\/strong> \u00e4n Expressens journalister n\u00e5gonsin f\u00e5r uppleva.<\/p>\n<p><strong>Respekt, allts\u00e5.<\/strong><\/p>\n<p><strong>Jag kan f\u00f6rst\u00e5<\/strong> att garvsyran svider hos dem p\u00e5 kulturredaktionerna, som inser att de inte skulle kunna f\u00e5 ihop en bestseller p\u00e5 tio \u00e5r\u00a0om de s\u00e5 slog knut p\u00e5 b\u00e5de\u00a0sina sjalar och sig sj\u00e4lva. Tuff skit.<\/p>\n<p><strong>Jag har en stor respekt<\/strong> f\u00f6r f\u00f6rfattare som skriver n\u00e5got massor av m\u00e4nniskor vill ha, f\u00f6r musiker som skapar hits, f\u00f6r konstn\u00e4rer som n\u00e5r ut brett. Kan vi inte bara vinka \u00e5t dem, gratulera till ett bra jobb och &#8230; nej, det kan vi f\u00f6rst\u00e5s inte! F\u00f6r vi som kritiserar \u00e4r fina och viktiga och vet b\u00e4ttre, eller hur? st\u00f6nar kulturredakt\u00f6rerna.<\/p>\n<p><strong>Tacksamt b\u00f6r de kr\u00e4la<\/strong> f\u00f6r att Camilla L\u00e4ckberg r\u00e4ddade \u00e4nnu en dag \u00e5t en tidning som inte klarar en nyhetstorka.<\/p>\n<p><strong>Till saken h\u00f6r<\/strong> att hon \u00e4r en synnerligen trevlig prick som\u00a0har lyckats genomf\u00f6ra det var tredje svensk dr\u00f6mmer om &#8211; att skriva en bok. Hon har dessutom g\u00e5tt ett par steg l\u00e4ngre. Skrivit flera. Och s\u00e5lt mer \u00e4n de flesta dr\u00f6mmer om.<\/p>\n<p><strong>Grattis, Camilla!\u00a0<\/strong><\/p>\n<div id=\"wp_fb_like_button\" style=\"margin:5px 0;float:none;height:100px;\"><script src=\"http:\/\/connect.facebook.net\/en_US\/all.js#xfbml=1\"><\/script><fb:like href=\"https:\/\/www.ohrlund.se\/blogg\/lackberg-raddar-expressens-upplaga\/\" send=\"true\" layout=\"standard\" width=\"450\" show_faces=\"true\" font=\"arial\" action=\"like\" colorscheme=\"light\"><\/fb:like><\/div>","protected":false},"excerpt":{"rendered":"<p>Jag kan se scenen framf\u00f6r mig: Expressens redaktion. Nyhetstorka. Evig skr\u00e4ck f\u00f6r att den ledande konkurrenten (som vanligt) kommit p\u00e5 n\u00e5got b\u00e4ttre. Redakt\u00f6rer sl\u00e5r sina kloka huvuden ihop. Och kommer inte upp med n\u00e5got b\u00e4ttre \u00e4n: S\u00c5 SN\u00c5LAR L\u00c4CKBERG MED &hellip; <a href=\"https:\/\/www.ohrlund.se\/blogg\/lackberg-raddar-expressens-upplaga\/\">Forts\u00e4tt l\u00e4sa <span class=\"meta-nav\">&rarr;<\/span><\/a><\/p>\n","protected":false},"author":2,"featured_media":0,"comment_status":"open","ping_status":"open","sticky":false,"template":"","format":"standard","meta":{"_jetpack_memberships_contains_paid_content":false,"footnotes":""},"categories":[1],"tags":[],"class_list":["post-1449","post","type-post","status-publish","format-standard","hentry","category-okategoriserade"],"jetpack_featured_media_url":"","jetpack_sharing_enabled":true,"post_mailing_queue_ids":[],"_links":{"self":[{"href":"https:\/\/www.ohrlund.se\/blogg\/wp-json\/wp\/v2\/posts\/1449","targetHints":{"allow":["GET"]}}],"collection":[{"href":"https:\/\/www.ohrlund.se\/blogg\/wp-json\/wp\/v2\/posts"}],"about":[{"href":"https:\/\/www.ohrlund.se\/blogg\/wp-json\/wp\/v2\/types\/post"}],"author":[{"embeddable":true,"href":"https:\/\/www.ohrlund.se\/blogg\/wp-json\/wp\/v2\/users\/2"}],"replies":[{"embeddable":true,"href":"https:\/\/www.ohrlund.se\/blogg\/wp-json\/wp\/v2\/comments?post=1449"}],"version-history":[{"count":2,"href":"https:\/\/www.ohrlund.se\/blogg\/wp-json\/wp\/v2\/posts\/1449\/revisions"}],"predecessor-version":[{"id":1451,"href":"https:\/\/www.ohrlund.se\/blogg\/wp-json\/wp\/v2\/posts\/1449\/revisions\/1451"}],"wp:attachment":[{"href":"https:\/\/www.ohrlund.se\/blogg\/wp-json\/wp\/v2\/media?parent=1449"}],"wp:term":[{"taxonomy":"category","embeddable":true,"href":"https:\/\/www.ohrlund.se\/blogg\/wp-json\/wp\/v2\/categories?post=1449"},{"taxonomy":"post_tag","embeddable":true,"href":"https:\/\/www.ohrlund.se\/blogg\/wp-json\/wp\/v2\/tags?post=1449"}],"curies":[{"name":"wp","href":"https:\/\/api.w.org\/{rel}","templated":true}]}}