{"id":1452,"date":"2012-08-20T00:17:59","date_gmt":"2012-08-19T22:17:59","guid":{"rendered":"http:\/\/www.ohrlund.se\/blogg\/?p=1452"},"modified":"2012-08-20T00:17:59","modified_gmt":"2012-08-19T22:17:59","slug":"en-spannande-host","status":"publish","type":"post","link":"https:\/\/www.ohrlund.se\/blogg\/en-spannande-host\/","title":{"rendered":"En sp\u00e4nnande h\u00f6st!"},"content":{"rendered":"<div><strong>Hej alla v\u00e4nner och fans!<\/strong><\/div>\n<div><strong>Det h\u00e4nder mycket nu<\/strong> &#8211; en del gott och en del mindre gott. Min deckare <em>&#8221;Till minne av Charlie K&#8221;<\/em>\u00a0 som kom ut i maj har f\u00e5tt ett fantastiskt gott mottagande och bland annat ska jag till <strong>Lysekil p\u00e5 Bokens Dag den 25 oktober<\/strong> f\u00f6r att prata om den. \u00c4r ni i n\u00e4rheten d\u00e5 s\u00e5 \u00e4r ni f\u00f6rst\u00e5s varmt v\u00e4lkomna!<br \/>\n<strong>I september sl\u00e4pper jag <em>&#8221;Skriv din bok och s\u00e4lj den&#8221;<\/em><\/strong> &#8211; en handledning f\u00f6r alla er som \u00e4r intresserade av att skriva en bok och f\u00e5 den utgiven. Tyv\u00e4rr drar f\u00f6rlaget Bra B\u00f6cker ner sin utgivning och d\u00e4rf\u00f6r kommer boken inte att finnas i n\u00e5gon speciell monter p\u00e5 Bokm\u00e4ssan i G\u00f6teborg i slutet av september, men den finns f\u00f6rst\u00e5s tillg\u00e4nglig i bokhandeln och via internetbokhandeln.<br \/>\n<strong>Just nu<\/strong> f\u00e4rdigst\u00e4ller jag en hemlig bok som jag kommer att ber\u00e4tta mer om senare. <strong>Den 26 september<\/strong> utkommer min och Dan Buthlers <em><strong>&#8221;\u00c5terv\u00e4ndaren&#8221;,<\/strong><\/em> en forts\u00e4ttning p\u00e5 de tidigare b\u00f6ckerna om psykopaten <em><strong>Christopher Silfverbielke<\/strong><\/em>. Och snart \u00e4r det dags att sitta ner och skriva n\u00e4sta Silfverbielke-bok. Vid sidan av det h\u00e4r jobbar jag vidare p\u00e5 en hel del andra, egna bokprojekt.<br \/>\n<strong>Jag \u00e4r f\u00f6rst\u00e5s glad<\/strong> och tacksam f\u00f6r alla era kommentarer och har kroniskt d\u00e5ligt samvete f\u00f6r att jag uppdaterar bloggen alldeles f\u00f6r s\u00e4llan, men jag m\u00e5ste ju hinna skriva manus ocks\u00e5! Hoppas att ni alla har haft en alldeles speciellt bra sommar! :o)<\/div>\n<div><strong>Vi h\u00f6rs snart igen! :o)<\/strong><\/div>\n<div id=\"wp_fb_like_button\" style=\"margin:5px 0;float:none;height:100px;\"><script src=\"http:\/\/connect.facebook.net\/en_US\/all.js#xfbml=1\"><\/script><fb:like href=\"https:\/\/www.ohrlund.se\/blogg\/en-spannande-host\/\" send=\"true\" layout=\"standard\" width=\"450\" show_faces=\"true\" font=\"arial\" action=\"like\" colorscheme=\"light\"><\/fb:like><\/div>","protected":false},"excerpt":{"rendered":"<p>Hej alla v\u00e4nner och fans! Det h\u00e4nder mycket nu &#8211; en del gott och en del mindre gott. Min deckare &#8221;Till minne av Charlie K&#8221;\u00a0 som kom ut i maj har f\u00e5tt ett fantastiskt gott mottagande och bland annat ska &hellip; <a href=\"https:\/\/www.ohrlund.se\/blogg\/en-spannande-host\/\">Forts\u00e4tt l\u00e4sa <span class=\"meta-nav\">&rarr;<\/span><\/a><\/p>\n","protected":false},"author":2,"featured_media":0,"comment_status":"open","ping_status":"open","sticky":false,"template":"","format":"standard","meta":{"_jetpack_memberships_contains_paid_content":false,"footnotes":""},"categories":[1],"tags":[],"class_list":["post-1452","post","type-post","status-publish","format-standard","hentry","category-okategoriserade"],"jetpack_featured_media_url":"","jetpack_sharing_enabled":true,"post_mailing_queue_ids":[],"_links":{"self":[{"href":"https:\/\/www.ohrlund.se\/blogg\/wp-json\/wp\/v2\/posts\/1452","targetHints":{"allow":["GET"]}}],"collection":[{"href":"https:\/\/www.ohrlund.se\/blogg\/wp-json\/wp\/v2\/posts"}],"about":[{"href":"https:\/\/www.ohrlund.se\/blogg\/wp-json\/wp\/v2\/types\/post"}],"author":[{"embeddable":true,"href":"https:\/\/www.ohrlund.se\/blogg\/wp-json\/wp\/v2\/users\/2"}],"replies":[{"embeddable":true,"href":"https:\/\/www.ohrlund.se\/blogg\/wp-json\/wp\/v2\/comments?post=1452"}],"version-history":[{"count":2,"href":"https:\/\/www.ohrlund.se\/blogg\/wp-json\/wp\/v2\/posts\/1452\/revisions"}],"predecessor-version":[{"id":1454,"href":"https:\/\/www.ohrlund.se\/blogg\/wp-json\/wp\/v2\/posts\/1452\/revisions\/1454"}],"wp:attachment":[{"href":"https:\/\/www.ohrlund.se\/blogg\/wp-json\/wp\/v2\/media?parent=1452"}],"wp:term":[{"taxonomy":"category","embeddable":true,"href":"https:\/\/www.ohrlund.se\/blogg\/wp-json\/wp\/v2\/categories?post=1452"},{"taxonomy":"post_tag","embeddable":true,"href":"https:\/\/www.ohrlund.se\/blogg\/wp-json\/wp\/v2\/tags?post=1452"}],"curies":[{"name":"wp","href":"https:\/\/api.w.org\/{rel}","templated":true}]}}