{"id":1456,"date":"2012-08-22T23:42:56","date_gmt":"2012-08-22T21:42:56","guid":{"rendered":"http:\/\/www.ohrlund.se\/blogg\/?p=1456"},"modified":"2012-08-22T23:42:56","modified_gmt":"2012-08-22T21:42:56","slug":"sl-vakna","status":"publish","type":"post","link":"https:\/\/www.ohrlund.se\/blogg\/sl-vakna\/","title":{"rendered":"SL &#8211; vakna!"},"content":{"rendered":"<p><strong>Jo jo, jag har l\u00e4st<\/strong>, sett och h\u00f6rt \u00e5tminstone h\u00e4lften av bortf\u00f6rklaringarna. Ni har f\u00e5tt direktiv <em>uppifr\u00e5n<\/em>. Blivit decentraliserade, bolagiserade, uppk\u00f6pta, privatiserade och allt det d\u00e4r, vilket ocks\u00e5 i grund och botten har visat sig tragiskt. I dag fungerar ni ju <em>\u00e4nnu<\/em> s\u00e4mre \u00e4n n\u00e4r ni arbetade som ett socialistiskt kollektiv. Illa.<\/p>\n<p><strong>Jag har nyss<\/strong> postat ett gammalt hederligt pappersbrev till er. Eftersom jag inte har ett uns av hopp om att det<\/p>\n<p>a) ska n\u00e5 er, eftersom posten privatiserats<\/p>\n<p>b) om det mot f\u00f6rmodan n\u00e5r er, ska g\u00f6ra n\u00e5gon verkan eftersom ni inte kan best\u00e4mma till <em>vilket<\/em> av alla privata riskkapitalistbolag det ska vidarebefordras<\/p>\n<p><strong>Icke desto mindre:<\/strong><\/p>\n<p><strong>Eftersom<\/strong> er hemsida knappast drabbas av sn\u00f6ov\u00e4der i augusti, \u00e4r det minsta man kan beg\u00e4ra, att den ska fungera n\u00e4r man vill registrera sina ton\u00e5rsbarns svindyra terminskort p\u00e5 den.<\/p>\n<p><strong>Och det kan man inte.<\/strong> Man kan inte heller skicka ett felmeddelande till er.<\/p>\n<p><strong>Wake up<\/strong>, det \u00e4r 2012 nu.<\/p>\n<p><strong>Allts\u00e5 publiceras<\/strong> h\u00e4r, bortsett fr\u00e5n personuppgifterna, det brev som i morgon snigelpostas till er, med en lam f\u00f6rhoppning om att n\u00e5gon ska reagera:<\/p>\n<p>SL kundtj\u00e4nst<br \/>\nBox 30047<br \/>\n104 25 Stockholm<\/p>\n<p>2012 \u2013 08 &#8211; 22<\/p>\n<p><span style=\"text-decoration: underline;\">Betr\u00e4ffande registrering av SL-kort f\u00f6r ungdomar<\/span><\/p>\n<p>Jag \u00e4r milt uttryckt f\u00f6rv\u00e5nad, snarare chockad. F\u00f6rutom de pengar jag eller skolan betalar f\u00f6r att en ton\u00e5ring ska kunna \u00e5ka med de kommunikationer som fungerar hj\u00e4lpligt p\u00e5 sommaren och med u-landstouch p\u00e5 vintern (ni tycks fortfarande lika f\u00f6rv\u00e5nade varje \u00e5r, \u00f6ver att det blir kallt och kommer sn\u00f6. Ska jag ber\u00e4tta en hemlis\u2026? :-)) ska jag betala 720 kronor per termin och barn (!) f\u00f6r att de ska f\u00e5 \u00e5ka p\u00e5<br \/>\nkv\u00e4llar och helger.<\/p>\n<p>N\u00e4r jag sedan ska registrera korten som en f\u00f6rs\u00e4kring mot f\u00f6rlust, uppt\u00e4cker jag \u00e5ter att er hemsida inte fungerar. N\u00e4r jag ska skicka ett meddelande om detta uppt\u00e4cker jag<br \/>\natt er hemsida inte fungerar. N\u00e4r jag ska meddela er detta via den Facebook-sida ni<br \/>\nrekommenderar uppt\u00e4cker jag att det inte g\u00e5r att kommunicera med er d\u00e4r.<\/p>\n<p>Jag vet inte riktigt hur er sannolikt v\u00e4l avl\u00f6nade kommunikationsdirekt\u00f6r t\u00e4nkte, men jag kan meddela att det var ett felt\u00e4nk.<\/p>\n<p>Nu g\u00f6r vi s\u00e5 h\u00e4r. Ni registrerar korten med uppgifterna nedan, och tar ansvaret f\u00f6r dem till dess att ni meddelat att hemsidesregistreringen fungerar:<\/p>\n<p>XXXXXXXXXXXXXXX \u00d6hrlund, kortnummer xxxxxxxxxxxxxxx<\/p>\n<p>XXXXXXXXXXXXXXX \u00d6hrlund, kortnummer xxxxxxxxxxxxxxx<\/p>\n<p>Kan ni bara f\u00f6r en sekund skita i att f\u00f6rhandla l\u00e5gpriser\u00a0med kineser och fransm\u00e4n och ist\u00e4llet f\u00f6rs\u00f6ka se till att den mest grundl\u00e4ggande delen av er verksamhet fungerar?<\/p>\n<p>Tack<\/p>\n<p>V\u00e4nligen bekr\u00e4fta skriftligen och omg\u00e5ende.<\/p>\n<p>Med v\u00e4nlig h\u00e4lsning,<\/p>\n<p>Dag \u00d6hrlund<\/p>\n<p>&nbsp;<\/p>\n<p>&nbsp;<\/p>\n<div id=\"wp_fb_like_button\" style=\"margin:5px 0;float:none;height:100px;\"><script src=\"http:\/\/connect.facebook.net\/en_US\/all.js#xfbml=1\"><\/script><fb:like href=\"https:\/\/www.ohrlund.se\/blogg\/sl-vakna\/\" send=\"true\" layout=\"standard\" width=\"450\" show_faces=\"true\" font=\"arial\" action=\"like\" colorscheme=\"light\"><\/fb:like><\/div>","protected":false},"excerpt":{"rendered":"<p>Jo jo, jag har l\u00e4st, sett och h\u00f6rt \u00e5tminstone h\u00e4lften av bortf\u00f6rklaringarna. Ni har f\u00e5tt direktiv uppifr\u00e5n. Blivit decentraliserade, bolagiserade, uppk\u00f6pta, privatiserade och allt det d\u00e4r, vilket ocks\u00e5 i grund och botten har visat sig tragiskt. I dag fungerar ni &hellip; <a href=\"https:\/\/www.ohrlund.se\/blogg\/sl-vakna\/\">Forts\u00e4tt l\u00e4sa <span class=\"meta-nav\">&rarr;<\/span><\/a><\/p>\n","protected":false},"author":2,"featured_media":0,"comment_status":"open","ping_status":"open","sticky":false,"template":"","format":"standard","meta":{"_jetpack_memberships_contains_paid_content":false,"footnotes":""},"categories":[1],"tags":[],"class_list":["post-1456","post","type-post","status-publish","format-standard","hentry","category-okategoriserade"],"jetpack_featured_media_url":"","jetpack_sharing_enabled":true,"post_mailing_queue_ids":[],"_links":{"self":[{"href":"https:\/\/www.ohrlund.se\/blogg\/wp-json\/wp\/v2\/posts\/1456","targetHints":{"allow":["GET"]}}],"collection":[{"href":"https:\/\/www.ohrlund.se\/blogg\/wp-json\/wp\/v2\/posts"}],"about":[{"href":"https:\/\/www.ohrlund.se\/blogg\/wp-json\/wp\/v2\/types\/post"}],"author":[{"embeddable":true,"href":"https:\/\/www.ohrlund.se\/blogg\/wp-json\/wp\/v2\/users\/2"}],"replies":[{"embeddable":true,"href":"https:\/\/www.ohrlund.se\/blogg\/wp-json\/wp\/v2\/comments?post=1456"}],"version-history":[{"count":2,"href":"https:\/\/www.ohrlund.se\/blogg\/wp-json\/wp\/v2\/posts\/1456\/revisions"}],"predecessor-version":[{"id":1458,"href":"https:\/\/www.ohrlund.se\/blogg\/wp-json\/wp\/v2\/posts\/1456\/revisions\/1458"}],"wp:attachment":[{"href":"https:\/\/www.ohrlund.se\/blogg\/wp-json\/wp\/v2\/media?parent=1456"}],"wp:term":[{"taxonomy":"category","embeddable":true,"href":"https:\/\/www.ohrlund.se\/blogg\/wp-json\/wp\/v2\/categories?post=1456"},{"taxonomy":"post_tag","embeddable":true,"href":"https:\/\/www.ohrlund.se\/blogg\/wp-json\/wp\/v2\/tags?post=1456"}],"curies":[{"name":"wp","href":"https:\/\/api.w.org\/{rel}","templated":true}]}}