{"id":1474,"date":"2012-09-20T01:41:19","date_gmt":"2012-09-19T23:41:19","guid":{"rendered":"http:\/\/www.ohrlund.se\/blogg\/?p=1474"},"modified":"2012-09-20T11:44:19","modified_gmt":"2012-09-20T09:44:19","slug":"nu-borjar-arets-riktiga-bokfest","status":"publish","type":"post","link":"https:\/\/www.ohrlund.se\/blogg\/nu-borjar-arets-riktiga-bokfest\/","title":{"rendered":"Nu b\u00f6rjar \u00e5rets riktiga bokfest!"},"content":{"rendered":"<p><strong>H\u00f6sten<\/strong> \u00e4r i sanning en litter\u00e4r tid p\u00e5 m\u00e5nga s\u00e4tt. Just nu avl\u00f6ser releasefesterna varandra. I kv\u00e4ll ordnade mitt f\u00f6rlag <em><strong>Bra B\u00f6cker<\/strong><\/em> ett pampigt releaseparty p\u00e5 Fotografiska Museet i Stockholm.<\/p>\n<p><a href=\"https:\/\/www.ohrlund.se\/blogg\/wp-content\/uploads\/2012\/09\/IMG_6614.jpg\"><img loading=\"lazy\" decoding=\"async\" class=\"alignleft size-full wp-image-1475\" title=\"IMG_6614\" src=\"https:\/\/www.ohrlund.se\/blogg\/wp-content\/uploads\/2012\/09\/IMG_6614.jpg\" alt=\"\" width=\"850\" height=\"638\" srcset=\"https:\/\/www.ohrlund.se\/blogg\/wp-content\/uploads\/2012\/09\/IMG_6614.jpg 850w, https:\/\/www.ohrlund.se\/blogg\/wp-content\/uploads\/2012\/09\/IMG_6614-300x225.jpg 300w, https:\/\/www.ohrlund.se\/blogg\/wp-content\/uploads\/2012\/09\/IMG_6614-399x300.jpg 399w\" sizes=\"auto, (max-width: 850px) 100vw, 850px\" \/><\/a><a href=\"https:\/\/www.ohrlund.se\/blogg\/wp-content\/uploads\/2012\/09\/IMG_6626.jpg\"><img loading=\"lazy\" decoding=\"async\" class=\"alignleft size-full wp-image-1476\" title=\"IMG_6626\" src=\"https:\/\/www.ohrlund.se\/blogg\/wp-content\/uploads\/2012\/09\/IMG_6626.jpg\" alt=\"\" width=\"638\" height=\"850\" srcset=\"https:\/\/www.ohrlund.se\/blogg\/wp-content\/uploads\/2012\/09\/IMG_6626.jpg 638w, https:\/\/www.ohrlund.se\/blogg\/wp-content\/uploads\/2012\/09\/IMG_6626-225x300.jpg 225w\" sizes=\"auto, (max-width: 638px) 100vw, 638px\" \/><\/a><\/p>\n<p><strong>En l\u00e4cker buff\u00e9<\/strong> dukades upp och det bj\u00f6ds p\u00e5 \u00f6l, vin och alkoholfria alternativ. Dessutom hade f\u00f6rlagets PR- och f\u00f6rs\u00e4ljningschef, duktiga <em><strong>Eva Ahlkvist<\/strong><\/em>, packat rader av <em>goodiebags<\/em> som de 70 g\u00e4sterna fick ta med sig hem. F\u00f6rutom aktuella b\u00f6cker inneh\u00f6ll p\u00e5sarna smink- och hudv\u00e5rdsprodukter fr\u00e5n f\u00f6rlagets systerf\u00f6retag <em><strong>Fleur de Sante.<\/strong><\/em><\/p>\n<p><a href=\"https:\/\/www.ohrlund.se\/blogg\/wp-content\/uploads\/2012\/09\/IMG_6629.jpg\"><img loading=\"lazy\" decoding=\"async\" class=\"alignleft size-full wp-image-1477\" title=\"IMG_6629\" src=\"https:\/\/www.ohrlund.se\/blogg\/wp-content\/uploads\/2012\/09\/IMG_6629.jpg\" alt=\"\" width=\"850\" height=\"810\" srcset=\"https:\/\/www.ohrlund.se\/blogg\/wp-content\/uploads\/2012\/09\/IMG_6629.jpg 850w, https:\/\/www.ohrlund.se\/blogg\/wp-content\/uploads\/2012\/09\/IMG_6629-300x285.jpg 300w, https:\/\/www.ohrlund.se\/blogg\/wp-content\/uploads\/2012\/09\/IMG_6629-314x300.jpg 314w\" sizes=\"auto, (max-width: 850px) 100vw, 850px\" \/><\/a><\/p>\n<p><strong>Nykontrakterade f\u00f6rfattaren <\/strong><em><strong>Susanne Boll<\/strong><\/em> d\u00f6k upp med en trevlig presentp\u00e5se och jag tackar henne samt de andra f\u00f6rfattarkollegerna <em><strong>Pernilla Alm<\/strong><\/em> och <em><strong>Simona Ahrnstedt<\/strong><\/em> f\u00f6r den trevliga gesten! Eftersom jag aldrig trott p\u00e5 tesen om att spara vin, njuter jag av det medan detta skrivs! :o)<\/p>\n<p><a href=\"https:\/\/www.ohrlund.se\/blogg\/wp-content\/uploads\/2012\/09\/IMG_6633.jpg\"><img loading=\"lazy\" decoding=\"async\" class=\"alignleft size-full wp-image-1478\" title=\"IMG_6633\" src=\"https:\/\/www.ohrlund.se\/blogg\/wp-content\/uploads\/2012\/09\/IMG_6633.jpg\" alt=\"\" width=\"850\" height=\"664\" srcset=\"https:\/\/www.ohrlund.se\/blogg\/wp-content\/uploads\/2012\/09\/IMG_6633.jpg 850w, https:\/\/www.ohrlund.se\/blogg\/wp-content\/uploads\/2012\/09\/IMG_6633-300x234.jpg 300w, https:\/\/www.ohrlund.se\/blogg\/wp-content\/uploads\/2012\/09\/IMG_6633-384x300.jpg 384w\" sizes=\"auto, (max-width: 850px) 100vw, 850px\" \/><\/a><\/p>\n<p><strong>Eva Ahlkvist<\/strong> inledde med att presentera debutanten <em><strong>Christer Nylander<\/strong><\/em>, tillika riksdagsman f\u00f6r Folkpartiet. Christers roman <em><strong>Maktens Offer<\/strong><\/em> \u00e4r en sp\u00e4nnande historia som utspelar sig bland annat i riksdagshuset och andra matkorridorer f\u00f6re valet 2014. Rekommenderas!<\/p>\n<p><a href=\"https:\/\/www.ohrlund.se\/blogg\/wp-content\/uploads\/2012\/09\/IMG_66401.jpg\"><img loading=\"lazy\" decoding=\"async\" class=\"alignleft size-full wp-image-1480\" title=\"IMG_6640\" src=\"https:\/\/www.ohrlund.se\/blogg\/wp-content\/uploads\/2012\/09\/IMG_66401.jpg\" alt=\"\" width=\"850\" height=\"638\" srcset=\"https:\/\/www.ohrlund.se\/blogg\/wp-content\/uploads\/2012\/09\/IMG_66401.jpg 850w, https:\/\/www.ohrlund.se\/blogg\/wp-content\/uploads\/2012\/09\/IMG_66401-300x225.jpg 300w, https:\/\/www.ohrlund.se\/blogg\/wp-content\/uploads\/2012\/09\/IMG_66401-399x300.jpg 399w\" sizes=\"auto, (max-width: 850px) 100vw, 850px\" \/><\/a><\/p>\n<p><strong>N\u00e4st i tur<\/strong> var <em><strong>\u00c5sa Hellberg<\/strong><\/em>, som nu f\u00f6ljer upp sin braksucc\u00e9 <em><strong>Sonjas sista vilja<\/strong><\/em> med \u00e4nnu en romantisk komedi om kvinnor &#8211; <em><strong>Sonjas hemlighet<\/strong><\/em>. L\u00e4s och &#8211; skratta!<\/p>\n<p><a href=\"https:\/\/www.ohrlund.se\/blogg\/wp-content\/uploads\/2012\/09\/IMG_6649.jpg\"><img loading=\"lazy\" decoding=\"async\" class=\"alignleft size-full wp-image-1481\" title=\"IMG_6649\" src=\"https:\/\/www.ohrlund.se\/blogg\/wp-content\/uploads\/2012\/09\/IMG_6649.jpg\" alt=\"\" width=\"638\" height=\"850\" srcset=\"https:\/\/www.ohrlund.se\/blogg\/wp-content\/uploads\/2012\/09\/IMG_6649.jpg 638w, https:\/\/www.ohrlund.se\/blogg\/wp-content\/uploads\/2012\/09\/IMG_6649-225x300.jpg 225w\" sizes=\"auto, (max-width: 638px) 100vw, 638px\" \/><\/a><\/p>\n<p><strong>Sist p\u00e5 scen<\/strong> var undertecknad och naturligtvis pratade vi om varf\u00f6r min senaste bok <em><strong>Skriv din bok och s\u00e4lj den<\/strong><\/em>, \u00e4r b\u00e4ttre och mer omfattande \u00e4n andra b\u00f6cker i genren. Boken har redan f\u00f6re sl\u00e4ppdatum f\u00e5tt en gl\u00e4djande stor uppm\u00e4rksamhet bland b\u00e5de journalister och bloggare.<\/p>\n<p><a href=\"https:\/\/www.ohrlund.se\/blogg\/wp-content\/uploads\/2012\/09\/IMG_6664.jpg\"><img loading=\"lazy\" decoding=\"async\" class=\"alignleft size-full wp-image-1482\" title=\"IMG_6664\" src=\"https:\/\/www.ohrlund.se\/blogg\/wp-content\/uploads\/2012\/09\/IMG_6664.jpg\" alt=\"\" width=\"720\" height=\"850\" srcset=\"https:\/\/www.ohrlund.se\/blogg\/wp-content\/uploads\/2012\/09\/IMG_6664.jpg 720w, https:\/\/www.ohrlund.se\/blogg\/wp-content\/uploads\/2012\/09\/IMG_6664-254x300.jpg 254w\" sizes=\"auto, (max-width: 720px) 100vw, 720px\" \/><\/a><\/p>\n<p><strong>Vi pratade f\u00f6rst\u00e5s<\/strong> ocks\u00e5 en del om min alldeles egna kriminalroman <em><strong>Till minne av Charlie K<\/strong><\/em> som kom ut i v\u00e5ras, och jag ber\u00e4ttade att historien kommit till som en kombination av nyfikenhet och ilska. Nyfikenhet, f\u00f6r att jag fr\u00e5n min skrivarlya har utsikt \u00f6ver Stockholms Frihamn och b\u00f6rjade fantisera om vad som skulle kunna h\u00e4nda d\u00e4r. Ilska, f\u00f6r att EU-samarbetet medf\u00f6rt att v\u00e5ra gr\u00e4nser \u00f6ppnats vilt och galet, att Tullen f\u00e5tt minskade resurser s\u00e5 att organiserade ligor fr\u00e5n \u00f6st i lugn och ro kan \u00e4gna sig \u00e5t m\u00e4nniskohandel, smuggling av knark och av barn till bordeller.<\/p>\n<p><a href=\"https:\/\/www.ohrlund.se\/blogg\/wp-content\/uploads\/2012\/09\/IMG_6654.jpg\"><img loading=\"lazy\" decoding=\"async\" class=\"alignleft size-full wp-image-1483\" title=\"IMG_6654\" src=\"https:\/\/www.ohrlund.se\/blogg\/wp-content\/uploads\/2012\/09\/IMG_6654.jpg\" alt=\"\" width=\"850\" height=\"638\" srcset=\"https:\/\/www.ohrlund.se\/blogg\/wp-content\/uploads\/2012\/09\/IMG_6654.jpg 850w, https:\/\/www.ohrlund.se\/blogg\/wp-content\/uploads\/2012\/09\/IMG_6654-300x225.jpg 300w, https:\/\/www.ohrlund.se\/blogg\/wp-content\/uploads\/2012\/09\/IMG_6654-399x300.jpg 399w\" sizes=\"auto, (max-width: 850px) 100vw, 850px\" \/><\/a><\/p>\n<p><strong>N\u00e4r alla hade<\/strong> f\u00e5tt presentera sina b\u00f6cker tackades vi med appl\u00e5der och fina blomsterbuketter. Jag kontrar med att tacka b\u00e5de <em><strong>Eva Ahlkvist<\/strong><\/em> f\u00f6r \u00e4nnu ett toppenjobb, och \u00e4ven <em><strong>Inger Lindstr\u00f6m<\/strong><\/em> fr\u00e5n <em><strong>Vox PR<\/strong><\/em> f\u00f6r en fin insats!<\/p>\n<p>Efter v\u00e5ra bokpresentationer minglades det friskt en bra stund till i Fotografiskas vackra lokaler&#8230;<\/p>\n<p><a href=\"https:\/\/www.ohrlund.se\/blogg\/wp-content\/uploads\/2012\/09\/IMG_6680.jpg\"><img loading=\"lazy\" decoding=\"async\" class=\"alignleft size-full wp-image-1484\" title=\"IMG_6680\" src=\"https:\/\/www.ohrlund.se\/blogg\/wp-content\/uploads\/2012\/09\/IMG_6680.jpg\" alt=\"\" width=\"850\" height=\"638\" srcset=\"https:\/\/www.ohrlund.se\/blogg\/wp-content\/uploads\/2012\/09\/IMG_6680.jpg 850w, https:\/\/www.ohrlund.se\/blogg\/wp-content\/uploads\/2012\/09\/IMG_6680-300x225.jpg 300w, https:\/\/www.ohrlund.se\/blogg\/wp-content\/uploads\/2012\/09\/IMG_6680-399x300.jpg 399w\" sizes=\"auto, (max-width: 850px) 100vw, 850px\" \/><\/a><\/p>\n<p><strong>Bland g\u00e4sterna<\/strong> fanns\u00a0mina st\u00f6rsta, trognaste och mest \u00e4lskade fans &#8211; min dotter <em><strong>Josephine Alexis<\/strong><\/em> (blivande f\u00f6rfattare), den underbara kvinna som f\u00e5tt mig till altaret tre g\u00e5nger utan skilsm\u00e4ssa mellan &#8211; <em><strong>Carina Cefa-\u00d6hrlund<\/strong><\/em> (ocks\u00e5 en f\u00f6rfattande kreat\u00f6r av kolossalformat)\u00a0och min&#8230;.<\/p>\n<p><a href=\"https:\/\/www.ohrlund.se\/blogg\/wp-content\/uploads\/2012\/09\/IMG_6675.jpg\"><img loading=\"lazy\" decoding=\"async\" class=\"alignleft size-full wp-image-1486\" title=\"IMG_6675\" src=\"https:\/\/www.ohrlund.se\/blogg\/wp-content\/uploads\/2012\/09\/IMG_6675.jpg\" alt=\"\" width=\"768\" height=\"850\" srcset=\"https:\/\/www.ohrlund.se\/blogg\/wp-content\/uploads\/2012\/09\/IMG_6675.jpg 768w, https:\/\/www.ohrlund.se\/blogg\/wp-content\/uploads\/2012\/09\/IMG_6675-271x300.jpg 271w\" sizes=\"auto, (max-width: 768px) 100vw, 768px\" \/><\/a><\/p>\n<p>dotter<em><strong> Isabell Alison<\/strong><\/em> (blivande f\u00f6rfattare).<\/p>\n<p><strong>Direkt efter v\u00e5r releasefest<\/strong> var det dags att kasta sig i bilen och styra mot n\u00e4sta!<\/p>\n<p><a href=\"https:\/\/www.ohrlund.se\/blogg\/wp-content\/uploads\/2012\/09\/IMG_6690.jpg\"><img loading=\"lazy\" decoding=\"async\" class=\"alignleft size-full wp-image-1487\" title=\"IMG_6690\" src=\"https:\/\/www.ohrlund.se\/blogg\/wp-content\/uploads\/2012\/09\/IMG_6690.jpg\" alt=\"\" width=\"638\" height=\"850\" srcset=\"https:\/\/www.ohrlund.se\/blogg\/wp-content\/uploads\/2012\/09\/IMG_6690.jpg 638w, https:\/\/www.ohrlund.se\/blogg\/wp-content\/uploads\/2012\/09\/IMG_6690-225x300.jpg 225w\" sizes=\"auto, (max-width: 638px) 100vw, 638px\" \/><\/a><\/p>\n<p><strong>I en charmig lokal<\/strong> p\u00e5 S\u00f6der satt kollegan &#8211; tillika f\u00f6delsedagsbarnet &#8211; <em><strong>Lars Rambe<\/strong><\/em> och signerade sin nya sp\u00e4nningsroman <em><strong>Kvinnorna i sj\u00f6n<\/strong><\/em>, utgiven p\u00e5 hans och v\u00e4nnen <em><strong>S\u00f6lve Dahlgrens<\/strong><\/em> f\u00f6rlag <em><strong>HOI<\/strong><\/em> som haft ett mycket framg\u00e5ngsrikt \u00e5r. Ett ljus i m\u00f6rkret, n\u00e4r st\u00f6rre delen av bokbranschen gn\u00e4ller \u00f6ver hur d\u00e5ligt det g\u00e5r.<\/p>\n<p><a href=\"https:\/\/www.ohrlund.se\/blogg\/wp-content\/uploads\/2012\/09\/IMG_6697.jpg\"><img loading=\"lazy\" decoding=\"async\" class=\"alignleft size-full wp-image-1488\" title=\"IMG_6697\" src=\"https:\/\/www.ohrlund.se\/blogg\/wp-content\/uploads\/2012\/09\/IMG_6697.jpg\" alt=\"\" width=\"850\" height=\"458\" srcset=\"https:\/\/www.ohrlund.se\/blogg\/wp-content\/uploads\/2012\/09\/IMG_6697.jpg 850w, https:\/\/www.ohrlund.se\/blogg\/wp-content\/uploads\/2012\/09\/IMG_6697-300x161.jpg 300w, https:\/\/www.ohrlund.se\/blogg\/wp-content\/uploads\/2012\/09\/IMG_6697-500x269.jpg 500w\" sizes=\"auto, (max-width: 850px) 100vw, 850px\" \/><\/a><\/p>\n<p><strong>Det var full fart<\/strong> och mycket trevligt p\u00e5 <strong>HOI<\/strong>:s releaseparty, men n\u00e4r jag h\u00f6rde snacket om efterfest var det dags att s\u00e4tta sig i bilen och k\u00f6ra hem. I dag ( ty nu har klockan passerat midnatt) blir en l\u00e5ng dag. F\u00f6rst manusskrivande, d\u00e4refter tillsammans med <strong>Dan Buthler<\/strong> signering av \u00e5r senaste bok <em><strong>\u00c5terv\u00e4ndaren<\/strong><\/em> p\u00e5 <strong>NK:s bokhandel<\/strong> klockan 20.00.<\/p>\n<p><strong>Om vi inte ses d\u00e4r<\/strong>, s\u00e5 kom ih\u00e5g att det bara \u00e4r en vecka kvar till \u00e5rets stora begivenhet bland f\u00f6rlagsfolk och andra bok\u00e4lskare &#8211; <em><strong>Bok &amp; Biblioteksm\u00e4ssan<\/strong><\/em> i G\u00f6teborg.<\/p>\n<p>Jag kommer att vara d\u00e4r torsdag &#8211; s\u00f6ndag och framf\u00f6rallt pendla mellan <em><strong>Bra B\u00f6ckers<\/strong><\/em> och <em><strong>Massolits<\/strong><\/em> montrar. Jag kommer ocks\u00e5 att bli intervjuad p\u00e5 <em><strong>Stora Ljudboksprisets<\/strong><\/em> scen. Mer om mitt exakta m\u00e4ssprogram senare.<\/p>\n<p>Vi h\u00f6rs!<\/p>\n<p>&nbsp;<\/p>\n<p>&nbsp;<\/p>\n<p>&nbsp;<\/p>\n<p>&nbsp;<\/p>\n<p>&nbsp;<\/p>\n<p>&nbsp;<\/p>\n<div id=\"wp_fb_like_button\" style=\"margin:5px 0;float:none;height:100px;\"><script src=\"http:\/\/connect.facebook.net\/en_US\/all.js#xfbml=1\"><\/script><fb:like href=\"https:\/\/www.ohrlund.se\/blogg\/nu-borjar-arets-riktiga-bokfest\/\" send=\"true\" layout=\"standard\" width=\"450\" show_faces=\"true\" font=\"arial\" action=\"like\" colorscheme=\"light\"><\/fb:like><\/div>","protected":false},"excerpt":{"rendered":"<p>H\u00f6sten \u00e4r i sanning en litter\u00e4r tid p\u00e5 m\u00e5nga s\u00e4tt. Just nu avl\u00f6ser releasefesterna varandra. I kv\u00e4ll ordnade mitt f\u00f6rlag Bra B\u00f6cker ett pampigt releaseparty p\u00e5 Fotografiska Museet i Stockholm. En l\u00e4cker buff\u00e9 dukades upp och det bj\u00f6ds p\u00e5 \u00f6l, &hellip; <a href=\"https:\/\/www.ohrlund.se\/blogg\/nu-borjar-arets-riktiga-bokfest\/\">Forts\u00e4tt l\u00e4sa <span class=\"meta-nav\">&rarr;<\/span><\/a><\/p>\n","protected":false},"author":2,"featured_media":0,"comment_status":"open","ping_status":"open","sticky":false,"template":"","format":"standard","meta":{"_jetpack_memberships_contains_paid_content":false,"footnotes":""},"categories":[1],"tags":[],"class_list":["post-1474","post","type-post","status-publish","format-standard","hentry","category-okategoriserade"],"jetpack_featured_media_url":"","jetpack_sharing_enabled":true,"post_mailing_queue_ids":[],"_links":{"self":[{"href":"https:\/\/www.ohrlund.se\/blogg\/wp-json\/wp\/v2\/posts\/1474","targetHints":{"allow":["GET"]}}],"collection":[{"href":"https:\/\/www.ohrlund.se\/blogg\/wp-json\/wp\/v2\/posts"}],"about":[{"href":"https:\/\/www.ohrlund.se\/blogg\/wp-json\/wp\/v2\/types\/post"}],"author":[{"embeddable":true,"href":"https:\/\/www.ohrlund.se\/blogg\/wp-json\/wp\/v2\/users\/2"}],"replies":[{"embeddable":true,"href":"https:\/\/www.ohrlund.se\/blogg\/wp-json\/wp\/v2\/comments?post=1474"}],"version-history":[{"count":7,"href":"https:\/\/www.ohrlund.se\/blogg\/wp-json\/wp\/v2\/posts\/1474\/revisions"}],"predecessor-version":[{"id":1493,"href":"https:\/\/www.ohrlund.se\/blogg\/wp-json\/wp\/v2\/posts\/1474\/revisions\/1493"}],"wp:attachment":[{"href":"https:\/\/www.ohrlund.se\/blogg\/wp-json\/wp\/v2\/media?parent=1474"}],"wp:term":[{"taxonomy":"category","embeddable":true,"href":"https:\/\/www.ohrlund.se\/blogg\/wp-json\/wp\/v2\/categories?post=1474"},{"taxonomy":"post_tag","embeddable":true,"href":"https:\/\/www.ohrlund.se\/blogg\/wp-json\/wp\/v2\/tags?post=1474"}],"curies":[{"name":"wp","href":"https:\/\/api.w.org\/{rel}","templated":true}]}}