{"id":1497,"date":"2012-09-22T12:30:46","date_gmt":"2012-09-22T10:30:46","guid":{"rendered":"http:\/\/www.ohrlund.se\/blogg\/?p=1497"},"modified":"2012-09-22T12:30:46","modified_gmt":"2012-09-22T10:30:46","slug":"ordbavning-i-goteborg","status":"publish","type":"post","link":"https:\/\/www.ohrlund.se\/blogg\/ordbavning-i-goteborg\/","title":{"rendered":"Ordb\u00e4vning i G\u00f6teborg!"},"content":{"rendered":"<p><strong>N\u00e4sta vecka \u00e4r det dags igen<\/strong>. <em><strong>G\u00f6teborg<\/strong><\/em> kommer att skakas av <em><strong>ordb\u00e4vning<\/strong><\/em> och under dagarna fem \u00e4r staden inte riktigt sig lik!<\/p>\n<p><a href=\"https:\/\/www.ohrlund.se\/blogg\/wp-content\/uploads\/2012\/09\/DSC08599-WEB.jpg\"><img loading=\"lazy\" decoding=\"async\" class=\"alignleft size-full wp-image-1498\" title=\"DSC08599 WEB\" src=\"https:\/\/www.ohrlund.se\/blogg\/wp-content\/uploads\/2012\/09\/DSC08599-WEB.jpg\" alt=\"\" width=\"850\" height=\"638\" srcset=\"https:\/\/www.ohrlund.se\/blogg\/wp-content\/uploads\/2012\/09\/DSC08599-WEB.jpg 850w, https:\/\/www.ohrlund.se\/blogg\/wp-content\/uploads\/2012\/09\/DSC08599-WEB-300x225.jpg 300w, https:\/\/www.ohrlund.se\/blogg\/wp-content\/uploads\/2012\/09\/DSC08599-WEB-399x300.jpg 399w\" sizes=\"auto, (max-width: 850px) 100vw, 850px\" \/><\/a><\/p>\n<p><strong>Om statistiken h\u00e5ller sig<\/strong> kommer \u00f6ver 100 000 bok\u00e4lskare att invadera Svenska M\u00e4ssans lokaler, svettas och tr\u00e4ngas f\u00f6r att se sina favoritf\u00f6rfattare, g\u00e5 p\u00e5 seminarier, bl\u00e4ddra i \u00e5rets utbud av b\u00f6cker och &#8211; k\u00f6pa, k\u00f6pa, k\u00f6pa.<\/p>\n<p><strong>Elaka tungor h\u00e4vdar<\/strong> att bokm\u00e4ssan inte har n\u00e5gon betydelse f\u00f6r branschen utan att den bara \u00e4r ett slags b\u00f6ckernas Kiviks marknad f\u00f6r sn\u00e5lj\u00e5par.<\/p>\n<p><strong>Jag h\u00e5ller inte med.<\/strong> Minns inte om jag gjort tio eller femton bokm\u00e4ssor nu, men alla har de varit givande. Under avslappnade f\u00f6rh\u00e5llanden har jag kunnat tr\u00e4ffa och prata med f\u00f6rlagsfolk som annars inte haft tid. Jag har knutit nya kontakter och till och med f\u00e5tt till ett och annat avtal, f\u00f6r att inte tala om hur m\u00e5nga id\u00e9er som f\u00f6tts i den inspirerande anda som m\u00e4ssan erbjuder.<\/p>\n<p><strong>Jag gratulerar dig<\/strong> som har m\u00f6jlighet att bes\u00f6ka detta underbara evenemang. Titta g\u00e4rna f\u00f6rbi och s\u00e4g hej om du har m\u00f6jlighet. I \u00e5r har jag gl\u00e4djande m\u00e5nga monterengagemang och mitt program f\u00f6r m\u00e4ssan ser ut s\u00e5 h\u00e4r:<\/p>\n<p><strong><span style=\"text-decoration: underline;\">Torsdag<\/span><\/strong><\/p>\n<p><span style=\"text-decoration: underline;\">11.00 \u2013 12.00 och 13.30 \u2013 15.30:<\/span><\/p>\n<p>Jag ber\u00e4ttar\u00a0 om mina b\u00f6cker \u201dTill minne av Charlie K\u201d och \u201dSkriv din bok och s\u00e4lj den\u201d och\u00a0 signerar dem, i Bra B\u00f6ckers monter<\/p>\n<p><strong><span style=\"text-decoration: underline;\">Fredag<\/span><\/strong><\/p>\n<p><span style=\"text-decoration: underline;\">10.30 \u2013 12.00 samt 14.30 \u2013 16.30:<\/span><\/p>\n<p>Jag ber\u00e4ttar om mina b\u00f6cker \u201dTill minne av Charlie K\u201d och \u201dSkriv din bok och s\u00e4lj den\u201d och signerar dem, i Bra B\u00f6ckers monter<\/p>\n<p><strong><span style=\"text-decoration: underline;\">L\u00f6rdag<\/span><\/strong><\/p>\n<p><span style=\"text-decoration: underline;\">13.30-13.45:<\/span><\/p>\n<p>Dan Buthler och jag intervjuas om v\u00e5ra b\u00f6cker \u2013 inte minst den nya \u201d\u00c5terv\u00e4ndaren\u201d av Magnus Utvik i Massolits monter B 09:04<\/p>\n<p><span style=\"text-decoration: underline;\">14.15 \u2013 14.45:<\/span><\/p>\n<p>Jag och f\u00f6rfattaren Lars Rambe diskuterar f\u00f6rlagens och f\u00f6rfattarnas framtid p\u00e5<br \/>\nmonterscen vid B 07:60<\/p>\n<p><span style=\"text-decoration: underline;\">15.30-15.45:<\/span><\/p>\n<p>Dan Buthler och jag intervjuas om v\u00e5ra b\u00f6cker \u2013 inte minst den nya \u201d\u00c5terv\u00e4ndaren\u201d av Magnus Utvik i Massolits monter B 09:04<\/p>\n<p><span style=\"text-decoration: underline;\">16.30: <\/span><\/p>\n<p>Jag intervjuas om mina b\u00f6cker i Stora Ljudboksprisets monter nr B 09:30<\/p>\n<p><span style=\"text-decoration: underline;\">17.00:<\/span><\/p>\n<p>Dan Buthler och jag signerar ljudb\u00f6cker i Storysides monter B 09:30<\/p>\n<p><strong><span style=\"text-decoration: underline;\">S\u00f6ndag<\/span><\/strong><\/p>\n<p><span style=\"text-decoration: underline;\">12.00:<\/span><\/p>\n<p>Jag ber\u00e4ttar om min bok \u201dTill minne av Charlie K\u201d \u00a0i H\u00f6r Opp:s monter B 03:49<\/p>\n<p><span style=\"text-decoration: underline;\">13.30-13.45:<\/span><\/p>\n<p>Dan Buthler och jag intervjuas om v\u00e5ra b\u00f6cker \u2013 inte minst den nya \u201d\u00c5terv\u00e4ndaren\u201d av Magnus Utvik i Massolits monter B 09:04<\/p>\n<p><span style=\"text-decoration: underline;\">15.30-15.45:<\/span><\/p>\n<p>Dan Buthler och jag intervjuas om v\u00e5ra b\u00f6cker \u2013 inte minst den nya \u201d\u00c5terv\u00e4ndaren\u201d av Magnus Utvik i Massolits monter B 09:04<\/p>\n<p><em><strong>V\u00e4l m\u00f6tt!<\/strong><\/em><\/p>\n<p>&nbsp;<\/p>\n<p>&nbsp;<\/p>\n<p>&nbsp;<\/p>\n<p>&nbsp;<\/p>\n<div id=\"wp_fb_like_button\" style=\"margin:5px 0;float:none;height:100px;\"><script src=\"http:\/\/connect.facebook.net\/en_US\/all.js#xfbml=1\"><\/script><fb:like href=\"https:\/\/www.ohrlund.se\/blogg\/ordbavning-i-goteborg\/\" send=\"true\" layout=\"standard\" width=\"450\" show_faces=\"true\" font=\"arial\" action=\"like\" colorscheme=\"light\"><\/fb:like><\/div>","protected":false},"excerpt":{"rendered":"<p>N\u00e4sta vecka \u00e4r det dags igen. G\u00f6teborg kommer att skakas av ordb\u00e4vning och under dagarna fem \u00e4r staden inte riktigt sig lik! Om statistiken h\u00e5ller sig kommer \u00f6ver 100 000 bok\u00e4lskare att invadera Svenska M\u00e4ssans lokaler, svettas och tr\u00e4ngas f\u00f6r &hellip; <a href=\"https:\/\/www.ohrlund.se\/blogg\/ordbavning-i-goteborg\/\">Forts\u00e4tt l\u00e4sa <span class=\"meta-nav\">&rarr;<\/span><\/a><\/p>\n","protected":false},"author":2,"featured_media":0,"comment_status":"open","ping_status":"open","sticky":false,"template":"","format":"standard","meta":{"_jetpack_memberships_contains_paid_content":false,"footnotes":""},"categories":[1],"tags":[],"class_list":["post-1497","post","type-post","status-publish","format-standard","hentry","category-okategoriserade"],"jetpack_featured_media_url":"","jetpack_sharing_enabled":true,"post_mailing_queue_ids":[],"_links":{"self":[{"href":"https:\/\/www.ohrlund.se\/blogg\/wp-json\/wp\/v2\/posts\/1497","targetHints":{"allow":["GET"]}}],"collection":[{"href":"https:\/\/www.ohrlund.se\/blogg\/wp-json\/wp\/v2\/posts"}],"about":[{"href":"https:\/\/www.ohrlund.se\/blogg\/wp-json\/wp\/v2\/types\/post"}],"author":[{"embeddable":true,"href":"https:\/\/www.ohrlund.se\/blogg\/wp-json\/wp\/v2\/users\/2"}],"replies":[{"embeddable":true,"href":"https:\/\/www.ohrlund.se\/blogg\/wp-json\/wp\/v2\/comments?post=1497"}],"version-history":[{"count":2,"href":"https:\/\/www.ohrlund.se\/blogg\/wp-json\/wp\/v2\/posts\/1497\/revisions"}],"predecessor-version":[{"id":1500,"href":"https:\/\/www.ohrlund.se\/blogg\/wp-json\/wp\/v2\/posts\/1497\/revisions\/1500"}],"wp:attachment":[{"href":"https:\/\/www.ohrlund.se\/blogg\/wp-json\/wp\/v2\/media?parent=1497"}],"wp:term":[{"taxonomy":"category","embeddable":true,"href":"https:\/\/www.ohrlund.se\/blogg\/wp-json\/wp\/v2\/categories?post=1497"},{"taxonomy":"post_tag","embeddable":true,"href":"https:\/\/www.ohrlund.se\/blogg\/wp-json\/wp\/v2\/tags?post=1497"}],"curies":[{"name":"wp","href":"https:\/\/api.w.org\/{rel}","templated":true}]}}