{"id":1501,"date":"2012-09-25T11:50:58","date_gmt":"2012-09-25T09:50:58","guid":{"rendered":"http:\/\/www.ohrlund.se\/blogg\/?p=1501"},"modified":"2012-09-25T11:50:58","modified_gmt":"2012-09-25T09:50:58","slug":"hur-fan-har-vi-kunnat-leva-med-tintin","status":"publish","type":"post","link":"https:\/\/www.ohrlund.se\/blogg\/hur-fan-har-vi-kunnat-leva-med-tintin\/","title":{"rendered":"Hur fan har vi kunnat leva med Tintin?"},"content":{"rendered":"<p>Jag v\u00e4xte upp i en lycklig tid.<\/p>\n<p>Det fanns inga krig och inga os\u00e4mjor, ingen sv\u00e4lt och inga katastrofer.<\/p>\n<p>Framtiden var s\u00e5 ljus att solglas\u00f6gon var obligatoriska.<\/p>\n<p>Jo, precis s\u00e5 m\u00e5ste det ha varit.<\/p>\n<p>Jad\u00e5, Tintin fanns. Och negerbollar. Och negerkyssar. Och &#8211; minns inte riktigt alla namn som man i dag skulle ha blivit d\u00f6md och f\u00f6rkastad f\u00f6r att ha anv\u00e4nt.<\/p>\n<p>Nu \u00e4r den politiskt korrekta festen ig\u00e5ng igen. <em>Behrang Meri<\/em> &#8211; enligt uppgift med r\u00f6tter i ett totalit\u00e4rt Iran &#8211; s\u00e5 kallad <em>konstn\u00e4rlig ledare<\/em> p\u00e5 Kulturhuset, har beslutat att kasta ut Tintin fr\u00e5n husets bokhyllor. F\u00f6r att han inte gillar inneh\u00e5llet. F\u00f6r att albumen enligt honom ger en <em>afrofobisk<\/em> bild, f\u00f6r att inneh\u00e5llet symboliserar <em>exotisering och orientalism<\/em>.<\/p>\n<p><strong>Meri f\u00f6rst\u00e5r kanske inte vilket ofantligt uppdrag han nu tar p\u00e5 sig. Hans rygg kommer att kn\u00e4ckas n\u00e4r han till nerf\u00f6r trappor och genom g\u00e5ngar ska sl\u00e4pa varje gammalt seriealbum, varje h\u00e4fte och bok som p\u00e5 n\u00e5got s\u00e4tt bryter mot 2012:s politiska korrekthet. Bokb\u00e5let p\u00e5 Sergels Torg kommer att bli ofantligt och vi svenskar kan vara stolta \u00f6ver att ha l\u00f6st v\u00e4rldsproblemen.<\/strong><\/p>\n<p>Negerbollen \u00e4r redan f\u00f6rbjuden, negerkyssarna f\u00f6rsvann f\u00f6r l\u00e4nge sedan.<\/p>\n<p>Nu \u00e4r allt bra. N\u00e4stan.<\/p>\n<p>N\u00e4r Meri har genomf\u00f6rt sin censur \u00e4r allt bra. Pl\u00f6tsligt kommer vi \u00e5ter att leva i en lugn, fredlig v\u00e4rld d\u00e4r alla \u00e4r lyckliga.<\/p>\n<p>Det k\u00e4nns ju tryggt.<\/p>\n<p>Och du som trodde att allt var ett sk\u00e4mt &#8211; l\u00e4s mer h\u00e4r:<\/p>\n<p><a href=\"http:\/\/www.expressen.se\/nyheter\/tintin-kastas-ut-fran-kulturhuset\/\">http:\/\/www.expressen.se\/nyheter\/tintin-kastas-ut-fran-kulturhuset\/<\/a><\/p>\n<div id=\"wp_fb_like_button\" style=\"margin:5px 0;float:none;height:100px;\"><script src=\"http:\/\/connect.facebook.net\/en_US\/all.js#xfbml=1\"><\/script><fb:like href=\"https:\/\/www.ohrlund.se\/blogg\/hur-fan-har-vi-kunnat-leva-med-tintin\/\" send=\"true\" layout=\"standard\" width=\"450\" show_faces=\"true\" font=\"arial\" action=\"like\" colorscheme=\"light\"><\/fb:like><\/div>","protected":false},"excerpt":{"rendered":"<p>Jag v\u00e4xte upp i en lycklig tid. Det fanns inga krig och inga os\u00e4mjor, ingen sv\u00e4lt och inga katastrofer. Framtiden var s\u00e5 ljus att solglas\u00f6gon var obligatoriska. Jo, precis s\u00e5 m\u00e5ste det ha varit. Jad\u00e5, Tintin fanns. Och negerbollar. Och &hellip; <a href=\"https:\/\/www.ohrlund.se\/blogg\/hur-fan-har-vi-kunnat-leva-med-tintin\/\">Forts\u00e4tt l\u00e4sa <span class=\"meta-nav\">&rarr;<\/span><\/a><\/p>\n","protected":false},"author":2,"featured_media":0,"comment_status":"open","ping_status":"open","sticky":false,"template":"","format":"standard","meta":{"_jetpack_memberships_contains_paid_content":false,"footnotes":""},"categories":[1],"tags":[],"class_list":["post-1501","post","type-post","status-publish","format-standard","hentry","category-okategoriserade"],"jetpack_featured_media_url":"","jetpack_sharing_enabled":true,"post_mailing_queue_ids":[],"_links":{"self":[{"href":"https:\/\/www.ohrlund.se\/blogg\/wp-json\/wp\/v2\/posts\/1501","targetHints":{"allow":["GET"]}}],"collection":[{"href":"https:\/\/www.ohrlund.se\/blogg\/wp-json\/wp\/v2\/posts"}],"about":[{"href":"https:\/\/www.ohrlund.se\/blogg\/wp-json\/wp\/v2\/types\/post"}],"author":[{"embeddable":true,"href":"https:\/\/www.ohrlund.se\/blogg\/wp-json\/wp\/v2\/users\/2"}],"replies":[{"embeddable":true,"href":"https:\/\/www.ohrlund.se\/blogg\/wp-json\/wp\/v2\/comments?post=1501"}],"version-history":[{"count":2,"href":"https:\/\/www.ohrlund.se\/blogg\/wp-json\/wp\/v2\/posts\/1501\/revisions"}],"predecessor-version":[{"id":1503,"href":"https:\/\/www.ohrlund.se\/blogg\/wp-json\/wp\/v2\/posts\/1501\/revisions\/1503"}],"wp:attachment":[{"href":"https:\/\/www.ohrlund.se\/blogg\/wp-json\/wp\/v2\/media?parent=1501"}],"wp:term":[{"taxonomy":"category","embeddable":true,"href":"https:\/\/www.ohrlund.se\/blogg\/wp-json\/wp\/v2\/categories?post=1501"},{"taxonomy":"post_tag","embeddable":true,"href":"https:\/\/www.ohrlund.se\/blogg\/wp-json\/wp\/v2\/tags?post=1501"}],"curies":[{"name":"wp","href":"https:\/\/api.w.org\/{rel}","templated":true}]}}