{"id":1504,"date":"2012-09-26T13:54:36","date_gmt":"2012-09-26T11:54:36","guid":{"rendered":"http:\/\/www.ohrlund.se\/blogg\/?p=1504"},"modified":"2012-09-26T13:54:36","modified_gmt":"2012-09-26T11:54:36","slug":"telia-pendlar-mellan-spansk-humor-och-syrisk-tortyr","status":"publish","type":"post","link":"https:\/\/www.ohrlund.se\/blogg\/telia-pendlar-mellan-spansk-humor-och-syrisk-tortyr\/","title":{"rendered":"Telia pendlar mellan spansk humor och syrisk tortyr!"},"content":{"rendered":"<p>Det \u00e4r l\u00e4tt att t\u00e4nka konspirationsteorier n\u00e4r man \u00e4r drabbad av Telias tortyr, speciellt n\u00e4r f\u00f6ljetongen verkligen blir &#8211; en f\u00f6ljetong.<\/p>\n<p>Det \u00e4r inte mer \u00e4n fem dagar sedan Hans G. Larsson, Informationsansvarig f\u00f6r kundrelationer (Gud bevare mg v\u00e4l) p\u00e5 Telia, garanterade mig att jag skulle slippa mer skit fr\u00e5n Telias sida. S\u00e5 h\u00e4r skrev Hans efter att jag beklagat mig \u00f6ver att n\u00e5gra tomtar frt\u00e5n ett f\u00f6retag med namnet Com7 (h\u00e4r f\u00e5r ni skratta h\u00f6gt) trakasserat mig:<\/p>\n<p>&#8221;Hej igen!<\/p>\n<p>Jag har nu haft en kontakt med v\u00e5r enhet som ansvarar f\u00f6r<br \/>\nkontakterna med \u00e5terf\u00f6rs\u00e4ljare. De har i sin tur g\u00e5tt igenom det du skriver<br \/>\nnedan med Com7:s vd, Mathias Andersson. Vi har ocks\u00e5 g\u00e5tt igenom v\u00e5rt interna<br \/>\n&#8221;NIX-register&#8221;<br \/>\nf\u00f6r att s\u00e4kerst\u00e4lla att du finns med d\u00e4r. Jag hoppas att detta<br \/>\nska fungera och att du i forts\u00e4ttningen slipper samtal fr\u00e5n n\u00e5gon av v\u00e5ra<br \/>\n\u00e5terf\u00f6rs\u00e4ljare. Det vill s\u00e4ga de ska inte f\u00e5 uppgifter fr\u00e5n Telia och inte ringa<br \/>\np\u00e5 Telias uppdrag.<br \/>\nTrevlig helg<br \/>\nMed v\u00e4nlig h\u00e4lsning<br \/>\nHans G&#8221;<\/p>\n<p>I\u00a0natt h\u00f6ll mina sm\u00e4rtor mig vaken till strax efter 03.00. Allts\u00e5 hade jag hoppats f\u00e5 sova en stund p\u00e5 morgonen.<\/p>\n<p>Men 08.30 skickade Telia in sina syriska soldater i mitt sovrum, med batonger i h\u00f6gsta hugg. Den h\u00e4r g\u00e5ngen symboliserades de av en ung herre vid namn Linus fr\u00e5n f\u00f6retaget <em>Dialect.<\/em><\/p>\n<p>P\u00e5 Dialect har man inte f\u00f6rtst\u00e5tt mycket. Inte att man ska ge fan i att terrorisera folk p\u00e5 morgnarna.<\/p>\n<p>Eller att man inte ska terrorisera folk alls.<\/p>\n<p>Framf\u00f6rallt har man inte f\u00f6rst\u00e5tt de eventuella konsekvenserna. Borsett fr\u00e5n att Dialect nu st\u00e5r p\u00e5 min svarta lista och att jag sprider informaionen till tiotusentals l\u00e4sare, kan det bli v\u00e4rre.<\/p>\n<p>Om jag vore Dialects VD skulle &#8211; n\u00e4st efter storbrand och sv\u00e5r \u00f6versv\u00e4mning &#8211; det sista jag skulle \u00f6nska mig vara ett personligt, oannonserat bes\u00f6k av Dag \u00d6hrlund, som kommer i syfte att kraftfullt informera om respekt och integritet.<\/p>\n<p>Detsamma g\u00e4ller f\u00f6rst\u00e5s komikerna p\u00e5 Telia.<\/p>\n<p>L\u00e5s d\u00f6rrarna, pojkar och flickor. :o)<\/p>\n<div id=\"wp_fb_like_button\" style=\"margin:5px 0;float:none;height:100px;\"><script src=\"http:\/\/connect.facebook.net\/en_US\/all.js#xfbml=1\"><\/script><fb:like href=\"https:\/\/www.ohrlund.se\/blogg\/telia-pendlar-mellan-spansk-humor-och-syrisk-tortyr\/\" send=\"true\" layout=\"standard\" width=\"450\" show_faces=\"true\" font=\"arial\" action=\"like\" colorscheme=\"light\"><\/fb:like><\/div>","protected":false},"excerpt":{"rendered":"<p>Det \u00e4r l\u00e4tt att t\u00e4nka konspirationsteorier n\u00e4r man \u00e4r drabbad av Telias tortyr, speciellt n\u00e4r f\u00f6ljetongen verkligen blir &#8211; en f\u00f6ljetong. Det \u00e4r inte mer \u00e4n fem dagar sedan Hans G. Larsson, Informationsansvarig f\u00f6r kundrelationer (Gud bevare mg v\u00e4l) p\u00e5 &hellip; <a href=\"https:\/\/www.ohrlund.se\/blogg\/telia-pendlar-mellan-spansk-humor-och-syrisk-tortyr\/\">Forts\u00e4tt l\u00e4sa <span class=\"meta-nav\">&rarr;<\/span><\/a><\/p>\n","protected":false},"author":2,"featured_media":0,"comment_status":"open","ping_status":"open","sticky":false,"template":"","format":"standard","meta":{"_jetpack_memberships_contains_paid_content":false,"footnotes":""},"categories":[1],"tags":[],"class_list":["post-1504","post","type-post","status-publish","format-standard","hentry","category-okategoriserade"],"jetpack_featured_media_url":"","jetpack_sharing_enabled":true,"post_mailing_queue_ids":[],"_links":{"self":[{"href":"https:\/\/www.ohrlund.se\/blogg\/wp-json\/wp\/v2\/posts\/1504","targetHints":{"allow":["GET"]}}],"collection":[{"href":"https:\/\/www.ohrlund.se\/blogg\/wp-json\/wp\/v2\/posts"}],"about":[{"href":"https:\/\/www.ohrlund.se\/blogg\/wp-json\/wp\/v2\/types\/post"}],"author":[{"embeddable":true,"href":"https:\/\/www.ohrlund.se\/blogg\/wp-json\/wp\/v2\/users\/2"}],"replies":[{"embeddable":true,"href":"https:\/\/www.ohrlund.se\/blogg\/wp-json\/wp\/v2\/comments?post=1504"}],"version-history":[{"count":2,"href":"https:\/\/www.ohrlund.se\/blogg\/wp-json\/wp\/v2\/posts\/1504\/revisions"}],"predecessor-version":[{"id":1506,"href":"https:\/\/www.ohrlund.se\/blogg\/wp-json\/wp\/v2\/posts\/1504\/revisions\/1506"}],"wp:attachment":[{"href":"https:\/\/www.ohrlund.se\/blogg\/wp-json\/wp\/v2\/media?parent=1504"}],"wp:term":[{"taxonomy":"category","embeddable":true,"href":"https:\/\/www.ohrlund.se\/blogg\/wp-json\/wp\/v2\/categories?post=1504"},{"taxonomy":"post_tag","embeddable":true,"href":"https:\/\/www.ohrlund.se\/blogg\/wp-json\/wp\/v2\/tags?post=1504"}],"curies":[{"name":"wp","href":"https:\/\/api.w.org\/{rel}","templated":true}]}}