{"id":1507,"date":"2012-10-06T23:40:46","date_gmt":"2012-10-06T21:40:46","guid":{"rendered":"http:\/\/www.ohrlund.se\/blogg\/?p=1507"},"modified":"2012-10-06T23:40:46","modified_gmt":"2012-10-06T21:40:46","slug":"forlat-dem-fader-ty-de-veta-icke","status":"publish","type":"post","link":"https:\/\/www.ohrlund.se\/blogg\/forlat-dem-fader-ty-de-veta-icke\/","title":{"rendered":"F\u00f6rl\u00e5t dem Fader, ty de veta icke &#8230;"},"content":{"rendered":"<p><strong>Tillbringar ett par<\/strong> undersk\u00f6na dagar i Sk\u00e5ne i slutet av sommaren.<\/p>\n<p><strong>Vackert v\u00e4der<\/strong>, n\u00e4rhet till en l\u00e5ng strand d\u00e4r jag kan promenera.<\/p>\n<p><strong>Och havet underl\u00e4ttar<\/strong> tankars flykt.<\/p>\n<p><strong>Innan<\/strong> jag reste ner h\u00e4mtade jag min bil &#8211; som alla andra moderna bilar full av sm\u00e5 datorer &#8211; fr\u00e5n service. Ett varningsmeddelande om att service var n\u00f6dv\u00e4ndig hade visats l\u00e4nge, trots att det inte var s\u00e5.<\/p>\n<p><strong>Och dagen efter att servicen utf\u00f6rts<\/strong> kom meddelandet upp p\u00e5 displayen igen. Precis som f\u00f6rra g\u00e5ngen.<\/p>\n<p><strong>N\u00e4r man<\/strong> n\u00e4mner s\u00e5dant d\u00e4r f\u00f6r serviceavdelningen muttrar ens &#8221;personliga tekniker&#8221; (alla m\u00e5ste ha en s\u00e5n nuf\u00f6rtiden) n\u00e5got om <em>mjukvaruuppdatering.<\/em> F\u00f6r jag k\u00f6r ju gubevars omkring i en datacentral, inte en bil.<\/p>\n<p><strong>S\u00e5 man<\/strong> l\u00e5ter teknikern uppdatera. Och felet kvarst\u00e5r.<\/p>\n<p><strong>Det sista<\/strong> han s\u00e4ger innan jag h\u00e4mtar bilen \u00e4r:<\/p>\n<p>&#8221;Jag skulle rekommendera att du byter vindrutetorkare, de \u00e4r slut.&#8221;<\/p>\n<p><strong>Jag ska just p\u00e5b\u00f6rja<\/strong> en 600 kilometer l\u00e5ng resa och undrar naturligtvis varf\u00f6r i helvete karln, som \u00e4r tekniker, inte har bytt torkarbladen om han sett att de \u00e4r slut. Svaret \u00e4r givet &#8211; jag har betalat f\u00f6r ett <em>servicepaket<\/em> och i det ing\u00e5r minsann inga torkarblad.<\/p>\n<p><strong>Jag skruvar<\/strong> tillbaka klockan. N\u00e4r jag v\u00e4xte upp i Blekinge p\u00e5 1960-talet och pappa sv\u00e4ngde in sin v\u00e4l begagnade Mercedes 180 p\u00e5 Gulf-macken i utkanten av byn, kom det ut en gubbe i bl\u00e5 overall och keps. Han tankade bilen, kollade oljan, tv\u00e4ttade rutorna och kollade s\u00e5nt som torkarblad. Om det var n\u00e5got som beh\u00f6vde bytas &#8211; allt fr\u00e5n torkarblad till t\u00e4ndstift &#8211; s\u00e5 f\u00f6reslog han det och kunde ombes\u00f6rja det <em>pronto,<\/em> dessutom till ett rimligt pris.<\/p>\n<p><strong>I dag<\/strong> \u00e4r det s\u00e5 &#8211; n\u00e4r det blir fel p\u00e5 den bil som kostat mer \u00e4n ett radhus i S\u00e4ffle &#8211; att jag m\u00e5ste best\u00e4lla tid f\u00f6r en <em>diagnos<\/em>. Om resultatet av diagnosen blir att n\u00e5got m\u00e5ste <em>\u00e5tg\u00e4rdas<\/em> (vilket det naturligtvis blir) s\u00e5 m\u00e5ste jag best\u00e4lla en ny tid f\u00f6r det.<\/p>\n<p><strong>Men<\/strong> &#8211; i det h\u00e4r fallet k\u00f6r jag till Sk\u00e5ne innan st\u00f6rtregnen kommer, och inser d\u00e4r pl\u00f6tsligt att torkarbladen nog m\u00e5ste bytas. Typ nu.<\/p>\n<p><strong>Allts\u00e5 k\u00f6r jag<\/strong> till n\u00e4rmaste mack, modell st\u00f6rre.<\/p>\n<p><strong>Flickan<\/strong> bakom disken ser bekymrad ut n\u00e4r jag framf\u00f6r mitt \u00e4rende. Hon meddelar att man inte f\u00f6r torkarblad. S\u00e5 v\u00e4nder hon sig om och serverar en kund en halv middag innan hon s\u00e4tter in en pl\u00e5t med kanelbullar i en ugn.<\/p>\n<p><strong>Veckan innan<\/strong> har jag k\u00f6rt till bilbesiktningen. I sista sekund uppt\u00e4cker jag att jag inte har n\u00e5gon varningstriangel i bilen. Dessutom beh\u00f6ver jag en skruvmejsel. Allts\u00e5 styr jag snabbt mot n\u00e4rmsta mack, modell st\u00f6rre.<\/p>\n<p><strong>Jag botaniserar<\/strong>. Hittar v\u00e5ldsfilmer och korvbr\u00f6d, tamponger och t\u00e4ndstickor, l\u00f6sgodis och romaner, nyckelringar och mjukisnallar, glass och tidningar med nakna flickor, russin, limpor, mobiltelefoner, brast\u00e4ndare, grillkol, sovs\u00e4ckar, blombuketter, wienerbr\u00f6d, reflexv\u00e4star, pl\u00e5nb\u00f6cker, pennor, en maskin som serverar fyra sorters kaffe, leksaker, lotter, l\u00e4ttmargarin, f\u00e4rdiga sallader och tio sorters br\u00f6d.<\/p>\n<p><strong>Bland annat.<\/strong><\/p>\n<p><strong>Men ingen varningstriangel<\/strong> och &#8211; meddelar ynglingen bakom disken &#8211; verktyg har man f\u00f6r l\u00e4nge sedan slutat med.<\/p>\n<p><strong>Jahaja. Samma kv\u00e4ll<\/strong> \u00e5ker jag till ett ICA Maxi stort som n\u00e5gra fotbollsplaner, och f\u00f6r kanske f\u00f6rsta g\u00e5ngen funderar jag p\u00e5 riktigt \u00f6ver hur matvaruaff\u00e4ren f\u00f6r\u00e4ndrats. F\u00f6r h\u00e4r finns de verktyg macken saknar.\u00a0H\u00e4r s\u00e4ljs cyklar, en rosa moped, tr\u00e4dg\u00e5rdsm\u00f6bler, gr\u00e4sklippare, platt-tv och laptops tillsammans med b\u00f6cker, underkl\u00e4der och &#8211; mediciner. Men den f\u00e4rska fisken lyser med sin fr\u00e5nvaro.<\/p>\n<p><strong>I Malm\u00f6 \u00e4r konkurrensen<\/strong> numera s\u00e5 h\u00e5rd att flera av de stora matkedjorna h\u00e5ller \u00f6ppet mellan 08.00 och 23.00 sju dagar i veckan. N\u00e5got som f\u00e5r mig att fundera \u00f6ver vem som n\u00f6dv\u00e4ndigtvis beh\u00f6ver k\u00f6pa mat 22.30 en s\u00f6ndagskv\u00e4ll.<\/p>\n<p><strong>I alltfler butiker<\/strong> f\u00f6rs\u00f6ker man inf\u00f6ra sj\u00e4lvscanning f\u00f6r att kunna sparka \u00e4nnu mer personal genom att l\u00e5ta oss kunder sk\u00f6ta halva kassajobbet. Som magsur gubbj\u00e4vel v\u00e4grar jag naturligtvis delta i s\u00e5dant. Jag t\u00e4nker inte hj\u00e4lpa dem att sparka folk som beh\u00f6ver jobbet, vilket naturligtvis \u00e4r den enda meningen med sj\u00e4lvscanning.<\/p>\n<p><strong>\u00c4r det n\u00f6dv\u00e4ndigt<\/strong> att alla v\u00e5ra butiker \u00e4r \u00f6ppna fr\u00e5n morgon till kv\u00e4ll, sju dagar i veckan?<\/p>\n<p><strong>Naturligtvis inte<\/strong>. Det gick bra att planera f\u00f6rr, och folk som bor miltals fr\u00e5n \u00e4ra och redlighet f\u00e5r \u00e4n i dag komma ih\u00e5g att k\u00f6pa vad de beh\u00f6ver f\u00f6r m\u00e5nga dagar, innan de styr mot den avl\u00e4gset bel\u00e4gna g\u00e5rden.<\/p>\n<p><strong>Och de<\/strong> som arbetar i butik beh\u00f6ver ocks\u00e5 vila.<\/p>\n<p><strong>Jakten mot fortare<\/strong>, mera, st\u00f6rre, flera och hela tiden \u00f6kar och \u00f6kar. Jag tror knappast att pappa, om han levt, vare sig f\u00f6rst\u00e5tt eller uppskattat det.<\/p>\n<p><strong>Visst \u00e4r det v\u00e4l bra<\/strong> att den som jobbar sent kan hinna plocka upp n\u00e5gra grillade revbensspj\u00e4ll som n\u00f6dmat efter 18.00.<\/p>\n<p><strong>Men h\u00e5ll med om<\/strong> att det \u00e4r sjukt att det inte finns torkarblad och en skruvmejsel p\u00e5 bensinmacken.<\/p>\n<p>&nbsp;<\/p>\n<p>&nbsp;<\/p>\n<div id=\"wp_fb_like_button\" style=\"margin:5px 0;float:none;height:100px;\"><script src=\"http:\/\/connect.facebook.net\/en_US\/all.js#xfbml=1\"><\/script><fb:like href=\"https:\/\/www.ohrlund.se\/blogg\/forlat-dem-fader-ty-de-veta-icke\/\" send=\"true\" layout=\"standard\" width=\"450\" show_faces=\"true\" font=\"arial\" action=\"like\" colorscheme=\"light\"><\/fb:like><\/div>","protected":false},"excerpt":{"rendered":"<p>Tillbringar ett par undersk\u00f6na dagar i Sk\u00e5ne i slutet av sommaren. Vackert v\u00e4der, n\u00e4rhet till en l\u00e5ng strand d\u00e4r jag kan promenera. Och havet underl\u00e4ttar tankars flykt. Innan jag reste ner h\u00e4mtade jag min bil &#8211; som alla andra moderna &hellip; <a href=\"https:\/\/www.ohrlund.se\/blogg\/forlat-dem-fader-ty-de-veta-icke\/\">Forts\u00e4tt l\u00e4sa <span class=\"meta-nav\">&rarr;<\/span><\/a><\/p>\n","protected":false},"author":2,"featured_media":0,"comment_status":"open","ping_status":"open","sticky":false,"template":"","format":"standard","meta":{"_jetpack_memberships_contains_paid_content":false,"footnotes":""},"categories":[1],"tags":[],"class_list":["post-1507","post","type-post","status-publish","format-standard","hentry","category-okategoriserade"],"jetpack_featured_media_url":"","jetpack_sharing_enabled":true,"post_mailing_queue_ids":[],"_links":{"self":[{"href":"https:\/\/www.ohrlund.se\/blogg\/wp-json\/wp\/v2\/posts\/1507","targetHints":{"allow":["GET"]}}],"collection":[{"href":"https:\/\/www.ohrlund.se\/blogg\/wp-json\/wp\/v2\/posts"}],"about":[{"href":"https:\/\/www.ohrlund.se\/blogg\/wp-json\/wp\/v2\/types\/post"}],"author":[{"embeddable":true,"href":"https:\/\/www.ohrlund.se\/blogg\/wp-json\/wp\/v2\/users\/2"}],"replies":[{"embeddable":true,"href":"https:\/\/www.ohrlund.se\/blogg\/wp-json\/wp\/v2\/comments?post=1507"}],"version-history":[{"count":2,"href":"https:\/\/www.ohrlund.se\/blogg\/wp-json\/wp\/v2\/posts\/1507\/revisions"}],"predecessor-version":[{"id":1509,"href":"https:\/\/www.ohrlund.se\/blogg\/wp-json\/wp\/v2\/posts\/1507\/revisions\/1509"}],"wp:attachment":[{"href":"https:\/\/www.ohrlund.se\/blogg\/wp-json\/wp\/v2\/media?parent=1507"}],"wp:term":[{"taxonomy":"category","embeddable":true,"href":"https:\/\/www.ohrlund.se\/blogg\/wp-json\/wp\/v2\/categories?post=1507"},{"taxonomy":"post_tag","embeddable":true,"href":"https:\/\/www.ohrlund.se\/blogg\/wp-json\/wp\/v2\/tags?post=1507"}],"curies":[{"name":"wp","href":"https:\/\/api.w.org\/{rel}","templated":true}]}}