{"id":1515,"date":"2012-10-14T18:27:35","date_gmt":"2012-10-14T16:27:35","guid":{"rendered":"http:\/\/www.ohrlund.se\/blogg\/?p=1515"},"modified":"2012-10-15T01:31:58","modified_gmt":"2012-10-14T23:31:58","slug":"den-missade-poangen-eller-obegriplig-dialect","status":"publish","type":"post","link":"https:\/\/www.ohrlund.se\/blogg\/den-missade-poangen-eller-obegriplig-dialect\/","title":{"rendered":"Den missade po\u00e4ngen &#8211; eller obegriplig Dialect&#8230;"},"content":{"rendered":"<p>Kriget mot Telia och f\u00f6retagets obegripliga och vidriga uppf\u00f6rande mot sina kunder fortskrider. I takt med att de g\u00f6dslar slagf\u00e4ltet med allt fler kretiner i f\u00e4rgglada uniformer och f\u00e5niga f\u00f6retagsnamn, blir det hela en aning o\u00f6versk\u00e5dligt ibland, men alls icke om\u00f6jligt att f\u00f6ra.<\/p>\n<p>I takt med mina blogginl\u00e4gg har jag f\u00e5tt alltfler mail fr\u00e5n m\u00e4nniskor som nu sagt upp sina Teliaabonnemang och flyttat till andra operat\u00f6rer.<\/p>\n<p><strong>Hans G Larsson<\/strong>, informationsansvarig p\u00e5 Telia Kundrelationer, hade f\u00f6rs\u00e4krat mig att han skulle g\u00f6ra vad som stod i hans makt f\u00f6r att jag inte skulle bli uppringd av Telia mer (och att han g\u00e5tt igenom &#8221;Telias interna NIX-register f\u00f6r att s\u00e4kerst\u00e4lla&#8221; att jag fanns med d\u00e4r).<\/p>\n<p>Eller deras &#8221;representanter&#8221;.<\/p>\n<p>08.30 fem dagar senare kom den digitala batongtortyren i form av ett samtal fr\u00e5n unge <em>Linus<\/em> p\u00e5 f\u00f6retaget <strong>Dialect.<\/strong><\/p>\n<p>Jag hade p\u00e5 grund av sv\u00e5ra sm\u00e4rtor varit vaken till 03.00 natten innan och du kan s\u00e4kert r\u00e4kna ut hur f\u00f6rtjust jag blev \u00f6ver Dialect-samtalet. Naturligtvis skrev jag ett mail till n\u00e5gra personer i Dialects ledning.<\/p>\n<p>En av dem svarade &#8211; f\u00f6retagets VD <strong>Mats Kraitsik Kalvik.<\/strong><\/p>\n<p>Kalvik \u00e4r en skojsig rackare (\u00e5tminstone inledningsvis), ty s\u00e5 h\u00e4r lyder en del av hans f\u00f6rsta svar:<\/p>\n<p><em>&#8221;&#8230;Jag f\u00f6rst\u00e5r inte hur Dialect i det du beskriver ska ha haft k\u00e4nnedom om att du <\/em><br \/>\n<em>absolut inte vill bli kontaktad d\u00e5 du varit i kontakt med Telia och de till en <\/em><br \/>\n<em>helt annan \u00e5terf\u00f6rs\u00e4ljare. jag f\u00f6rst\u00e5r dock att du inte \u00f6nskar kontakt och det <\/em><br \/>\n<em>kan vi se till nu n\u00e4r vi vet. Du verkar ocks\u00e5 ha stora synpunkter p\u00e5 Telia vilket m\u00e5nga har, vill uppm\u00e4rksamma dig p\u00e5 att det finns m\u00e5nga alternativ att fundera \u00f6ver n\u00e4r det r\u00e5der priskrig och produktutveckling hos samtliga operat\u00f6rer&#8230; &#8221;<\/em><\/p>\n<p><strong>F\u00f6rst p\u00e5st\u00e5r han<\/strong> allts\u00e5 att det <em>inte<\/em> \u00e4r Dialect som har kontaktat mig, trots att uppringaren sa det.<strong> Sedan<\/strong> &#8211; n\u00e4r han m\u00e4rker att jag inte gillar Telia &#8211; p\u00e5pekar han raskt att Dialect kan erbjuda alternativ fr\u00e5n andra operat\u00f6rer. Om jag hade varit Kalviks uppdragsgivare Telia hade jag blivit m\u00e5ttligt f\u00f6rtjust \u00f6ver hur snabbt han v\u00e4nder kappan efter vinden. Vem hade han rekommenderat om jag hade kritiserat Tele 2? :o) <em><strong>Ironiskt nog fr\u00e5gar han mig ocks\u00e5 vilket nummer jag vill att de ska sp\u00e4rra!<\/strong><\/em> <em>De h\u00e4r tomtarna vet allts\u00e5 inte ens vilka nummer de ringer<\/em> och jag skulle nyfiket vilja ta en titt i deras lilla tomteverkstad.<\/p>\n<p>N\u00e5v\u00e4l, det \u00e4r inte huvudsaken. Saken \u00e4r den att Kalvik och hans anhang, precis som resten av Telias &#8221;representanter&#8221; har missat <em><strong>po\u00e4ngen<\/strong><\/em>:<\/p>\n<p>D\u00e4rf\u00f6r ska jag, som danskarna s\u00e4ger, h\u00e4r sk\u00e4ra ut den i papp:<\/p>\n<p><strong>Ge fan i att st\u00f6ra folk per telefon!<\/strong><\/p>\n<p>\u00c5tta ord borde inte vara s\u00e5 sv\u00e5ra att f\u00f6rst\u00e5. Men ack&#8230;<\/p>\n<p>Jag skriver med t\u00e4mligen affekterad prosa tillbaka till Kalvik. Talar om vad jag tycker om att de ringer hem till mig 08.30 p\u00e5 morgonen. Eller att de ringer alls! Naturligtvis skr\u00e4der jag inte orden. I min v\u00e4rld \u00e4r det enkelt &#8211; om du b\u00f6rjar j\u00e4vlas med mig f\u00e5r du vara beredd p\u00e5 en reaktion som inte best\u00e5r av rosor och t\u00e5rta.<\/p>\n<p>Det f\u00f6rst\u00e5r inte Kalvik. Uppr\u00f6rd eller m\u00f6jligen till och med <em>kr\u00e4nkt<\/em> skriver han:<\/p>\n<p><em>&#8221;Jag f\u00f6rst\u00e5r \u00f6verhuvudtaget inte of\u00f6rsk\u00e4mdheten i mitt mail d\u00e5 jag inte \u00e4r of\u00f6rsk\u00e4md. <\/em><br \/>\n<em>D\u00e4remot tycker jag du ska l\u00e4sa ditt eget mail som \u00e4r adresserat till mig som du <\/em><br \/>\n<em>aldrig varit i kontakt med, hur f\u00e5r man egentligen uppf\u00f6ra sig? Har jag totalt missf\u00f6rst\u00e5tt fakta i det du framf\u00f6rt, att vi ringt dig 08.30 en morgon och det f\u00f6ranleder ditt agerande? Vi kommer aldrig mer att ringa dig, det hade r\u00e4ckt att du framf\u00f6rde det, lev som du sj\u00e4lv l\u00e4r att vi ska g\u00f6ra;\u00a0 \u201d F\u00f6rs\u00f6k nu bara visa ett uns av respekt och normalt t\u00e4nkande\u201d.<\/em><\/p>\n<p>Jag skriver tillbaka och ber att f\u00e5 Kalviks hemnummer s\u00e5 att jag kan se till att han f\u00e5r smaka p\u00e5 sin\u00a0egen medicin och blir nerringd dygnet runt.<\/p>\n<p>D\u00e5 blir han &#8211; klokt nog &#8211; tyst. Mycket tyst.<\/p>\n<p>Det v\u00e4rsta \u00e4r naturligtvis inte att Kalvik inte ser en of\u00f6rsk\u00e4mdhet i sitt eller f\u00f6retagets beteende.<\/p>\n<p>Det v\u00e4rsta \u00e4r att han fortfarande missar<em><strong> po\u00e4ngen<\/strong><\/em>. Som alla andra tillverkade i den gudsf\u00f6rg\u00e4tna fabrik som tydligen och av fullkomligt obegripliga anledningar spottar ut en m\u00e4rklig ras ingen beh\u00f6ver &#8211; telefonf\u00f6rs\u00e4ljare &#8211; tycks han tro att han och hans anst\u00e4llda skulle ha n\u00e5gon form av <em>moralisk<\/em> r\u00e4ttighet att jaga folk per telefon, med allsk\u00f6ns skit. Inte minst om man kallar den &#8221;kampanj&#8221;.<\/p>\n<p>Vi sk\u00e4r ut det i papp igen:<\/p>\n<p><strong>Fel, fel, fel!<\/strong><\/p>\n<p>Ett litet\u00a0ord som borde vara l\u00e4tt att f\u00f6rst\u00e5, speciellt i upprepad form.<\/p>\n<p>Men jag har inte stort hopp, vare sig n\u00e4r det g\u00e4ller Kalvik sj\u00e4lv eller soldaterna som utf\u00f6r terrorn.<\/p>\n<p><strong>Dock ber jag \u00f6dmjukast mina l\u00e4sare att kategoriskt bojkotta Dialect och deras butiker, som jag sj\u00e4lv aldrig hade gjort n\u00e5got illa eller ens haft n\u00e5got att g\u00f6ra med innan det h\u00e4r skedde.<\/strong><\/p>\n<p>S\u00e5, i fredags:<\/p>\n<p>16.30, mitt i ett viktigt manusarbete, ringer Kerstin fr\u00e5n <strong><em>Telefokus (se l\u00e4nk till artikel om f\u00f6retaget l\u00e4ngre ner!)<\/em>.<\/strong><\/p>\n<p>Hon \u00e4r redan fr\u00e5n b\u00f6rjan otrevlig och naturligtvis ber jag att f\u00e5 bli kopplad till hennes chef.<\/p>\n<p>D\u00e5 kommer samma skitsnack som alltf\u00f6r m\u00e5nga telefonf\u00f6rs\u00e4ljare k\u00f6r med:<\/p>\n<p>Det finns inga ing\u00e5ende linjer till f\u00f6retaget. Och chefen &#8211; hon vet f\u00f6rst\u00e5s inte vad vederb\u00f6rande heter &#8211; \u00e4r inte d\u00e4r.<\/p>\n<p>Jag ryter till rej\u00e4lt, och vips kommer &#8221;den ansvarige&#8221; p\u00e5 tr\u00e5den. Han heter <em>Tobias<\/em> och b\u00f6rjar genast prata om kampanjer.<\/p>\n<p>Jag pratar om den m\u00e4nskliga r\u00e4tten att f\u00e5 vara<em> ifred<\/em>. Att inte bli uppringd.<\/p>\n<p>Tobias pratar kampanjer.<\/p>\n<p>Jag avbryter honom. Fr\u00e5gar var f\u00f6retaget f\u00e5tt mitt nummer ifr\u00e5n.<\/p>\n<p>Det vet han inte.<\/p>\n<p>Dessutom har Tobias, liksom Kalvik och Com7, Telesol\u00a0och allt vad fan de nu heter, de som terroriserar folk,\u00a0missat <em><strong>po\u00e4ngen<\/strong><\/em>.<\/p>\n<p>Det \u00e4r inte f\u00f6rsta g\u00e5ngen, och s\u00e4kert inte den sista, jag blir uppringd av n\u00e5gon som inte har n\u00e5got efternamn och som inte vet var han eller hon har f\u00e5tt mitt nummer. Verkar det seri\u00f6st? Ge mig ett piller som stoppar kv\u00e4vning p\u00e5 grund av skratt.<\/p>\n<p>Ju mer jag skriver om det h\u00e4r, desto fler historier om n\u00e5got liknande f\u00e5r jag mig tills\u00e4nt. Gl\u00e4djande nog f\u00e5r jag lika m\u00e5nga tips om moteld mot dem som skaml\u00f6st tar sig r\u00e4tten att tr\u00e4nga sig in i v\u00e5ra hem eller f\u00f6retag f\u00f6r att s\u00e4lja n\u00e5got vi inte vill ha.<\/p>\n<p>Kriget blir l\u00e5ngt, men tillsammans kan vi segra.<\/p>\n<p>Genom att f\u00e5 dem att f\u00f6rst\u00e5<em><strong> po\u00e4ngen\u00a0<\/strong><\/em>(vilken handlar om n\u00e5got ganska naturligt f\u00f6r m\u00e5nga &#8211; <em><strong>respekt<\/strong><\/em>.)<\/p>\n<p>Skr\u00e4mmande nog g\u00e5r det fortare att l\u00e4ra en valp att bli rumsren och se upp f\u00f6r bilar.<\/p>\n<p>En j\u00e4mf\u00f6relse som t\u00e5l att t\u00e4nkas p\u00e5.<\/p>\n<p>PS: Den som googlar han finner. Och h\u00e4r finns det kopplingar mellan Dialect och Telefokus &#8211; en tillf\u00e4llighet som kan se ut som en tanke&#8230;<\/p>\n<p><a href=\"http:\/\/www.ittankar.se\/varning-for-telefokus-ab\/\">http:\/\/www.ittankar.se\/varning-for-telefokus-ab\/<\/a><\/p>\n<p>&nbsp;<\/p>\n<div id=\"wp_fb_like_button\" style=\"margin:5px 0;float:none;height:100px;\"><script src=\"http:\/\/connect.facebook.net\/en_US\/all.js#xfbml=1\"><\/script><fb:like href=\"https:\/\/www.ohrlund.se\/blogg\/den-missade-poangen-eller-obegriplig-dialect\/\" send=\"true\" layout=\"standard\" width=\"450\" show_faces=\"true\" font=\"arial\" action=\"like\" colorscheme=\"light\"><\/fb:like><\/div>","protected":false},"excerpt":{"rendered":"<p>Kriget mot Telia och f\u00f6retagets obegripliga och vidriga uppf\u00f6rande mot sina kunder fortskrider. I takt med att de g\u00f6dslar slagf\u00e4ltet med allt fler kretiner i f\u00e4rgglada uniformer och f\u00e5niga f\u00f6retagsnamn, blir det hela en aning o\u00f6versk\u00e5dligt ibland, men alls icke &hellip; <a href=\"https:\/\/www.ohrlund.se\/blogg\/den-missade-poangen-eller-obegriplig-dialect\/\">Forts\u00e4tt l\u00e4sa <span class=\"meta-nav\">&rarr;<\/span><\/a><\/p>\n","protected":false},"author":2,"featured_media":0,"comment_status":"open","ping_status":"open","sticky":false,"template":"","format":"standard","meta":{"_jetpack_memberships_contains_paid_content":false,"footnotes":""},"categories":[1],"tags":[],"class_list":["post-1515","post","type-post","status-publish","format-standard","hentry","category-okategoriserade"],"jetpack_featured_media_url":"","jetpack_sharing_enabled":true,"post_mailing_queue_ids":[],"_links":{"self":[{"href":"https:\/\/www.ohrlund.se\/blogg\/wp-json\/wp\/v2\/posts\/1515","targetHints":{"allow":["GET"]}}],"collection":[{"href":"https:\/\/www.ohrlund.se\/blogg\/wp-json\/wp\/v2\/posts"}],"about":[{"href":"https:\/\/www.ohrlund.se\/blogg\/wp-json\/wp\/v2\/types\/post"}],"author":[{"embeddable":true,"href":"https:\/\/www.ohrlund.se\/blogg\/wp-json\/wp\/v2\/users\/2"}],"replies":[{"embeddable":true,"href":"https:\/\/www.ohrlund.se\/blogg\/wp-json\/wp\/v2\/comments?post=1515"}],"version-history":[{"count":4,"href":"https:\/\/www.ohrlund.se\/blogg\/wp-json\/wp\/v2\/posts\/1515\/revisions"}],"predecessor-version":[{"id":1518,"href":"https:\/\/www.ohrlund.se\/blogg\/wp-json\/wp\/v2\/posts\/1515\/revisions\/1518"}],"wp:attachment":[{"href":"https:\/\/www.ohrlund.se\/blogg\/wp-json\/wp\/v2\/media?parent=1515"}],"wp:term":[{"taxonomy":"category","embeddable":true,"href":"https:\/\/www.ohrlund.se\/blogg\/wp-json\/wp\/v2\/categories?post=1515"},{"taxonomy":"post_tag","embeddable":true,"href":"https:\/\/www.ohrlund.se\/blogg\/wp-json\/wp\/v2\/tags?post=1515"}],"curies":[{"name":"wp","href":"https:\/\/api.w.org\/{rel}","templated":true}]}}