{"id":2066,"date":"2014-08-13T00:05:10","date_gmt":"2014-08-12T22:05:10","guid":{"rendered":"http:\/\/www.ohrlund.se\/blogg\/?p=2066"},"modified":"2014-08-13T01:16:11","modified_gmt":"2014-08-12T23:16:11","slug":"det-finns-manniskor-jag-bara-vill-sla","status":"publish","type":"post","link":"https:\/\/www.ohrlund.se\/blogg\/det-finns-manniskor-jag-bara-vill-sla\/","title":{"rendered":"Det finns m\u00e4nniskor jag bara vill sl\u00e5!"},"content":{"rendered":"<p><strong>Fundersam \u00f6ver rubriken?<\/strong> Om du b\u00f6rjar med att l\u00e4sa det blogginl\u00e4gg min \u00e4lskade dotter, en ut i fingerspetsarna \u00e4kta humanist (d\u00e5, inte efter det hon utsatts f\u00f6r) skriver, s\u00e5 kanske du sedan f\u00f6rst\u00e5r mitt inl\u00e4gg b\u00e4ttre:<\/p>\n<p><strong>http:\/\/stardustchild.blogg.se\/2014\/august\/att-vara-lite-mindre-stark.html<\/strong><\/p>\n<p><strong>Det Bella skriver<\/strong> river upp s\u00e5riga minnen som b\u00f6rjar bl\u00f6da igen, och mitt raseri v\u00e4xer p\u00e5 nytt. Mot elaka skitungar. Mot idiotf\u00f6r\u00e4ldrar som l\u00e4t barnen bli aggressiva och elaka f\u00f6r att de inte hade tid med dem. Mot tandl\u00f6s skolpersonal som med halv\u00f6ppna munnar h\u00e4nvisade till v\u00e4rdel\u00f6sa antimobbningplaner utan att f\u00f6r en sekund \u00f6verv\u00e4ga vad <em>sunt f\u00f6rnuft<\/em> \u00e4r. N\u00e5got s\u00e5 simpelt som <em>r\u00e4tt och fel<\/em>. Hur sv\u00e5rt kan det vara?<\/p>\n<p><strong>N\u00e4r jag skriver det h\u00e4r<\/strong> \u00e4r vi, tack och lov, f\u00f6rbi den period d\u00e5 v\u00e5r underbara dotter fick stryk fysiskt och psykiskt av idioter, indirekt p\u00e5hejade av karri\u00e4rsidkande f\u00f6r\u00e4ldrar och menl\u00f6s skolpersonal.<\/p>\n<p><strong>D\u00e4rf\u00f6r skriver jag inte det h\u00e4r enbart f\u00f6r mig sj\u00e4lv<\/strong>, f\u00f6r Isabell eller v\u00e5r familj. Utan f\u00f6r att jag k\u00e4nner minst en av mina l\u00e4sare som gr\u00e5tande brukar mejla mig och ber\u00e4tta samma historia. Nu handlar det om ett annat barn, i en annan stad. Men om samma idiotf\u00f6r\u00e4ldrar och samma tandl\u00f6sa skolpersonal.<\/p>\n<p><strong>Jag kr\u00e4ks n\u00e4r jag l\u00e4ser. Och jag blir rasande igen.<\/strong><\/p>\n<p><strong>F\u00f6r dig som inte f\u00f6rst\u00e5r<\/strong>, kommer h\u00e4r en snabblektion: Det g\u00e5r alldeles utm\u00e4rkt att sitta hemma i soffan och vara humanist och f\u00f6rst\u00e5ende till allsk\u00f6ns korkade j\u00e4vla beteenden, fr\u00e5n b\u00e5de ungar och deras f\u00f6r\u00e4ldrar, oavsett om de f\u00f6rsvaras av &#8221;bokstavssjukdomar&#8221; eller n\u00e5got annat.<\/p>\n<p><strong>Tills det drabbar ditt eget barn.<\/strong><\/p>\n<p><strong>P\u00e5 en sekund<\/strong> f\u00f6rvandlas du till lejon eller lejoninna, f\u00f6r att f\u00f6rsvara din avkomma. N\u00e4r du dessutom kommer p\u00e5 att en h\u00e4ndelse inte \u00e4r isolerad, d\u00e5 \u00e4r saken enkel.<\/p>\n<p><strong>Det \u00e4r krig.<\/strong><\/p>\n<p><strong>I v\u00e5rt fall<\/strong> s\u00e5g vi en underbar, alldeles f\u00f6r sn\u00e4ll och f\u00f6rl\u00e5tande flicka f\u00f6rvandlas fr\u00e5n en liten livsglad varelse till ett skadat, gr\u00e5tande, skr\u00e4mt vrak som inte l\u00e4ngre tordes g\u00e5 till skolan. Vi pratar om en flicka som blev spottad i ansiktet, slagen blodig, kallad f\u00f6r &#8221;j\u00e4vla hora&#8221; vid \u00e5tta \u00e5rs \u00e5lder! Om en flicka som dagligen blev h\u00e5nad f\u00f6r sina kl\u00e4der, fick tidningsbuntar kastade i ansiktet och blev utfrusen.\u00a0Av ett g\u00e4ng snorungar som inte hade f\u00f6r\u00e4ldrar v\u00e4rda namnet.<\/p>\n<p><strong>Kampen, striden, nervositeten, klumpen i magen blev flera \u00e5r l\u00e5ng.<\/strong> Jag l\u00e4rde mig mycket, alldeles f\u00f6r mycket. F\u00f6rutom att jag satt i olika f\u00f6r\u00e4ldrar\u00e5d i nio \u00e5rs tid och m\u00f6tte b\u00e5de f\u00f6r\u00e4ldrar och skolpersonal, m\u00f6tte jag nu mobbingf\u00f6r\u00f6varnas f\u00f6r\u00e4ldrar, och skolpersonal jag f\u00f6raktar djupt \u00e4n i dag.<\/p>\n<p><strong>F\u00f6r att<\/strong> de inte v\u00e5gade vara vuxna. Visa sunt f\u00f6rnuft. S\u00e4ga ifr\u00e5n.<\/p>\n<p><strong>I dag \u00e4r kampen<\/strong>, sedan m\u00e5nga \u00e5r tillbaka, tack och lov \u00f6ver. I det sista fallet blev det svidande dyrt f\u00f6r skolan som fick betala skadest\u00e5nd sedan Skolverket hotat att dra den inf\u00f6r Tingsr\u00e4tten, med massiva bevis i fickan.<\/p>\n<p><strong>Men det ligger ingen gl\u00e4dje i att vinna.<\/strong> Det ligger ingen tillfredsst\u00e4llelse i ett ekonomiskt skadest\u00e5nd. Ty, som du kan l\u00e4sa i Isabells blogg &#8211; s\u00e5ren finns kvar. S\u00e5ren kommer alltid att finnas kvar. Utom hos f\u00f6r\u00f6varna, idioterna, ungj\u00e4vlarna, f\u00f6r\u00e4ldrarna, antimobbingteamen, rektorerna som kom undan skadesl\u00f6sa.<\/p>\n<p><strong>Jag minns tv\u00e5 rektorer<\/strong> och en h\u00f6gst ansvarig skolpolitiker, alla tre kvinnliga (f\u00f6r det finns ju av b\u00e5da k\u00f6nen) k\u00e4rringar som inte tordes st\u00e5 f\u00f6r sitt ansvar och som darrade p\u00e5 r\u00f6sten n\u00e4r jag fr\u00e5gade om jag fick kalla dem horor, spotta p\u00e5 dem eller sl\u00e5 dem blodiga. Det fick jag inte. Jag f\u00f6rklarade d\u00e5 att vi hade samma uppfattning och att barn i skola omfattas av arbetsmilj\u00f6lagarna. Jag gav upp n\u00e4r den i kommunen h\u00f6gst ansvariga moderatpolitikern, <strong><em>Maria Stockhaus<\/em>,<\/strong> med gn\u00e4llig r\u00f6st sa:<\/p>\n<p><a href=\"https:\/\/www.ohrlund.se\/blogg\/wp-content\/uploads\/2014\/08\/stockhaus.jpg\"><img loading=\"lazy\" decoding=\"async\" class=\"alignleft size-full wp-image-2074\" alt=\"stockhaus\" src=\"https:\/\/www.ohrlund.se\/blogg\/wp-content\/uploads\/2014\/08\/stockhaus.jpg\" width=\"195\" height=\"258\" \/><\/a><\/p>\n<p>&nbsp;<\/p>\n<p><em><strong>Stockhaus. Tycker att mobbarna kan f\u00e5 vara kvar i lugn och ro. Nu siktar hon p\u00e5 en h\u00f6gre politisk karri\u00e4r. Gud bevare oss.<\/strong><\/em><\/p>\n<p>&nbsp;<\/p>\n<p>&nbsp;<\/p>\n<p>&nbsp;<\/p>\n<p>&nbsp;<\/p>\n<p><strong>&#8221;Men vad tycker du att vi ska g\u00f6ra d\u00e5, Dag, tycker du att vi ska flytta p\u00e5 mobbarna?&#8221;<\/strong><\/p>\n<p><strong>Just det.<\/strong> Fuck you, Stockhaus, f\u00f6r att du inte tordes st\u00e5 upp!<\/p>\n<p><strong>F\u00f6r\u00f6varna, kretinerna och deras retarderade f\u00f6r\u00e4ldrar<\/strong>, \u00e5ker leende vidare i sina dyra tj\u00e4nstebilar mot vidare karri\u00e4rer, glatt f\u00f6rnekande att de skitit i sina barns uppv\u00e4xt, aldrig varit d\u00e4r f\u00f6r att uppfostra barnen att bli vettiga varelser.\u00a0F\u00f6r att suv:en, banken eller kl\u00e4nningarna var viktigare. Och f\u00f6r att de skiter i hur det gick f\u00f6r offren f\u00f6r deras skitungars framfart. Eller, i Stockhaus fall, f\u00f6r att hon <em>dessv\u00e4rre<\/em> tycks ha en politisk framtid &#8211; gud bevare oss v\u00e4l.<\/p>\n<p><strong>Till alla er<\/strong> &#8211; och ni vet alldeles f\u00f6rbannat v\u00e4l vilka ni \u00e4r, ty st\u00f6rre \u00e4r inte det lilla skitomr\u00e5det vi bor i &#8211; har jag bara en sak att s\u00e4ga:<\/p>\n<p><strong>Fuck you!\u00a0<\/strong><strong>Fuck era v\u00e4rdel\u00f6sa skitungar och fuck era v\u00e4rderingar!<\/strong><\/p>\n<p><strong>Det finns n\u00e5gonting<\/strong> era krympta \u00e4rthj\u00e4rnor hittills inte kommit fram till. Bland annat att vi m\u00f6ts igen. P\u00e5 n\u00e5got s\u00e4tt, n\u00e5gonstans. D\u00e4r rollerna \u00e4r omv\u00e4nda. D\u00e4r ni m\u00e5ste ta ansvar.<\/p>\n<p><strong>Det<\/strong> blir ingen rolig dag.<\/p>\n<p><strong>F\u00f6r er.<\/strong><\/p>\n<p>&nbsp;<\/p>\n<p>&nbsp;<\/p>\n<div id=\"wp_fb_like_button\" style=\"margin:5px 0;float:none;height:100px;\"><script src=\"http:\/\/connect.facebook.net\/en_US\/all.js#xfbml=1\"><\/script><fb:like href=\"https:\/\/www.ohrlund.se\/blogg\/det-finns-manniskor-jag-bara-vill-sla\/\" send=\"true\" layout=\"standard\" width=\"450\" show_faces=\"true\" font=\"arial\" action=\"like\" colorscheme=\"light\"><\/fb:like><\/div>","protected":false},"excerpt":{"rendered":"<p>Fundersam \u00f6ver rubriken? Om du b\u00f6rjar med att l\u00e4sa det blogginl\u00e4gg min \u00e4lskade dotter, en ut i fingerspetsarna \u00e4kta humanist (d\u00e5, inte efter det hon utsatts f\u00f6r) skriver, s\u00e5 kanske du sedan f\u00f6rst\u00e5r mitt inl\u00e4gg b\u00e4ttre: http:\/\/stardustchild.blogg.se\/2014\/august\/att-vara-lite-mindre-stark.html Det Bella skriver &hellip; <a href=\"https:\/\/www.ohrlund.se\/blogg\/det-finns-manniskor-jag-bara-vill-sla\/\">Forts\u00e4tt l\u00e4sa <span class=\"meta-nav\">&rarr;<\/span><\/a><\/p>\n","protected":false},"author":2,"featured_media":0,"comment_status":"open","ping_status":"open","sticky":false,"template":"","format":"standard","meta":{"_jetpack_memberships_contains_paid_content":false,"footnotes":""},"categories":[1],"tags":[],"class_list":["post-2066","post","type-post","status-publish","format-standard","hentry","category-okategoriserade"],"jetpack_featured_media_url":"","jetpack_sharing_enabled":true,"post_mailing_queue_ids":[],"_links":{"self":[{"href":"https:\/\/www.ohrlund.se\/blogg\/wp-json\/wp\/v2\/posts\/2066","targetHints":{"allow":["GET"]}}],"collection":[{"href":"https:\/\/www.ohrlund.se\/blogg\/wp-json\/wp\/v2\/posts"}],"about":[{"href":"https:\/\/www.ohrlund.se\/blogg\/wp-json\/wp\/v2\/types\/post"}],"author":[{"embeddable":true,"href":"https:\/\/www.ohrlund.se\/blogg\/wp-json\/wp\/v2\/users\/2"}],"replies":[{"embeddable":true,"href":"https:\/\/www.ohrlund.se\/blogg\/wp-json\/wp\/v2\/comments?post=2066"}],"version-history":[{"count":11,"href":"https:\/\/www.ohrlund.se\/blogg\/wp-json\/wp\/v2\/posts\/2066\/revisions"}],"predecessor-version":[{"id":2075,"href":"https:\/\/www.ohrlund.se\/blogg\/wp-json\/wp\/v2\/posts\/2066\/revisions\/2075"}],"wp:attachment":[{"href":"https:\/\/www.ohrlund.se\/blogg\/wp-json\/wp\/v2\/media?parent=2066"}],"wp:term":[{"taxonomy":"category","embeddable":true,"href":"https:\/\/www.ohrlund.se\/blogg\/wp-json\/wp\/v2\/categories?post=2066"},{"taxonomy":"post_tag","embeddable":true,"href":"https:\/\/www.ohrlund.se\/blogg\/wp-json\/wp\/v2\/tags?post=2066"}],"curies":[{"name":"wp","href":"https:\/\/api.w.org\/{rel}","templated":true}]}}