{"id":2079,"date":"2014-08-13T15:54:41","date_gmt":"2014-08-13T13:54:41","guid":{"rendered":"http:\/\/www.ohrlund.se\/blogg\/?p=2079"},"modified":"2014-08-13T15:54:41","modified_gmt":"2014-08-13T13:54:41","slug":"var-gar-gransen","status":"publish","type":"post","link":"https:\/\/www.ohrlund.se\/blogg\/var-gar-gransen\/","title":{"rendered":"Var g\u00e5r gr\u00e4nsen?"},"content":{"rendered":"<p><strong>I konstens namn<\/strong> har m\u00e4nniskor l\u00e5tsats vara sj\u00e4lvmordben\u00e4gna, krupit runt nakna p\u00e5 golvet, sk\u00e4llt p\u00e5 folk och f\u00f6rs\u00f6kt bita dem. Blottat sig, sprungit nakna genom stan. Smort in sig med f\u00e4rg eller n\u00e5got annat. Gapat och skrikit, gr\u00e5tit, svultit och &#8230; tja, vad har inte gjorts?<\/p>\n<p><strong>Om n\u00e5gra veckor<\/strong> \u00e4r det val i Sverige. Var g\u00e5r gr\u00e4nsen mellan ett konstn\u00e4rligt inl\u00e4gg i personvalsdebatten, politisk satir och &#8211; reklam? Vad h\u00e4nder om man l\u00e5ter huvudpersonen i en roman ge sig in i svensk politik p\u00e5 ett h\u00f6gst ov\u00e4ntat s\u00e4tt?<\/p>\n<p><strong>Buthler &amp; \u00d6hrlund testar nu gr\u00e4nserna<\/strong> med <em><strong>&#8221;Er\u00f6vraren&#8221;<\/strong><\/em>, den senaste boken om Christopher Silfverbielke!<\/p>\n<p><a href=\"https:\/\/www.ohrlund.se\/blogg\/wp-content\/uploads\/2014\/08\/CS-Val-05.jpg\"><img loading=\"lazy\" decoding=\"async\" class=\"alignleft size-full wp-image-2080\" alt=\"CS Val 05\" src=\"https:\/\/www.ohrlund.se\/blogg\/wp-content\/uploads\/2014\/08\/CS-Val-05.jpg\" width=\"595\" height=\"842\" srcset=\"https:\/\/www.ohrlund.se\/blogg\/wp-content\/uploads\/2014\/08\/CS-Val-05.jpg 595w, https:\/\/www.ohrlund.se\/blogg\/wp-content\/uploads\/2014\/08\/CS-Val-05-211x300.jpg 211w\" sizes=\"auto, (max-width: 595px) 100vw, 595px\" \/><\/a><\/p>\n<div id=\"wp_fb_like_button\" style=\"margin:5px 0;float:none;height:100px;\"><script src=\"http:\/\/connect.facebook.net\/en_US\/all.js#xfbml=1\"><\/script><fb:like href=\"https:\/\/www.ohrlund.se\/blogg\/var-gar-gransen\/\" send=\"true\" layout=\"standard\" width=\"450\" show_faces=\"true\" font=\"arial\" action=\"like\" colorscheme=\"light\"><\/fb:like><\/div>","protected":false},"excerpt":{"rendered":"<p>I konstens namn har m\u00e4nniskor l\u00e5tsats vara sj\u00e4lvmordben\u00e4gna, krupit runt nakna p\u00e5 golvet, sk\u00e4llt p\u00e5 folk och f\u00f6rs\u00f6kt bita dem. Blottat sig, sprungit nakna genom stan. Smort in sig med f\u00e4rg eller n\u00e5got annat. Gapat och skrikit, gr\u00e5tit, svultit och &hellip; <a href=\"https:\/\/www.ohrlund.se\/blogg\/var-gar-gransen\/\">Forts\u00e4tt l\u00e4sa <span class=\"meta-nav\">&rarr;<\/span><\/a><\/p>\n","protected":false},"author":2,"featured_media":0,"comment_status":"open","ping_status":"open","sticky":false,"template":"","format":"standard","meta":{"_jetpack_memberships_contains_paid_content":false,"footnotes":""},"categories":[1],"tags":[],"class_list":["post-2079","post","type-post","status-publish","format-standard","hentry","category-okategoriserade"],"jetpack_featured_media_url":"","jetpack_sharing_enabled":true,"post_mailing_queue_ids":[],"_links":{"self":[{"href":"https:\/\/www.ohrlund.se\/blogg\/wp-json\/wp\/v2\/posts\/2079","targetHints":{"allow":["GET"]}}],"collection":[{"href":"https:\/\/www.ohrlund.se\/blogg\/wp-json\/wp\/v2\/posts"}],"about":[{"href":"https:\/\/www.ohrlund.se\/blogg\/wp-json\/wp\/v2\/types\/post"}],"author":[{"embeddable":true,"href":"https:\/\/www.ohrlund.se\/blogg\/wp-json\/wp\/v2\/users\/2"}],"replies":[{"embeddable":true,"href":"https:\/\/www.ohrlund.se\/blogg\/wp-json\/wp\/v2\/comments?post=2079"}],"version-history":[{"count":2,"href":"https:\/\/www.ohrlund.se\/blogg\/wp-json\/wp\/v2\/posts\/2079\/revisions"}],"predecessor-version":[{"id":2082,"href":"https:\/\/www.ohrlund.se\/blogg\/wp-json\/wp\/v2\/posts\/2079\/revisions\/2082"}],"wp:attachment":[{"href":"https:\/\/www.ohrlund.se\/blogg\/wp-json\/wp\/v2\/media?parent=2079"}],"wp:term":[{"taxonomy":"category","embeddable":true,"href":"https:\/\/www.ohrlund.se\/blogg\/wp-json\/wp\/v2\/categories?post=2079"},{"taxonomy":"post_tag","embeddable":true,"href":"https:\/\/www.ohrlund.se\/blogg\/wp-json\/wp\/v2\/tags?post=2079"}],"curies":[{"name":"wp","href":"https:\/\/api.w.org\/{rel}","templated":true}]}}