{"id":2084,"date":"2014-08-17T20:55:51","date_gmt":"2014-08-17T18:55:51","guid":{"rendered":"http:\/\/www.ohrlund.se\/blogg\/?p=2084"},"modified":"2014-08-17T20:55:51","modified_gmt":"2014-08-17T18:55:51","slug":"ar-reinfeldt-sverigedemokrat-i-sjalva-verket","status":"publish","type":"post","link":"https:\/\/www.ohrlund.se\/blogg\/ar-reinfeldt-sverigedemokrat-i-sjalva-verket\/","title":{"rendered":"\u00c4r Reinfeldt Sverigedemokrat i sj\u00e4lva verket?"},"content":{"rendered":"<p><strong>Jag minns den tid<\/strong> &#8211; n\u00e4r jag var liten valp, allts\u00e5 &#8211; n\u00e4r man kunde tro p\u00e5 politikerna eller det \u00e5tminstone fanns en hygglig chans att de menade vad de sa.<\/p>\n<p><strong>Jag minns den ocks\u00e5<\/strong> som en tid n\u00e4r man kunde f\u00f6rst\u00e5 varf\u00f6r de sa som de sa, eller fattade de beslut de fattade.<\/p>\n<p><strong>Det var d\u00e5, det.<\/strong><\/p>\n<p><strong>Nu, inte minst valr\u00f6relsen 2014, tycks vara \u00f6verraskningarnas tid.<\/strong> Dels f\u00f6r att valr\u00f6relsen inleds med lamare budskap \u00e4n jag n\u00e5gonsin sett. Folkpartiet kan inte ens stava r\u00e4tt p\u00e5 sina affischer och de andra har heller inte mycket att komma med.<\/p>\n<p><strong>\u00c5ret har pr\u00e4glats av en skr\u00e4ck<\/strong> f\u00f6r Sverigedemokraterna, inte minst efter partiets stora framg\u00e5ngar i EU-valet. Mycket har handlat om att vr\u00e5la &#8221;nazister&#8221;, &#8221;fascister&#8221; eller n\u00e5got annat &#8221;-ister&#8221; \u00e5t partiet ist\u00e4llet f\u00f6r att a) bem\u00f6ta dem sakligt och b) framf\u00f6ra ett eget, b\u00e4ttre, politiskt alternativ.<\/p>\n<p><strong>Resultat: SD v\u00e4xer.<\/strong> Och v\u00e4xer och v\u00e4xer. \u00c4r pl\u00f6tsligt det tredje st\u00f6rsta partiet i Sverige.<\/p>\n<p><strong>Motst\u00e5ndarna ryser.<\/strong> Svenskarna ryser (nyktra, p\u00e5 dagtid. Med kartongvinet i n\u00e4ven g\u00e5r snacket i andra riktningar vid grillen i villatr\u00e4dg\u00e5rdarna, n\u00e4r sanningen kommer fram).<\/p>\n<p><strong>I g\u00e5r gjorde statsministern<\/strong> ett uttalande som fick b\u00e5de de egna och motst\u00e5ndarna att s\u00e4tta kaffet i halsen. Enligt Aftonbladet (http:\/\/www.aftonbladet.se\/nyheter\/article19374579.ab) sa han bland annat:<\/p>\n<p id=\"yui_3_15_0_2_1408299795471_1223\"><strong>&#8221;\u2013 V\u00e5r bed\u00f6mning \u00e4r att den v\u00e4ldiga h\u00e4nsynsl\u00f6shet i en trasig v\u00e4rld vi ser i v\u00e5r absoluta n\u00e4rhet\u00a0 \u00e4r s\u00e5 pass allvarligt att allt fler m\u00e4nniskor kommer att tvingas fly till Europa och Sverige, s\u00e4ger Fredrik Reinfeldt.<\/strong><\/p>\n<h3 id=\"yui_3_15_0_2_1408299795471_1219\"><strong>Statsministern bad d\u00e4rf\u00f6r svenska folket visa sympati f\u00f6r de m\u00e4nniskor som flyr f\u00f6r sina liv och kommer till Sverige. Han s\u00e4ger att flyktingstr\u00f6mmen kommer att n\u00e5 niv\u00e5er liknande de under Balkan-krisen p\u00e5 90-talet.<\/strong><\/h3>\n<p id=\"yui_3_15_0_2_1408299795471_1231\"><strong>\u2013 Det leder till diskussioner hemma i Sverige, vad kommer det kosta och jag kan redan nu s\u00e4ga att det kommer leda till stora kostnader, s\u00e4ger Fredrik Reinfeldt.\u00a0De \u00e4r s\u00e5 pass omfattande att det kommer att l\u00e4gga ytterligare restriktioner f\u00f6r vad som finns utrymme f\u00f6r i offentlig finansiering. D\u00e4rf\u00f6r lovar vi n\u00e4ra nog ingenting i den h\u00e4r valr\u00f6relsen, det kommer inte att finnas utrymme f\u00f6r det.&#8221;<\/strong><\/p>\n<p><strong>Vad han s\u00e4ger<\/strong> kan jag, som amat\u00f6rpolitisk kommentator, bara tolka p\u00e5 ett s\u00e4tt:<\/p>\n<p><strong>&#8221;Ledsen, tjejer och grabbar.<\/strong> Det blir ingen b\u00e4ttre skola. Det blir ingen vettig \u00e5ldringsv\u00e5rd nu heller. F\u00f6rsvaret kan ni gl\u00f6mma. Snuten och brandk\u00e5ren f\u00e5r klara sig med det de har. V\u00e4gunderh\u00e5llet f\u00e5r v\u00e4nta. Skatteh\u00f6jningar, mja, det f\u00e5r nog bli s\u00e5. Vi beh\u00f6ver n\u00e4mligen ta emot 60 000 flyktingar till. Eller 100 000. Eller &#8211; \u00e4nnu fler. Vi har visserligen ingen plan f\u00f6r dem, inga bost\u00e4der, inga jobb och inga pengar. Men det skiter v\u00e4l jag i, det viktiga \u00e4r att v\u00e4rlden tycker att vi \u00e4r duktiga. En humanit\u00e4r stormakt, det \u00e4r vad vi \u00e4r, minsann. Ingen beh\u00f6ver ju veta att de f\u00e5r tugga cornflakes i tr\u00e4baracker i fem, sju \u00e5r eller s\u00e5, eller hur?&#8221;<\/p>\n<p><strong>Typ.<\/strong><\/p>\n<p><strong>Jag kan,<\/strong> ocks\u00e5 som amat\u00f6rpolitisk bed\u00f6mare, bara tolka bakgrunden till uttalandet p\u00e5 f\u00f6ljande s\u00e4tt:<\/p>\n<p>a) Reinfeldt har, \u00f6ver natt, i hemlighet blivit en slug Sverigedemokrat<\/p>\n<p>b) Han har f\u00e5tt hj\u00e4rnsl\u00e4pp och tror att v\u00e4nstersympatis\u00f6rer pl\u00f6tsligt ska bli moderater<\/p>\n<p>c) Han \u00e4r en desperat, synnerligen taskig skytt och sk\u00f6t sig i foten ist\u00e4llet f\u00f6r att tr\u00e4ffa L\u00f6fv\u00e9n<\/p>\n<p>d) Han har akut b\u00f6rjat sniffa enorma m\u00e4ngder kokain<\/p>\n<p><strong>Jag gissar p\u00e5 alternativ c.<\/strong> Men oavsett vilket, kan jag se hur Jimmie \u00c5kesson och hans medarbetare gnuggade h\u00e4nderna av f\u00f6rtjusning och i dag meddelar partiet mycket riktigt att de \u00e4ndrar kurs f\u00f6r skutan i valr\u00f6relsen f\u00f6r att nu be herr Reinfeldt redog\u00f6ra f\u00f6r finansieringen av det hela.<\/p>\n<p><strong>Jag tror minsann<\/strong> att herr statsministern bj\u00f6d Sverigedemokraterna p\u00e5 ett par procent till i valet.<\/p>\n<p><strong>T\u00e4nk s\u00e5 det kan g\u00e5.<\/strong><\/p>\n<p><strong>Nu \u00e4r ju herr statsministern<\/strong> inte ensam om sj\u00e4lvstympning. N\u00e4r sossarna lyckligt meddelar att de f\u00e5tt partiets klokaste kvinna, <em><strong>Margot Wallstr\u00f6m<\/strong><\/em>, att komma tillbaka, ropar de i n\u00e4sta sekund p\u00e5 mannen som fick henne att f\u00f6rsvinna med en rysning, G\u00f6ran Persson.<\/p>\n<p><strong>Och Persson<\/strong> har en enda viktig fr\u00e5ga innan han meddelar om han \u00e5terv\u00e4nder:<\/p>\n<p><strong>&#8221;F\u00e5r jag ta korna med mig?&#8221;<\/strong><\/p>\n<p><strong>Ibland <\/strong>\u00f6nskar jag att jag vore religi\u00f6s.<\/p>\n<p><strong>F\u00f6r nu beh\u00f6ver Sverige hj\u00e4lp fr\u00e5n ovan.<\/strong><\/p>\n<p>&nbsp;<\/p>\n<p>&nbsp;<\/p>\n<div id=\"wp_fb_like_button\" style=\"margin:5px 0;float:none;height:100px;\"><script src=\"http:\/\/connect.facebook.net\/en_US\/all.js#xfbml=1\"><\/script><fb:like href=\"https:\/\/www.ohrlund.se\/blogg\/ar-reinfeldt-sverigedemokrat-i-sjalva-verket\/\" send=\"true\" layout=\"standard\" width=\"450\" show_faces=\"true\" font=\"arial\" action=\"like\" colorscheme=\"light\"><\/fb:like><\/div>","protected":false},"excerpt":{"rendered":"<p>Jag minns den tid &#8211; n\u00e4r jag var liten valp, allts\u00e5 &#8211; n\u00e4r man kunde tro p\u00e5 politikerna eller det \u00e5tminstone fanns en hygglig chans att de menade vad de sa. Jag minns den ocks\u00e5 som en tid n\u00e4r man &hellip; <a href=\"https:\/\/www.ohrlund.se\/blogg\/ar-reinfeldt-sverigedemokrat-i-sjalva-verket\/\">Forts\u00e4tt l\u00e4sa <span class=\"meta-nav\">&rarr;<\/span><\/a><\/p>\n","protected":false},"author":2,"featured_media":0,"comment_status":"open","ping_status":"open","sticky":false,"template":"","format":"standard","meta":{"_jetpack_memberships_contains_paid_content":false,"footnotes":""},"categories":[1],"tags":[],"class_list":["post-2084","post","type-post","status-publish","format-standard","hentry","category-okategoriserade"],"jetpack_featured_media_url":"","jetpack_sharing_enabled":true,"post_mailing_queue_ids":[],"_links":{"self":[{"href":"https:\/\/www.ohrlund.se\/blogg\/wp-json\/wp\/v2\/posts\/2084","targetHints":{"allow":["GET"]}}],"collection":[{"href":"https:\/\/www.ohrlund.se\/blogg\/wp-json\/wp\/v2\/posts"}],"about":[{"href":"https:\/\/www.ohrlund.se\/blogg\/wp-json\/wp\/v2\/types\/post"}],"author":[{"embeddable":true,"href":"https:\/\/www.ohrlund.se\/blogg\/wp-json\/wp\/v2\/users\/2"}],"replies":[{"embeddable":true,"href":"https:\/\/www.ohrlund.se\/blogg\/wp-json\/wp\/v2\/comments?post=2084"}],"version-history":[{"count":3,"href":"https:\/\/www.ohrlund.se\/blogg\/wp-json\/wp\/v2\/posts\/2084\/revisions"}],"predecessor-version":[{"id":2087,"href":"https:\/\/www.ohrlund.se\/blogg\/wp-json\/wp\/v2\/posts\/2084\/revisions\/2087"}],"wp:attachment":[{"href":"https:\/\/www.ohrlund.se\/blogg\/wp-json\/wp\/v2\/media?parent=2084"}],"wp:term":[{"taxonomy":"category","embeddable":true,"href":"https:\/\/www.ohrlund.se\/blogg\/wp-json\/wp\/v2\/categories?post=2084"},{"taxonomy":"post_tag","embeddable":true,"href":"https:\/\/www.ohrlund.se\/blogg\/wp-json\/wp\/v2\/tags?post=2084"}],"curies":[{"name":"wp","href":"https:\/\/api.w.org\/{rel}","templated":true}]}}