{"id":2101,"date":"2014-08-27T23:55:22","date_gmt":"2014-08-27T21:55:22","guid":{"rendered":"http:\/\/www.ohrlund.se\/blogg\/?p=2101"},"modified":"2014-09-11T22:18:43","modified_gmt":"2014-09-11T20:18:43","slug":"tack-jimmie-akesson-sveriges-problem-tycks-vara-over","status":"publish","type":"post","link":"https:\/\/www.ohrlund.se\/blogg\/tack-jimmie-akesson-sveriges-problem-tycks-vara-over\/","title":{"rendered":"Tack Jimmie \u00c5kesson &#8211; Sveriges problem tycks vara \u00f6ver&#8230;"},"content":{"rendered":"<p><strong>Efter att ha tagit del av<\/strong> valdebatten i Sverige 2014 kan jag inte annat \u00e4n tacka <em>Jimmie \u00c5kesson.<\/em><\/p>\n<p><strong>Ty om jag f\u00f6rst\u00e5r saken r\u00e4tt<\/strong>, \u00e4r han det enda <em>riktiga<\/em> problemet i landet. Sedan hans parti f\u00f6rdubblade antalet sympatis\u00f6rer (och f\u00f6r s\u00e4kerhets skull vill ingen veta varf\u00f6r) har alla andra problem hastigt f\u00f6rsvunnit och inget av dem debatteras i valr\u00f6relsen. Som en magisk dr\u00f6mf\u00e5ngare har Jimmie blivit det enda kvarvarande problemet och om han bara drar sig tillbaka kan vi leva i v\u00e4lst\u00e5nd och lycka forever.<\/p>\n<p><strong>Att kvinnor f\u00e5r p\u00e5 k\u00e4ften av sina m\u00e4n<\/strong> tycks inte l\u00e4ngre vara n\u00e5got problem, f\u00f6r tyst \u00e4r det. Icke desto mindre <strong>d\u00f6r<\/strong>, enligt statistiken (http:\/\/www.kvinnojouren.se\/statistik-om-anmalda-brott-fran-bra) <strong>17 kvinnor om \u00e5ret<\/strong> f\u00f6r att de f\u00e5r stryk av sin pojkv\u00e4n\/man. I Sverige. 2014. Patetiskt nog i en tid d\u00e4r samh\u00e4llet med lagst\u00f6d (bes\u00f6ksf\u00f6rbud) och modern teknik (fotboja) kan hindra dessa m\u00e4n att s\u00f6ka upp kvinnorna, och p\u00e5 fem meter n\u00e4r se var galenpannorna befinner sig. Hur sv\u00e5rt \u00e4r det d\u00e5 att gripa dem och sl\u00e4nga dem i f\u00e4ngelse n\u00e4sta g\u00e5ng de \u00e4r p\u00e5 v\u00e4g f\u00f6r att prygla kvinnan och barnen? Men &#8211; t\u00e4nker samh\u00e4llet st\u00e5 upp f\u00f6r de h\u00e4r kvinnorna och barnen i valr\u00f6relsen 2014?<\/p>\n<p><em>N\u00e4pp. Jimmie \u00e4r viktigare.<\/em><\/p>\n<p><strong>Att de \u00e4ldre sv\u00e4lter ihj\u00e4l<\/strong> p\u00e5 \u00e5lderdomshem \u00e4r inte heller n\u00e5got problem (http:\/\/www.svt.se\/nyheter\/regionalt\/vasterbottensnytt\/aldre-svalter-ihjal). Att min 93-\u00e5riga mamma varje dag behandlas f\u00f6rnedrande efter att ha slitit i ett helt liv \u00e4r inga problem. Inte att man r\u00e4knar hennes bl\u00f6jor, v\u00e4grar g\u00e5 ut med henne eller inte har tid att koka potatis \u00e5t henne utan ger henne snabbris.<\/p>\n<p><em>Jimmie \u00e4r viktigare.<\/em><\/p>\n<p><strong>J\u00e4mlikhetsproblemet<\/strong> tycks vara undansopat. Att m\u00e4n och kvinnor med lika utbildning och i lika jobb f\u00e5r helt skilda l\u00f6ner k\u00e4nns inte l\u00e4ngre viktigt. Fuck de underbetalda kvinnorna i tunga yrken.<\/p>\n<p><em>Jimmie \u00e4r viktigast.<\/em><\/p>\n<p><strong>Milj\u00f6n, d\u00e5.<\/strong> Vad h\u00e4nde med utsl\u00e4ppen, pl\u00e5tburkarna, sopsorteringen, fabrikerna, gifterna i odlingar, luften p\u00e5 arbetsplatser, kemikalier i maten, asbest, dubbar i asfalten, partiklar, k\u00e4rnkraft och allt det d\u00e4r?<\/p>\n<p><em>Host, host, faran \u00e4r \u00f6ver!<\/em> <em>Men<\/em>\u00a0<em>Jimmie m\u00e5ste bort!\u00a0<\/em><\/p>\n<p><strong>Kriminalv\u00e5rdens djupt misslyckade &#8221;rehabilitering&#8221;<\/strong>\u00a0beh\u00f6ver vi inte l\u00e4ngre prata om. Att st\u00f6rre delen av f\u00e4ngelsekunderna \u00e5terfaller i brott k\u00e4nns inte bekymmersamt.<\/p>\n<p><em>Ty Jimmie \u00e4r roten till det onda.<\/em><\/p>\n<p><strong>Vilka problem <\/strong>som fanns<em> f\u00f6re<\/em> Jimmie l\u00e5ter vi bli att diskutera. Det blir enklast s\u00e5.<\/p>\n<p><strong>2014 \u00e5rs valr\u00f6relse<\/strong> m\u00e5ste vara den mest patetiska i landets historia. Jag minnsn\u00e4r jag var s\u00e5 v\u00e4nster att jag tyckte att Kfml(r) var lite mj\u00e4kigt ljusbl\u00e5.\u00a0Men de stod f\u00f6r vad de tyckte. Det var innan de drog sig mot mitten och b\u00f6rjade h\u00e5ngla med kapitalisterna<\/p>\n<p><strong>Jag minns ocks\u00e5<\/strong> en tid n\u00e4r h\u00f6gern stod f\u00f6r vad de tyckte. Innan de b\u00f6rjade leka sossar, allts\u00e5.<\/p>\n<p><strong>Jag minns<\/strong> n\u00e4r jag trodde p\u00e5 <em>n\u00e5gon<\/em>.<\/p>\n<p><strong>I dag rinner ryggraden ur dem alla<\/strong> och hamnar i en skamfl\u00e4ckig, s\u00f6rjig \u00e5 i mitten, d\u00e4r de hoppas att r\u00f6stfisket g\u00e5r b\u00e4st. Som bibelns onanister tvingas svenska politiker raka handflatorna dagligen, f\u00f6r att ingen l\u00e4ngre t\u00f6rs st\u00e5 f\u00f6r n\u00e5gonting. Det enda mantrat \u00e4r:<\/p>\n<p><strong>Sn\u00e4lla, ge oss fyra \u00e5r till med 58 000 i m\u00e5naden!<\/strong><\/p>\n<p><strong>Hur det h\u00e4r<\/strong> hade g\u00e5tt i ett vanligt f\u00f6retag kan du r\u00e4kna ut. Den som inte g\u00f6r jobbet och tar sitt ansvar f\u00e5r en spark i h\u00e4cken.<\/p>\n<p><strong>Politikerna slipper det.<\/strong> Alla fr\u00e5n v\u00e4nster till h\u00f6ger kan r\u00e4kna med att f\u00e5 sitta hyfsat orubbat i Den J\u00e4ttestora Mittenekan, \u00e4ven om den kommer att gunga till lite ibland.<\/p>\n<p><strong>Det ska de tacka Jimmie \u00c5kesson f\u00f6r.<\/strong> Genom att projicera allt det onda i landet p\u00e5 honom och hans parti, har de tragiskt nog lyckats skjuta de stora och viktiga fr\u00e5gorna &#8211; som de borde ta ansvar f\u00f6r &#8211; in i m\u00f6rkret.<\/p>\n<p><strong>Skickligt. Och &#8211; fegt som fan.<\/strong><\/p>\n<p><strong>2014 \u00e5rs valr\u00f6relse<\/strong> handlar om brist p\u00e5 ryggrad. Om att inte st\u00e5 f\u00f6r ens de egna v\u00e4rderingarna. Den handlar framf\u00f6rallt om att i f\u00f6rsta hand kasta skit p\u00e5 motst\u00e5ndarna ist\u00e4llet f\u00f6r att f\u00f6ra fram ett eget, vettigt budskap.<\/p>\n<p><strong>Och s\u00e5<\/strong> om att strypa Jimmie, <em>Ondskan<\/em>, f\u00f6rst\u00e5s.<\/p>\n<p><strong>2014 \u00e5rs valr\u00f6relse handlar trist nog<\/strong> om att f\u00f6rs\u00f6ka leka politikens Joe Labero, utan att f\u00f6rst\u00e5 att cirkuskonster kr\u00e4ver \u00f6vning och att publiken faktiskt \u00e4r vaken.<\/p>\n<p><strong>Och n\u00e4r det sm\u00e4rtsamma<\/strong> &#8211; f\u00f6r det blir det &#8211; resultatet av omr\u00f6stningen \u00e4r klart, \u00e4r det f\u00f6rsent att st\u00e5 upp och vara \u00e4rlig.<\/p>\n<p><strong>V\u00e4nner, min r\u00f6st \u00e4r som alltid till salu<\/strong> men i \u00e5r \u00e4r utropspriset h\u00f6gre \u00e4n n\u00e5gonsin. Pengarna g\u00e5r oavkortat till <em>L\u00e4kare utan gr\u00e4nser<\/em>, f\u00f6r <strong>d\u00e4r<\/strong> finns folk som t\u00f6rs st\u00e5 f\u00f6r vad de tror p\u00e5 &#8211; med livet som insats!<\/p>\n<p><strong>N\u00e4mn en politiker som matchar det.<\/strong><\/p>\n<p>&nbsp;<\/p>\n<div id=\"wp_fb_like_button\" style=\"margin:5px 0;float:none;height:100px;\"><script src=\"http:\/\/connect.facebook.net\/en_US\/all.js#xfbml=1\"><\/script><fb:like href=\"https:\/\/www.ohrlund.se\/blogg\/tack-jimmie-akesson-sveriges-problem-tycks-vara-over\/\" send=\"true\" layout=\"standard\" width=\"450\" show_faces=\"true\" font=\"arial\" action=\"like\" colorscheme=\"light\"><\/fb:like><\/div>","protected":false},"excerpt":{"rendered":"<p>Efter att ha tagit del av valdebatten i Sverige 2014 kan jag inte annat \u00e4n tacka Jimmie \u00c5kesson. Ty om jag f\u00f6rst\u00e5r saken r\u00e4tt, \u00e4r han det enda riktiga problemet i landet. Sedan hans parti f\u00f6rdubblade antalet sympatis\u00f6rer (och f\u00f6r &hellip; <a href=\"https:\/\/www.ohrlund.se\/blogg\/tack-jimmie-akesson-sveriges-problem-tycks-vara-over\/\">Forts\u00e4tt l\u00e4sa <span class=\"meta-nav\">&rarr;<\/span><\/a><\/p>\n","protected":false},"author":2,"featured_media":0,"comment_status":"open","ping_status":"open","sticky":false,"template":"","format":"standard","meta":{"_jetpack_memberships_contains_paid_content":false,"footnotes":""},"categories":[1],"tags":[],"class_list":["post-2101","post","type-post","status-publish","format-standard","hentry","category-okategoriserade"],"jetpack_featured_media_url":"","jetpack_sharing_enabled":true,"post_mailing_queue_ids":[],"_links":{"self":[{"href":"https:\/\/www.ohrlund.se\/blogg\/wp-json\/wp\/v2\/posts\/2101","targetHints":{"allow":["GET"]}}],"collection":[{"href":"https:\/\/www.ohrlund.se\/blogg\/wp-json\/wp\/v2\/posts"}],"about":[{"href":"https:\/\/www.ohrlund.se\/blogg\/wp-json\/wp\/v2\/types\/post"}],"author":[{"embeddable":true,"href":"https:\/\/www.ohrlund.se\/blogg\/wp-json\/wp\/v2\/users\/2"}],"replies":[{"embeddable":true,"href":"https:\/\/www.ohrlund.se\/blogg\/wp-json\/wp\/v2\/comments?post=2101"}],"version-history":[{"count":4,"href":"https:\/\/www.ohrlund.se\/blogg\/wp-json\/wp\/v2\/posts\/2101\/revisions"}],"predecessor-version":[{"id":2126,"href":"https:\/\/www.ohrlund.se\/blogg\/wp-json\/wp\/v2\/posts\/2101\/revisions\/2126"}],"wp:attachment":[{"href":"https:\/\/www.ohrlund.se\/blogg\/wp-json\/wp\/v2\/media?parent=2101"}],"wp:term":[{"taxonomy":"category","embeddable":true,"href":"https:\/\/www.ohrlund.se\/blogg\/wp-json\/wp\/v2\/categories?post=2101"},{"taxonomy":"post_tag","embeddable":true,"href":"https:\/\/www.ohrlund.se\/blogg\/wp-json\/wp\/v2\/tags?post=2101"}],"curies":[{"name":"wp","href":"https:\/\/api.w.org\/{rel}","templated":true}]}}