{"id":2105,"date":"2014-08-29T00:15:14","date_gmt":"2014-08-28T22:15:14","guid":{"rendered":"http:\/\/www.ohrlund.se\/blogg\/?p=2105"},"modified":"2014-08-29T00:15:14","modified_gmt":"2014-08-28T22:15:14","slug":"nar-den-bruna-filten-sakta-laggs-pa","status":"publish","type":"post","link":"https:\/\/www.ohrlund.se\/blogg\/nar-den-bruna-filten-sakta-laggs-pa\/","title":{"rendered":"N\u00e4r den bruna filten sakta l\u00e4ggs p\u00e5 &#8230;"},"content":{"rendered":"<p><strong>Jag har en v\u00e4n<\/strong>, lite mer intelligent \u00e4n jag, lite mer allm\u00e4nbildad, lite mer snabbt\u00e4nkt. Under v\u00e5ra l\u00e5nga diskussioner om hur samh\u00e4llet och v\u00e4rlden omkring oss ser ut, visar det sig att vi tycker ungef\u00e4r likadant i de flesta fr\u00e5gor. Men det finns en v\u00e4sentlig skillnad mellan oss. Medan jag v\u00e4ljer att blogga och debattera, v\u00e4ljer han att vara tyst. N\u00e4r jag fr\u00e5gar varf\u00f6r svarar han l\u00e5gm\u00e4lt:<\/p>\n<p><em><strong>&#8221;Det finns ingenting att vinna p\u00e5 att diskutera. Den fria debatten \u00e4r borta i det h\u00e4r landet.&#8221;<\/strong><\/em><\/p>\n<p><strong>\u00c4nda tills under de senaste dagarna<\/strong> har jag, kanske v\u00e4l naivt, varit \u00f6vertygad om att han har fel. Sverige \u00e4r en demokrati. I en demokrati ska man respektera varandras \u00e5sikter. I en demokrati b\u00f6r man kunna diskutera <em>alla<\/em> problem &#8211; skola, v\u00e5rd, kommunikationer, invandring, utvandring, polis, f\u00f6rsvar, r\u00e4ttsv\u00e4sende, styre, administration, korruption, smittskydd, kriminalv\u00e5rd, milj\u00f6, j\u00e4mlikhet, f\u00f6r att ta n\u00e5gra exempel &#8211; som finns f\u00f6r att med gemensam kraft komma fram till en b\u00e4ttre l\u00f6sning. Detta utan att bli inkastad i bisarra fack eller sk\u00e4lld f\u00f6r att vara kommunist, nazist, rasist, fascist, terrorist, kapitalist eller n\u00e5got annat p\u00e5 -ist.<\/p>\n<p><strong>\u00c5rets<\/strong> s\u00e5 kallade valr\u00f6relse, samt n\u00e5gra f\u00e5 m\u00e4nniskor som skr\u00e4mt skiten ur mig, har f\u00e5tt mig att b\u00f6rja f\u00f6rst\u00e5 att jag har fel.<\/p>\n<p><strong>I valr\u00f6relsen<\/strong> har alla de problem som tidigare ans\u00e5gs viktiga och allvarliga, mer eller mindre sopats under mattan, till f\u00f6rm\u00e5n f\u00f6r en diskussion om invandring kontra rasism &#8211; en diskussion som initierats av h\u00f6gern (f\u00f6r att d\u00f6lja &#8211; vad?). V\u00e4nstern, som inte p\u00e5 l\u00e4nge gjort sk\u00e4l f\u00f6r sitt namn, tiger still (varf\u00f6r?).<\/p>\n<p><strong>\u00c4n v\u00e4rre \u00e4r<\/strong> att den s\u00e5 kallade \u00e5siktskorridoren smalnat av rej\u00e4lt och att jag nu f\u00f6rst\u00e5tt att det inte alls finns respekt f\u00f6r alla \u00e5sikter, eller r\u00e4tten att framf\u00f6ra dem.<\/p>\n<p><strong>Det finns<\/strong> \u00e5siktsst\u00e4mplar och \u00e5siktspoliser som os\u00f6kt f\u00e5r mig att t\u00e4nka p\u00e5 galna m\u00e4n och samh\u00e4llssystem som straffade m\u00e4nniskor som inte lydde \u00e5siktsreglerna.<\/p>\n<p><strong>I Sverige<\/strong> finns det, \u00e4n s\u00e5 l\u00e4nge, bara n\u00e5gra \u00e5sikter som kan leda till straff f\u00f6r dem som uttrycker dem. Men historien och erfarenheten visar tydligt att den som l\u00e5ter politiker eller diktatorer inskr\u00e4nka yttrandefriheten snabbt blir obehagligt \u00f6verraskade \u00f6ver hur stora inskr\u00e4nkningarna kan bli.<\/p>\n<p><strong>Och vilket straffet blir<\/strong> f\u00f6r dem som bryter mot reglerna.<\/p>\n<p><strong>Att r\u00e4dslan<\/strong> f\u00f6r att uttrycka sina \u00e5sikter och st\u00e5 f\u00f6r dem finns \u00e4ven i Sverige, ser du tydligt om du granskar kommentarerna p\u00e5 min blogg.\u00a0Hittar du, bland alla pseudonymer och fejknamn, <em>en<\/em> enda m\u00e4nniska som t\u00f6rs st\u00e5 f\u00f6r sina \u00e5sikter med hela namnet?<\/p>\n<p><strong>Nej.<\/strong><\/p>\n<p><strong>Och <em>det<\/em><\/strong> \u00e4r skr\u00e4mmande.<\/p>\n<p><strong>Under den senaste tiden<\/strong> har jag blivit f\u00f6rst \u00f6verraskad, d\u00e4refter bekymrad och till sist skr\u00e4md av n\u00e5gra personer som kritiserat mina blogginl\u00e4gg. F\u00f6rst\u00e5 mig r\u00e4tt &#8211; jag har alls ingenting emot kritik och jag uppskattar debatt. Men n\u00e4r jag f\u00e5r h\u00f6ra talas om \u00e5siktsbegr\u00e4nsningar blir jag r\u00e4dd p\u00e5 allvar. N\u00e4r n\u00e5gon kategoriskt talar om f\u00f6r mig vad som \u00e4r r\u00e4tt och fel, vad som \u00e4r fakta och l\u00f6gn i den gigantflod av information som sk\u00f6ljer \u00f6ver oss varje sekund. N\u00e4r n\u00e5gon tar sig r\u00e4tten att veta b\u00e4st, och best\u00e4mma.<\/p>\n<p><strong>Jag skr\u00e4ms ocks\u00e5<\/strong> av politiker som inte g\u00f6r en min av att ta tag i alla de problem vi faktiskt har i samh\u00e4llet.<\/p>\n<p><strong>Eftersom jag i livet oftast<\/strong>\u00a0blivit kritiserad och p\u00e5hoppad av h\u00f6germ\u00e4nniskor blev jag extra f\u00f6rv\u00e5nad eftersom mina nya kritiker utger sig f\u00f6r att vara v\u00e4nster. I min v\u00e4rld \u00e4r v\u00e4nsterm\u00e4nniskor f\u00f6r en \u00f6ppen debatt och d\u00e4rf\u00f6r tog det en bra stund innan jag k\u00e4nde att n\u00e5got var fel, och slanten ramlade ner. V\u00e4nsterm\u00e4nniskornas \u00e5sikter var i sj\u00e4lva verket extrema h\u00f6ger\u00e5sikter. Vid en finr\u00e4kning visar det sig att de bor i sj\u00f6n\u00e4ra m\u00e5ngmiljonvillor och har hush\u00e5llsinkomster som vanliga m\u00e4nniskor inte kommer i n\u00e4rheten av. Och s\u00e5 vidare.<\/p>\n<p><strong>Vem kan du lita p\u00e5?<\/strong> Vilka st\u00e5r f\u00f6r vad de \u00e4r, vilka f\u00f6rvanskar sina agendor n\u00e4r de debatterar?<\/p>\n<p><strong>Jag f\u00e5r ocks\u00e5<\/strong> en del direkta hot, naturligtvis fr\u00e5n anonyma avs\u00e4ndare och av spr\u00e5ket att d\u00f6ma tillh\u00f6r de inte de mest beg\u00e5vade.<\/p>\n<p><strong>Hoten skr\u00e4mmer mig inte.<\/strong> Nu skr\u00e4ms jag av de intelligenta, de jag trodde var f\u00f6respr\u00e5kare f\u00f6r frihet, de som i sj\u00e4lva verket vill inskr\u00e4nka yttrandefriheten i en demokrati. Jag trodde n\u00e4mligen i min naivitet att att samma regler g\u00e4ller f\u00f6r alla, men jag har nu f\u00f6rst\u00e5tt att det inte alls \u00e4r s\u00e5.<\/p>\n<p><strong>N\u00e4r den bruna, v\u00e5ta filten s\u00e4nks \u00f6ver v\u00e5r frihet<\/strong> och yttrandefrihet, tar det tyv\u00e4rr ofta alltf\u00f6r l\u00e5ng tid innan man k\u00e4nner stanken. Inte minst om filten kommer fr\u00e5n ett helt ov\u00e4ntat h\u00e5ll.\u00a0De som h\u00e5ller i filten utg\u00f6r den <em>riktiga<\/em> faran f\u00f6r demokratin. Och de finns inte ens p\u00e5 den politiska kartan utan g\u00f6mmer sig bakom falska politiska hemvister och konstiga alias. P\u00e5 Facebook. P\u00e5 sajter. \u00d6verallt p\u00e5 n\u00e4tet.<\/p>\n<p><strong>D\u00e4rf\u00f6r att de inte t\u00f6rs st\u00e5 f\u00f6r vilka de \u00e4r.<\/strong><\/p>\n<p><strong>Och f\u00f6r vad de <em>verkligen<\/em> vill.<\/strong><\/p>\n<p><strong>F\u00f6rmodligen<\/strong> har min gode v\u00e4n och kollega alldeles r\u00e4tt. B\u00e4st att vara tyst innan man r\u00e5kar riktigt illa ut.<\/p>\n<p><strong>Jag borde<\/strong> kanske lyssna, trots allt. H\u00e5lla k\u00e4ft.<\/p>\n<p>Sverige \u00e4r ute p\u00e5 en farlig v\u00e4g nu.<\/p>\n<p>&nbsp;<\/p>\n<div id=\"wp_fb_like_button\" style=\"margin:5px 0;float:none;height:100px;\"><script src=\"http:\/\/connect.facebook.net\/en_US\/all.js#xfbml=1\"><\/script><fb:like href=\"https:\/\/www.ohrlund.se\/blogg\/nar-den-bruna-filten-sakta-laggs-pa\/\" send=\"true\" layout=\"standard\" width=\"450\" show_faces=\"true\" font=\"arial\" action=\"like\" colorscheme=\"light\"><\/fb:like><\/div>","protected":false},"excerpt":{"rendered":"<p>Jag har en v\u00e4n, lite mer intelligent \u00e4n jag, lite mer allm\u00e4nbildad, lite mer snabbt\u00e4nkt. Under v\u00e5ra l\u00e5nga diskussioner om hur samh\u00e4llet och v\u00e4rlden omkring oss ser ut, visar det sig att vi tycker ungef\u00e4r likadant i de flesta fr\u00e5gor. &hellip; <a href=\"https:\/\/www.ohrlund.se\/blogg\/nar-den-bruna-filten-sakta-laggs-pa\/\">Forts\u00e4tt l\u00e4sa <span class=\"meta-nav\">&rarr;<\/span><\/a><\/p>\n","protected":false},"author":2,"featured_media":0,"comment_status":"open","ping_status":"open","sticky":false,"template":"","format":"standard","meta":{"_jetpack_memberships_contains_paid_content":false,"footnotes":""},"categories":[1],"tags":[],"class_list":["post-2105","post","type-post","status-publish","format-standard","hentry","category-okategoriserade"],"jetpack_featured_media_url":"","jetpack_sharing_enabled":true,"post_mailing_queue_ids":[],"_links":{"self":[{"href":"https:\/\/www.ohrlund.se\/blogg\/wp-json\/wp\/v2\/posts\/2105","targetHints":{"allow":["GET"]}}],"collection":[{"href":"https:\/\/www.ohrlund.se\/blogg\/wp-json\/wp\/v2\/posts"}],"about":[{"href":"https:\/\/www.ohrlund.se\/blogg\/wp-json\/wp\/v2\/types\/post"}],"author":[{"embeddable":true,"href":"https:\/\/www.ohrlund.se\/blogg\/wp-json\/wp\/v2\/users\/2"}],"replies":[{"embeddable":true,"href":"https:\/\/www.ohrlund.se\/blogg\/wp-json\/wp\/v2\/comments?post=2105"}],"version-history":[{"count":2,"href":"https:\/\/www.ohrlund.se\/blogg\/wp-json\/wp\/v2\/posts\/2105\/revisions"}],"predecessor-version":[{"id":2107,"href":"https:\/\/www.ohrlund.se\/blogg\/wp-json\/wp\/v2\/posts\/2105\/revisions\/2107"}],"wp:attachment":[{"href":"https:\/\/www.ohrlund.se\/blogg\/wp-json\/wp\/v2\/media?parent=2105"}],"wp:term":[{"taxonomy":"category","embeddable":true,"href":"https:\/\/www.ohrlund.se\/blogg\/wp-json\/wp\/v2\/categories?post=2105"},{"taxonomy":"post_tag","embeddable":true,"href":"https:\/\/www.ohrlund.se\/blogg\/wp-json\/wp\/v2\/tags?post=2105"}],"curies":[{"name":"wp","href":"https:\/\/api.w.org\/{rel}","templated":true}]}}