{"id":2115,"date":"2014-09-04T23:42:46","date_gmt":"2014-09-04T21:42:46","guid":{"rendered":"http:\/\/www.ohrlund.se\/blogg\/?p=2115"},"modified":"2014-09-04T23:42:46","modified_gmt":"2014-09-04T21:42:46","slug":"en-ny-skarp-doft-i-bageriet","status":"publish","type":"post","link":"https:\/\/www.ohrlund.se\/blogg\/en-ny-skarp-doft-i-bageriet\/","title":{"rendered":"En ny, skarp doft i bageriet&#8230;"},"content":{"rendered":"<p><strong>Under den senaste m\u00e5naden<\/strong> har jag skrivit ett antal blogginl\u00e4gg som det blivit liv om. Om polisen. Om det politiska klimatet i landet. Framf\u00f6rallt om vikten av \u00e5sikts- och yttrandefrihet.<\/p>\n<p><strong>Som tack<\/strong> f\u00f6r detta har jag huvudsakligen f\u00e5tt positiva kommentarer, en del neutrala, r\u00e4tt m\u00e5nga negativa och ett och annat hot.<\/p>\n<p><strong>Det som f\u00f6rv\u00e5nar mig<\/strong> och g\u00f6r det hela tragiskt, \u00e4r hur m\u00e5nga m\u00e4nniskor som under anonym flagg orkar \u00f6dsla energi p\u00e5 negativa eller hatiska kommentarer, ist\u00e4llet f\u00f6r att p\u00e5 ett positivt s\u00e4tt propagera f\u00f6r sina \u00e5sikter under egna bloggar eller fb-sidor.<\/p>\n<p><strong>Det direkt skr\u00e4mmande<\/strong> \u00e4r att &#8211; m\u00e5nga till synes intelligenta &#8211; m\u00e4nniskor som inte kan respektera en annan \u00e5sikt \u00e4n sina egna. De l\u00e5tsas representera en vidsynt grupp men p\u00e5minner mer om hur m\u00e4nniskor i bruna st\u00f6vlar en g\u00e5ng f\u00f6rs\u00f6kte f\u00f6rbjuda andras \u00e5sikter. Sverige 2014.<\/p>\n<p><strong>Oavsett vilket<\/strong> s\u00e5 \u00e4r det fr\u00e5n och med nu en ny doft i det h\u00e4r bageriet. Jag st\u00e5r f\u00f6r mina \u00e5sikter \u00f6ppet, min mailadress och mitt telefonnummer \u00e4r offentliga uppgifter.<\/p>\n<p><strong>Detsamma kr\u00e4ver jag nu fr\u00e5n dig som vill kommentera.<\/strong> Om du inte som jag kan st\u00e5 f\u00f6r dina \u00e5sikter med f\u00f6r-och efternamn och en g\u00e4llande mailadress, beh\u00f6ver du inte bry dig om att skriva en rad hit, f\u00f6r den blir inte godk\u00e4nd.<\/p>\n<p><strong>Om jag bed\u00f6mer<\/strong> att din signatur och mailadress verkar bogus, blir ditt inl\u00e4gg inte heller godk\u00e4nt.<\/p>\n<p><strong>Gillar du inte de nya reglerna<\/strong> s\u00e5 skapa din egen blogg eller g\u00f6m dig bakom de andra fegisarna p\u00e5 Flashback!<\/p>\n<p><strong>Och till dig som skickar nya, anonyma hot efter det h\u00e4r: Med den nya tekniken \u00e4r du inte riktigt s\u00e5 anonym som du tror. ;o)<\/strong><\/p>\n<div id=\"wp_fb_like_button\" style=\"margin:5px 0;float:none;height:100px;\"><script src=\"http:\/\/connect.facebook.net\/en_US\/all.js#xfbml=1\"><\/script><fb:like href=\"https:\/\/www.ohrlund.se\/blogg\/en-ny-skarp-doft-i-bageriet\/\" send=\"true\" layout=\"standard\" width=\"450\" show_faces=\"true\" font=\"arial\" action=\"like\" colorscheme=\"light\"><\/fb:like><\/div>","protected":false},"excerpt":{"rendered":"<p>Under den senaste m\u00e5naden har jag skrivit ett antal blogginl\u00e4gg som det blivit liv om. Om polisen. Om det politiska klimatet i landet. Framf\u00f6rallt om vikten av \u00e5sikts- och yttrandefrihet. Som tack f\u00f6r detta har jag huvudsakligen f\u00e5tt positiva kommentarer, &hellip; <a href=\"https:\/\/www.ohrlund.se\/blogg\/en-ny-skarp-doft-i-bageriet\/\">Forts\u00e4tt l\u00e4sa <span class=\"meta-nav\">&rarr;<\/span><\/a><\/p>\n","protected":false},"author":2,"featured_media":0,"comment_status":"open","ping_status":"open","sticky":false,"template":"","format":"standard","meta":{"_jetpack_memberships_contains_paid_content":false,"footnotes":""},"categories":[1],"tags":[],"class_list":["post-2115","post","type-post","status-publish","format-standard","hentry","category-okategoriserade"],"jetpack_featured_media_url":"","jetpack_sharing_enabled":true,"post_mailing_queue_ids":[],"_links":{"self":[{"href":"https:\/\/www.ohrlund.se\/blogg\/wp-json\/wp\/v2\/posts\/2115","targetHints":{"allow":["GET"]}}],"collection":[{"href":"https:\/\/www.ohrlund.se\/blogg\/wp-json\/wp\/v2\/posts"}],"about":[{"href":"https:\/\/www.ohrlund.se\/blogg\/wp-json\/wp\/v2\/types\/post"}],"author":[{"embeddable":true,"href":"https:\/\/www.ohrlund.se\/blogg\/wp-json\/wp\/v2\/users\/2"}],"replies":[{"embeddable":true,"href":"https:\/\/www.ohrlund.se\/blogg\/wp-json\/wp\/v2\/comments?post=2115"}],"version-history":[{"count":2,"href":"https:\/\/www.ohrlund.se\/blogg\/wp-json\/wp\/v2\/posts\/2115\/revisions"}],"predecessor-version":[{"id":2117,"href":"https:\/\/www.ohrlund.se\/blogg\/wp-json\/wp\/v2\/posts\/2115\/revisions\/2117"}],"wp:attachment":[{"href":"https:\/\/www.ohrlund.se\/blogg\/wp-json\/wp\/v2\/media?parent=2115"}],"wp:term":[{"taxonomy":"category","embeddable":true,"href":"https:\/\/www.ohrlund.se\/blogg\/wp-json\/wp\/v2\/categories?post=2115"},{"taxonomy":"post_tag","embeddable":true,"href":"https:\/\/www.ohrlund.se\/blogg\/wp-json\/wp\/v2\/tags?post=2115"}],"curies":[{"name":"wp","href":"https:\/\/api.w.org\/{rel}","templated":true}]}}