{"id":2122,"date":"2014-09-06T18:40:17","date_gmt":"2014-09-06T16:40:17","guid":{"rendered":"http:\/\/www.ohrlund.se\/blogg\/?p=2122"},"modified":"2014-09-06T18:40:17","modified_gmt":"2014-09-06T16:40:17","slug":"det-vackraste-ordet-av-dem-alla","status":"publish","type":"post","link":"https:\/\/www.ohrlund.se\/blogg\/det-vackraste-ordet-av-dem-alla\/","title":{"rendered":"Det vackraste ordet av dem alla &#8230;"},"content":{"rendered":"<p><strong>F\u00f6r n\u00e5gra \u00e5r sedan<\/strong> inbj\u00f6ds jag som flera g\u00e5nger tidigare att tala vid Bokens Dag, denna g\u00e5ng i Lysekil. Vi var tre f\u00f6rfattare och efter\u00e5t mailade en kvinna till mig:<\/p>\n<p><em><strong>&#8221;F\u00f6rst kom Herman Lindqvist<\/strong> <strong>in och d\u00e5 viskade jag till min gubbe att Herman kan vara lite tr\u00e4ig. Sedan kom Katerina Janouch in och d\u00e5 viskade jag att hon \u00e4r ju kul. Sedan kom du in och d\u00e5 viskade jag&#8217;vad fan g\u00f6r Jack Nicholson i Lysekil&#8217;?&#8221;\u00a0\u00a0<\/strong><\/em><\/p>\n<p><a href=\"https:\/\/www.ohrlund.se\/blogg\/wp-content\/uploads\/2013\/04\/Dag_O\u00a6\u00eahrlund_CF024994-brun.jpg\"><img loading=\"lazy\" decoding=\"async\" class=\"alignleft size-large wp-image-1661\" alt=\"Dag_O\u00a6\u00eahrlund_CF024994 brun\" src=\"https:\/\/www.ohrlund.se\/blogg\/wp-content\/uploads\/2013\/04\/Dag_O\u00a6\u00eahrlund_CF024994-brun-767x1024.jpg\" width=\"584\" height=\"779\" srcset=\"https:\/\/www.ohrlund.se\/blogg\/wp-content\/uploads\/2013\/04\/Dag_O\u00a6\u00eahrlund_CF024994-brun-767x1024.jpg 767w, https:\/\/www.ohrlund.se\/blogg\/wp-content\/uploads\/2013\/04\/Dag_O\u00a6\u00eahrlund_CF024994-brun-224x300.jpg 224w\" sizes=\"auto, (max-width: 584px) 100vw, 584px\" \/><\/a><\/p>\n<p><em><strong>Lik Nicholson?<\/strong><\/em><\/p>\n<p><strong>I f\u00f6rbig\u00e5ende<\/strong> kan jag f\u00f6r \u00f6vrigt ber\u00e4tta att Herman \u00e4r allt annat \u00e4n tr\u00e4ig. Efter framtr\u00e4dandet drack vi en del whisky och Herman visade en humor som f\u00e5 kan sl\u00e5.<\/p>\n<p><strong>Men Lysekil handlade<\/strong> om n\u00e5got helt annat. I f\u00f6rv\u00e4g hade vi f\u00e5tt instruktioner om att t\u00e4nka ut det vackraste ord vi visste, och kunna motivera det p\u00e5 scenen. Nu s\u00e5 h\u00e4r i efterhand minns min ruttna hj\u00e4rna inte vad de andra svarade, men jag sa:<\/p>\n<p><strong>V\u00e4rldens vackraste ord \u00e4r &#8211; <em>respekt<\/em>.<\/strong><\/p>\n<p><strong>Min motivering<\/strong> var, och \u00e4r fortfarande f\u00f6ljande:<\/p>\n<p><strong>Om precis<\/strong> <em>alla<\/em> m\u00e4nniskor p\u00e5 hela jorden hade visat respekt i ordets yttersta bem\u00e4rkelse, s\u00e5 hade vi inte haft n\u00e5gra problem.<\/p>\n<p><strong>Inget hat.<\/strong> Ingen rasism. Inga krig. Ingen sv\u00e4lt.<\/p>\n<p><strong>Ingenting.<\/strong><\/p>\n<p><strong>Nu kommer<\/strong> det h\u00e4r naturligtvis &#8211; och tragiskt nog &#8211; aldrig att ske, av en hel massa sk\u00e4l som du sj\u00e4lv kan r\u00e4kna ut.<\/p>\n<p><strong>Men h\u00e5ll med<\/strong> om att det \u00e4r en v\u00e4ldigt vacker tanke.<\/p>\n<p><strong>Trevlig helg!<\/strong><\/p>\n<div id=\"wp_fb_like_button\" style=\"margin:5px 0;float:none;height:100px;\"><script src=\"http:\/\/connect.facebook.net\/en_US\/all.js#xfbml=1\"><\/script><fb:like href=\"https:\/\/www.ohrlund.se\/blogg\/det-vackraste-ordet-av-dem-alla\/\" send=\"true\" layout=\"standard\" width=\"450\" show_faces=\"true\" font=\"arial\" action=\"like\" colorscheme=\"light\"><\/fb:like><\/div>","protected":false},"excerpt":{"rendered":"<p>F\u00f6r n\u00e5gra \u00e5r sedan inbj\u00f6ds jag som flera g\u00e5nger tidigare att tala vid Bokens Dag, denna g\u00e5ng i Lysekil. Vi var tre f\u00f6rfattare och efter\u00e5t mailade en kvinna till mig: &#8221;F\u00f6rst kom Herman Lindqvist in och d\u00e5 viskade jag till &hellip; <a href=\"https:\/\/www.ohrlund.se\/blogg\/det-vackraste-ordet-av-dem-alla\/\">Forts\u00e4tt l\u00e4sa <span class=\"meta-nav\">&rarr;<\/span><\/a><\/p>\n","protected":false},"author":2,"featured_media":0,"comment_status":"open","ping_status":"open","sticky":false,"template":"","format":"standard","meta":{"_jetpack_memberships_contains_paid_content":false,"footnotes":""},"categories":[1],"tags":[],"class_list":["post-2122","post","type-post","status-publish","format-standard","hentry","category-okategoriserade"],"jetpack_featured_media_url":"","jetpack_sharing_enabled":true,"post_mailing_queue_ids":[],"_links":{"self":[{"href":"https:\/\/www.ohrlund.se\/blogg\/wp-json\/wp\/v2\/posts\/2122","targetHints":{"allow":["GET"]}}],"collection":[{"href":"https:\/\/www.ohrlund.se\/blogg\/wp-json\/wp\/v2\/posts"}],"about":[{"href":"https:\/\/www.ohrlund.se\/blogg\/wp-json\/wp\/v2\/types\/post"}],"author":[{"embeddable":true,"href":"https:\/\/www.ohrlund.se\/blogg\/wp-json\/wp\/v2\/users\/2"}],"replies":[{"embeddable":true,"href":"https:\/\/www.ohrlund.se\/blogg\/wp-json\/wp\/v2\/comments?post=2122"}],"version-history":[{"count":2,"href":"https:\/\/www.ohrlund.se\/blogg\/wp-json\/wp\/v2\/posts\/2122\/revisions"}],"predecessor-version":[{"id":2124,"href":"https:\/\/www.ohrlund.se\/blogg\/wp-json\/wp\/v2\/posts\/2122\/revisions\/2124"}],"wp:attachment":[{"href":"https:\/\/www.ohrlund.se\/blogg\/wp-json\/wp\/v2\/media?parent=2122"}],"wp:term":[{"taxonomy":"category","embeddable":true,"href":"https:\/\/www.ohrlund.se\/blogg\/wp-json\/wp\/v2\/categories?post=2122"},{"taxonomy":"post_tag","embeddable":true,"href":"https:\/\/www.ohrlund.se\/blogg\/wp-json\/wp\/v2\/tags?post=2122"}],"curies":[{"name":"wp","href":"https:\/\/api.w.org\/{rel}","templated":true}]}}