{"id":2127,"date":"2014-09-13T01:12:51","date_gmt":"2014-09-12T23:12:51","guid":{"rendered":"http:\/\/www.ohrlund.se\/blogg\/?p=2127"},"modified":"2014-09-13T01:12:51","modified_gmt":"2014-09-12T23:12:51","slug":"vet-hut-politiker","status":"publish","type":"post","link":"https:\/\/www.ohrlund.se\/blogg\/vet-hut-politiker\/","title":{"rendered":"Vet hut, politiker!"},"content":{"rendered":"<p><strong>Slutspurt f\u00f6re valet<\/strong> i Sverige 2014 och med sorg i hj\u00e4rtat konstaterar jag att det \u00e4r den mest sjuka, patetiska, f\u00f6rljugna, barnsliga och &#8211; f\u00f6rutom detta &#8211; inneh\u00e5llsl\u00f6sa valr\u00f6relse jag sett i hela mitt vuxna liv.<\/p>\n<p><strong>Innan vi g\u00e5r vidare<\/strong> \u00e4r det viktigt att f\u00f6rst\u00e5 f\u00f6ljande: 349, av alla de politiker som k\u00e4bblar i valr\u00f6relsen, \u00e4r riksdagskvinnor och -m\u00e4n. F\u00f6rutom statsministern och talmannen som tj\u00e4nar 156 000 vardera i m\u00e5naden, tj\u00e4nar riksdagsm\u00e4nnen 59 800 vardera. D\u00e5 har vi inte r\u00e4knat med mobiltelefoner, sekreterare, &#8221;basutrustade&#8221; tj\u00e4nsterum, ers\u00e4ttning f\u00f6r dubbel bos\u00e4ttning, resekostnader, livvaktsskydd etc, etc. <em>Enbart<\/em> l\u00f6nerna utg\u00f6r \u00f6ver 21 miljoner kronor i m\u00e5naden.<\/p>\n<p><strong>En kvarts miljard<\/strong> om \u00e5ret.<\/p>\n<p><strong>Dessutom<\/strong> &#8211; h\u00e4mtat direkt fr\u00e5n riksdagens hemsida: &#8221;En ledamot som avg\u00e5r f\u00f6re 65 \u00e5rs \u00e5lder efter minst\u00a0tre \u00e5rs sammanh\u00e4ngande arbete i riksdagen har r\u00e4tt till inkomstgaranti. Det inneb\u00e4r att riksdagen garanterar en f\u00f6re detta ledamot en viss inkomst varje m\u00e5nad.&#8221;<\/p>\n<p><strong>Bara s\u00e5 att du vet.<\/strong> F\u00f6r s\u00e4kerhets skull n\u00e4mner man ingen summa. Eller &#8211; hur l\u00e5ng &#8221;pensionen&#8221; \u00e4r efter tre \u00e5rs arbete.<\/p>\n<p><strong>Pengarna \u00e4r inte det st\u00f6rsta problemet<\/strong> h\u00e4r. Jag har alls ingenting emot att <em>bra<\/em> och <em>kompetenta<\/em> ledare har en bra l\u00f6n. Bekymret utg\u00f6rs till stor del av att de h\u00e4r m\u00e4nniskorna tycks ha gl\u00f6mt vem som \u00e4r deras chef, vem som betalar l\u00f6nen.<\/p>\n<p><strong>N\u00e4mligen &#8211; du.<\/strong> Just du.<\/p>\n<p><strong>Integriteten d\u00e5:<\/strong> N\u00e4r jag var liten valp bad jag min far f\u00f6rklara f\u00f6r mig vad de olika partierna stod f\u00f6r. Det var inga problem. H\u00f6gerpartiet f\u00f6retr\u00e4dde f\u00f6retagarna\/kapitalisterna\/de rika. Centern var b\u00f6ndernas parti. Folkpartiet var lika obegripligt d\u00e5 som nu. Sossarna var arbetarnas parti och kommunisterna ville helst g\u00f6ra revolution.<\/p>\n<p><strong>Det var vattent\u00e4ta skott<\/strong> mellan partierna och inte nog med det &#8211; de stod f\u00f6r sina \u00e5sikter och program \u00e4ven i motvind.<\/p>\n<p><strong>Det var d\u00e5, det.<\/strong><\/p>\n<p><strong>N\u00e4r mina d\u00f6ttrar i dag<\/strong> fr\u00e5gar mig detsamma som jag fr\u00e5gade min far, \u00e4r jag svarsl\u00f6s. Om jag tejpar \u00f6ver partimarkeringarna s\u00e5 kan jag inte skilja p\u00e5 moderaternas och sossarnas partiprogram. Moderaterna p\u00e5st\u00e5r sig vara jobbarnas parti och den s\u00e5 kallade v\u00e4nstern &#8211; mest en tandl\u00f6s k\u00e4rring som t\u00e4vlar med moderaterna om vem som mest svikit sina v\u00e4ljare &#8211; p\u00e5st\u00e5r sig st\u00f6dja sm\u00e5f\u00f6retagarna. Det \u00e4r ingen ordning p\u00e5 n\u00e5gonting.<\/p>\n<p><strong>Det d\u00e4r med val<\/strong> och valr\u00f6relse \u00e4r viktiga grejor. Det handlar trots allt om vem som ska styra skeppet Sverige under de kommande fyra \u00e5ren och \u00e4ven om det aldrig kommer att kantra mer \u00e4n n\u00e5gra grader \u00e5t h\u00f6ger eller v\u00e4nster p\u00e5 mellanmj\u00f6lkens hav &#8211; ty vi \u00e4r ju alltid s\u00e5 v\u00e4rldsb\u00e4st och mest\u00a0<em>lagom<\/em>\u00a0i v\u00e4rlden, vi svenskar &#8211; s\u00e5 kan de d\u00e4r graderna ha en viss, eller stor, betydelse. Inte minst f\u00f6r de barn, sjuka och \u00e4ldre som vi nu skiter i till f\u00f6rm\u00e5n f\u00f6r en hel del annat.<\/p>\n<p><strong>\u00c5rets valr\u00f6relse har f\u00e5tt ungarna p\u00e5 vilket dagis som helst att framst\u00e5 som raketforskare<\/strong>\u00a0j\u00e4mf\u00f6rt med de sorgliga figurer som tagit p\u00e5 sig mikrofoner i tv:s direkts\u00e4ndningar. De etablerade politikerna har f\u00f6rs\u00f6kt g\u00f6mma \u00e5ttio procent av sin handlingsf\u00f6rlamning genom att skylla allt p\u00e5 den som &#8211; om jag f\u00f6rst\u00e5tt saken r\u00e4tt &#8211; har f\u00f6rst\u00f6rt Sverige sedan urminnes tider och kommer att svara f\u00f6r v\u00e5r underg\u00e5ng. Om \u00c5kesson f\u00e5r best\u00e4mma kommer vi tydligen omg\u00e5ende att b\u00f6rja bygga koncentrationsl\u00e4ger i Sverige.<\/p>\n<p><strong>N\u00e4r det tricket inte l\u00e4ngre fungerade<\/strong>, b\u00f6rjade blocken kasta grus p\u00e5 varandra ist\u00e4llet f\u00f6r p\u00e5 \u00c5kesson. De r\u00f6dgr\u00f6na deklarerade att de minsann skulle ordna en misstroendef\u00f6rklaring mot Reinfeldt om han f\u00f6rs\u00f6kte styra en minoritetsregering. Alliansen kontrade genast med att de skulle fixa en misstroendef\u00f6rklaring mot L\u00f6fven om han hamnade i samma situation.<\/p>\n<p><strong>Sedan kom Schyman \u00e5ngande<\/strong> och f\u00f6rklarade &#8211; efter att ha presenterat ett helt osannolikt paradisprogram &#8211; att hon <em>inte<\/em> ville prata om finansiering och pengar. Ty s\u00e5 &#8221;fyrkantig&#8221; fick man inte vara som m\u00e4nniska.<\/p>\n<p><strong>Jod\u00e5, Gudrun.<\/strong> Alla vi som betalar r\u00e4kningarna ist\u00e4llet f\u00f6r att som Sahlin ljuga f\u00f6r v\u00e5r partner och g\u00f6mma dem i en k\u00f6ksl\u00e5da tills de g\u00e5r till indrivning, vet exakt hur j\u00e4vla fyrkantigt livet och r\u00e4kningarna \u00e4r. Det finns en verklighet och den m\u00e5ste vi leva i. F\u00f6rv\u00e5nad?<\/p>\n<p><strong>P\u00e5 toppen av detta<\/strong> kommer ett g\u00e4ng &#8211; med bl\u00f6ta fingertoppar i luften och i sista hand ihopsnickrade &#8211; valaffischer och partiprogram som kan f\u00e5 vem som helst att gr\u00e5ta. Eller &#8211; bli f\u00f6rbannad.<\/p>\n<p><strong>Det f\u00f6rv\u00e5nar mig inte ett dugg<\/strong> att 65 % (!) av v\u00e4ljarna (enligt en av alla unders\u00f6kningar) tv\u00e5 dagar f\u00f6re valet inte vet vem de ska l\u00e4gga sin r\u00f6st p\u00e5. Sj\u00e4lv skulle jag helst just nu se \u00e5snan fr\u00e5n Shrek-filmerna som statsminister. Han \u00e4r inte helt obeg\u00e5vad och skulle \u00e5tminstone f\u00e5 mig att le. Fiona kommer garanterat att f\u00e5 en ministerpost.<\/p>\n<p><strong>En v\u00e4n till mig<\/strong> uttryckte den kloka \u00e5sikten att den som inte r\u00f6star omedelbart ska bli av med sin r\u00f6str\u00e4tt.<\/p>\n<p><strong>Det tycker jag ocks\u00e5.<\/strong><\/p>\n<p><strong>Men om<\/strong> det inte finns n\u00e5got att r\u00f6sta p\u00e5, d\u00e5?<\/p>\n<p><strong>G\u00f6r som jag. R\u00f6sta blankt.<\/strong> Uttryck ditt missn\u00f6je, men g\u00f6r din plikt.<\/p>\n<p><strong>Sannolikt kommer<\/strong> de fega skitarna som styr oss att g\u00f6ra som de f\u00f6rs\u00f6kt f\u00f6rr &#8211; att m\u00f6rka blankr\u00f6sterna eftersom de blir f\u00f6r m\u00e5nga och eftersom de utg\u00f6r det v\u00e4rsta misstroendevotum som finns.<\/p>\n<p><strong>Men s\u00e5 l\u00e4nge ingen av de egenk\u00e4ra<\/strong> i partierna kan presentera en egen vilja, och s\u00e5 l\u00e4nge de inte klarar att bilda en regnb\u00e5gsregering som kavlar upp \u00e4rmarna och tar itu med de <em>verkliga<\/em>\u00a0problemen i Sverige, f\u00e5r de leva med missn\u00f6jet.<\/p>\n<p><strong>Ha det s\u00e5 kul p\u00e5 s\u00f6ndag. Det handlar om &#8211; ditt liv!<\/strong><\/p>\n<p>&nbsp;<\/p>\n<p>&nbsp;<\/p>\n<p>&nbsp;<\/p>\n<div id=\"wp_fb_like_button\" style=\"margin:5px 0;float:none;height:100px;\"><script src=\"http:\/\/connect.facebook.net\/en_US\/all.js#xfbml=1\"><\/script><fb:like href=\"https:\/\/www.ohrlund.se\/blogg\/vet-hut-politiker\/\" send=\"true\" layout=\"standard\" width=\"450\" show_faces=\"true\" font=\"arial\" action=\"like\" colorscheme=\"light\"><\/fb:like><\/div>","protected":false},"excerpt":{"rendered":"<p>Slutspurt f\u00f6re valet i Sverige 2014 och med sorg i hj\u00e4rtat konstaterar jag att det \u00e4r den mest sjuka, patetiska, f\u00f6rljugna, barnsliga och &#8211; f\u00f6rutom detta &#8211; inneh\u00e5llsl\u00f6sa valr\u00f6relse jag sett i hela mitt vuxna liv. Innan vi g\u00e5r vidare &hellip; <a href=\"https:\/\/www.ohrlund.se\/blogg\/vet-hut-politiker\/\">Forts\u00e4tt l\u00e4sa <span class=\"meta-nav\">&rarr;<\/span><\/a><\/p>\n","protected":false},"author":2,"featured_media":0,"comment_status":"open","ping_status":"open","sticky":false,"template":"","format":"standard","meta":{"_jetpack_memberships_contains_paid_content":false,"footnotes":""},"categories":[1],"tags":[],"class_list":["post-2127","post","type-post","status-publish","format-standard","hentry","category-okategoriserade"],"jetpack_featured_media_url":"","jetpack_sharing_enabled":true,"post_mailing_queue_ids":[],"_links":{"self":[{"href":"https:\/\/www.ohrlund.se\/blogg\/wp-json\/wp\/v2\/posts\/2127","targetHints":{"allow":["GET"]}}],"collection":[{"href":"https:\/\/www.ohrlund.se\/blogg\/wp-json\/wp\/v2\/posts"}],"about":[{"href":"https:\/\/www.ohrlund.se\/blogg\/wp-json\/wp\/v2\/types\/post"}],"author":[{"embeddable":true,"href":"https:\/\/www.ohrlund.se\/blogg\/wp-json\/wp\/v2\/users\/2"}],"replies":[{"embeddable":true,"href":"https:\/\/www.ohrlund.se\/blogg\/wp-json\/wp\/v2\/comments?post=2127"}],"version-history":[{"count":2,"href":"https:\/\/www.ohrlund.se\/blogg\/wp-json\/wp\/v2\/posts\/2127\/revisions"}],"predecessor-version":[{"id":2129,"href":"https:\/\/www.ohrlund.se\/blogg\/wp-json\/wp\/v2\/posts\/2127\/revisions\/2129"}],"wp:attachment":[{"href":"https:\/\/www.ohrlund.se\/blogg\/wp-json\/wp\/v2\/media?parent=2127"}],"wp:term":[{"taxonomy":"category","embeddable":true,"href":"https:\/\/www.ohrlund.se\/blogg\/wp-json\/wp\/v2\/categories?post=2127"},{"taxonomy":"post_tag","embeddable":true,"href":"https:\/\/www.ohrlund.se\/blogg\/wp-json\/wp\/v2\/tags?post=2127"}],"curies":[{"name":"wp","href":"https:\/\/api.w.org\/{rel}","templated":true}]}}