{"id":2130,"date":"2014-09-13T15:49:00","date_gmt":"2014-09-13T13:49:00","guid":{"rendered":"http:\/\/www.ohrlund.se\/blogg\/?p=2130"},"modified":"2014-09-13T15:49:00","modified_gmt":"2014-09-13T13:49:00","slug":"en-forsynt-fraga-dagen-fore-valjaredan","status":"publish","type":"post","link":"https:\/\/www.ohrlund.se\/blogg\/en-forsynt-fraga-dagen-fore-valjaredan\/","title":{"rendered":"En f\u00f6rsynt fr\u00e5ga dagen f\u00f6re v\u00e4ljareda\u00b4n&#8230;"},"content":{"rendered":"<p><strong>Mina v\u00e4nner, i morgon \u00e4r det dags.<\/strong><\/p>\n<p><strong>De som k\u00e4nner mig b\u00e4st<\/strong> vet att jag inte \u00e4r speciellt bekymrad \u00f6ver vem som \u00e4n vinner i morgon &#8211; det blir lika sorgligt oavsett och det mest tragiska \u00e4r att tomtarna som kostar oss en kvarts miljard om \u00e5ret enbart i l\u00f6ner inte vill samarbete \u00f6ver gr\u00e4nserna, kavla upp \u00e4rmarna och g\u00f6ra sitt jobb.<\/p>\n<p><strong>D\u00e4remot<\/strong> \u00e4r det n\u00e5got jag inte riktigt har f\u00f6rst\u00e5tt. Jag har h\u00f6rt hur fult och f\u00f6rf\u00e4rligt det \u00e4r med vinster i v\u00e4lf\u00e4rden och ocks\u00e5 f\u00f6rst\u00e5tt att de tidigare underbetalda kvinnor som nu startat egna st\u00e4dbolag och f\u00e5tt ett rimligt liv, tydligen borde steglas p\u00e5 torget. Jag f\u00f6rst\u00e5r inte riktigt feminismen eller logiken i detta, men det \u00e4r s\u00e5 mycket jag inte f\u00f6rst\u00e5r.<\/p>\n<p><strong>Nu undrar jag f\u00f6ljande:<\/strong> Varf\u00f6r \u00e4r det fult med privata vinster i v\u00e4lf\u00e4rden, men helt okej att privata f\u00f6retag tj\u00e4nar hundratals miljoner p\u00e5 flyktingf\u00f6rvaring? Ta en titt p\u00e5 bifogade dokument fr\u00e5n SvT och m\u00e4rk v\u00e4l att Bert Karlssons f\u00f6retag \u00e4r med p\u00e5 listan. Missa inte heller r\u00f6relsemarginalerna till h\u00f6ger &#8211; i vissa av dessa f\u00f6retag \u00e4r varannan krona ren vinst.<\/p>\n<p><a href=\"https:\/\/www.ohrlund.se\/blogg\/wp-content\/uploads\/2014\/09\/Flyktingf\u00f6rl\u00e4ggning.jpg\"><img loading=\"lazy\" decoding=\"async\" class=\"alignleft size-large wp-image-2131\" src=\"https:\/\/www.ohrlund.se\/blogg\/wp-content\/uploads\/2014\/09\/Flyktingf\u00f6rl\u00e4ggning-1024x580.jpg\" alt=\"Flyktingf\u00f6rl\u00e4ggning\" width=\"584\" height=\"330\" srcset=\"https:\/\/www.ohrlund.se\/blogg\/wp-content\/uploads\/2014\/09\/Flyktingf\u00f6rl\u00e4ggning-1024x580.jpg 1024w, https:\/\/www.ohrlund.se\/blogg\/wp-content\/uploads\/2014\/09\/Flyktingf\u00f6rl\u00e4ggning-300x169.jpg 300w, https:\/\/www.ohrlund.se\/blogg\/wp-content\/uploads\/2014\/09\/Flyktingf\u00f6rl\u00e4ggning-500x283.jpg 500w, https:\/\/www.ohrlund.se\/blogg\/wp-content\/uploads\/2014\/09\/Flyktingf\u00f6rl\u00e4ggning.jpg 1280w\" sizes=\"auto, (max-width: 584px) 100vw, 584px\" \/><\/a><\/p>\n<p><strong>N\u00e4r nu v\u00e5ra politiker<\/strong> gapar och skriker om hur humana de \u00e4r, att Sverige \u00e4r en &#8221;humanit\u00e4r stormakt&#8221; och hur duktiga vi \u00e4r p\u00e5 att ta emot och integrera (ha!) flyktingar &#8211; vore det d\u00e5 inte rimligt att de som gapar h\u00f6gst ocks\u00e5 se till att g\u00f6ra jobbet sj\u00e4lva ist\u00e4llet f\u00f6r att andra h\u00e5var in miljoner p\u00e5 det?<\/p>\n<p><strong>Jag f\u00f6ruts\u00e4tter<\/strong> att de politiker som vinner fr\u00e5n och med m\u00e5ndag p\u00e5b\u00f6rjar arbetet med att f\u00f6rstatliga flyktingf\u00f6rvaringen.<\/p>\n<p><strong>Dessutom<\/strong> vore det &#8211; i humanismens namn &#8211; kanske p\u00e5 tiden att uppfinna ett system som g\u00f6r att flyktingarna f\u00e5r besked om sin framtid, innan det hinner v\u00e4xa sk\u00e4gg p\u00e5 deras barn i barackerna.<\/p>\n<p><strong>Kort sagt, att ha en <em>plan<\/em>.<\/strong><\/p>\n<p><strong>Bara en tanke, liksom.\u00a0<\/strong><\/p>\n<p>&nbsp;<\/p>\n<div id=\"wp_fb_like_button\" style=\"margin:5px 0;float:none;height:100px;\"><script src=\"http:\/\/connect.facebook.net\/en_US\/all.js#xfbml=1\"><\/script><fb:like href=\"https:\/\/www.ohrlund.se\/blogg\/en-forsynt-fraga-dagen-fore-valjaredan\/\" send=\"true\" layout=\"standard\" width=\"450\" show_faces=\"true\" font=\"arial\" action=\"like\" colorscheme=\"light\"><\/fb:like><\/div>","protected":false},"excerpt":{"rendered":"<p>Mina v\u00e4nner, i morgon \u00e4r det dags. De som k\u00e4nner mig b\u00e4st vet att jag inte \u00e4r speciellt bekymrad \u00f6ver vem som \u00e4n vinner i morgon &#8211; det blir lika sorgligt oavsett och det mest tragiska \u00e4r att tomtarna som &hellip; <a href=\"https:\/\/www.ohrlund.se\/blogg\/en-forsynt-fraga-dagen-fore-valjaredan\/\">Forts\u00e4tt l\u00e4sa <span class=\"meta-nav\">&rarr;<\/span><\/a><\/p>\n","protected":false},"author":2,"featured_media":0,"comment_status":"open","ping_status":"open","sticky":false,"template":"","format":"standard","meta":{"_jetpack_memberships_contains_paid_content":false,"footnotes":""},"categories":[1],"tags":[],"class_list":["post-2130","post","type-post","status-publish","format-standard","hentry","category-okategoriserade"],"jetpack_featured_media_url":"","jetpack_sharing_enabled":true,"post_mailing_queue_ids":[],"_links":{"self":[{"href":"https:\/\/www.ohrlund.se\/blogg\/wp-json\/wp\/v2\/posts\/2130","targetHints":{"allow":["GET"]}}],"collection":[{"href":"https:\/\/www.ohrlund.se\/blogg\/wp-json\/wp\/v2\/posts"}],"about":[{"href":"https:\/\/www.ohrlund.se\/blogg\/wp-json\/wp\/v2\/types\/post"}],"author":[{"embeddable":true,"href":"https:\/\/www.ohrlund.se\/blogg\/wp-json\/wp\/v2\/users\/2"}],"replies":[{"embeddable":true,"href":"https:\/\/www.ohrlund.se\/blogg\/wp-json\/wp\/v2\/comments?post=2130"}],"version-history":[{"count":1,"href":"https:\/\/www.ohrlund.se\/blogg\/wp-json\/wp\/v2\/posts\/2130\/revisions"}],"predecessor-version":[{"id":2132,"href":"https:\/\/www.ohrlund.se\/blogg\/wp-json\/wp\/v2\/posts\/2130\/revisions\/2132"}],"wp:attachment":[{"href":"https:\/\/www.ohrlund.se\/blogg\/wp-json\/wp\/v2\/media?parent=2130"}],"wp:term":[{"taxonomy":"category","embeddable":true,"href":"https:\/\/www.ohrlund.se\/blogg\/wp-json\/wp\/v2\/categories?post=2130"},{"taxonomy":"post_tag","embeddable":true,"href":"https:\/\/www.ohrlund.se\/blogg\/wp-json\/wp\/v2\/tags?post=2130"}],"curies":[{"name":"wp","href":"https:\/\/api.w.org\/{rel}","templated":true}]}}