{"id":2136,"date":"2014-10-03T10:58:24","date_gmt":"2014-10-03T08:58:24","guid":{"rendered":"http:\/\/www.ohrlund.se\/blogg\/?p=2136"},"modified":"2014-10-03T10:58:24","modified_gmt":"2014-10-03T08:58:24","slug":"konsten-att-rana-en-aldre-halvblind-dam","status":"publish","type":"post","link":"https:\/\/www.ohrlund.se\/blogg\/konsten-att-rana-en-aldre-halvblind-dam\/","title":{"rendered":"Konsten att r\u00e5na en \u00e4ldre, halvblind dam"},"content":{"rendered":"<p><strong>Jag har skrivit om mamma<\/strong>\u00a0f\u00f6rr och g\u00f6r det igen.<\/p>\n<p><strong style=\"font-style: inherit;\">Nu,<\/strong>\u00a0f\u00f6r att n\u00e5gon stulit hennes smycken. Sannolikt n\u00e5gon fr\u00e5n hemtj\u00e4nsten.<\/p>\n<p><strong style=\"font-style: inherit;\">Jag skriver<\/strong>\u00a0f\u00f6r att hemtj\u00e4nsten inte tar n\u00e5got ansvar och f\u00f6r att polisen inte inleder en f\u00f6runders\u00f6kning.<\/p>\n<p><strong style=\"font-style: inherit;\">Ty vem bryr sig om en 93-\u00e5rig, halvblind k\u00e4rring i rullstol?\u00a0<\/strong>Det finns ju s\u00e5 m\u00e5nga andra som \u00e4r viktigare i v\u00e5rt nya samh\u00e4lle.<\/p>\n<p><strong style=\"font-style: inherit;\">Svar: Jag.<\/strong><\/p>\n<p><strong style=\"font-style: inherit;\">Bakgrund:<\/strong>\u00a0Mamma \u00e4r f\u00f6dd 1921 och b\u00f6rjade jobba vid 16 \u00e5rs \u00e5lder. Hon \u00e4r en av dem som byggt det h\u00e4r landet och har en gedigen utbildning. Hon har bland annat jobbat \u00e5t FN-organ, Flygvapnet och SEB, bland andra. Hon startade mot alla odds eget f\u00f6retag n\u00e4r hon vid 56 \u00e5rs \u00e5lder blev \u00e4nka och har varit revisor \u00e5t n\u00e5gra av Sveriges mest framg\u00e5ngsrika artister, bland andra ABBA och Lill-Babs. Nu vet du det.<\/p>\n<p><strong style=\"font-style: inherit;\">Mamma bet t\u00e4nderna i skrivbordet<\/strong>\u00a0tills det sista av den beh\u00f6vliga synen f\u00f6rsvann f\u00f6r tv\u00e5, tre \u00e5r sedan. Hon deklarerade fortfarande \u00e5t m\u00e4nniskor och skrev framg\u00e5ngsrika \u00f6verklaganden vid 90 \u00e5rs \u00e5lder. Vi kanske kan vara \u00f6verens om att hon under sina 76 yrkesverksamma \u00e5r har betalt in den skatt hon ska, och lite till?<\/p>\n<p><strong style=\"font-style: inherit;\">Tidigare i \u00e5r ramlade mamma<\/strong>\u00a0n\u00e5gra g\u00e5nger n\u00e4r hon halkade i tv\u00e4ttstugan. Fram till dess hade hon helt klarat sig sj\u00e4lv och inte legat samh\u00e4llet till last. Efter den senaste sjukhusvistelsen kr\u00e4vde jag att hon skulle f\u00e5 hemtj\u00e4nst och cirkusen kunde b\u00f6rja. Eftersom mamma bor i en kommun som privatiserat\u00a0<em style=\"font-weight: inherit;\">allt<\/em>, fick hon en tjusig katalog och nu skulle en 93-\u00e5rig kvinna v\u00e4lja mellan en rad f\u00f6retag som alla f\u00f6rklarade hur fantastiska de var. Det var bara att blunda och peka, ty kommunens representant f\u00f6rklarade att hon hade yppandef\u00f6rbud (!) n\u00e4r det g\u00e4llde de f\u00f6retag kommunen s\u00e5lt ut till!<\/p>\n<p><strong style=\"font-style: inherit;\">Jag t\u00e4nker inte tr\u00f6tta dig<\/strong>\u00a0med all turer som varit sedan dess, bara \u00f6nska b\u00e5de dig och mig att vi aldrig hinner bli gamla och sjuka nog att f\u00e5 leva under de synnerligen f\u00f6rnedrande f\u00f6rh\u00e5llanden som r\u00e5der n\u00e4r man till varje pris ska &#8221;v\u00e5rdas&#8221; i hemmet &#8211; detta av stressade, underbetalda m\u00e4nniskor som m\u00e5ste r\u00e4kna minuterna vid varje bes\u00f6k. Mamma har bland annat f\u00e5tt veta att hon inte kan f\u00e5 kokt potatis utan enbart snabbris, just av tidssk\u00e4l. Detta vid den enda riktiga m\u00e5ltiden under dagen. H\u00e4pp.<\/p>\n<p><strong style=\"font-style: inherit;\">Viktigt att p\u00e5peka,<\/strong>\u00a0innan jag ber\u00e4ttar resten: Trots sina fysiska tillkortakommanden \u00e4r mamma helt klar i skallen och har ett ruskigt gott minne, vilket alla som k\u00e4nner henne kan intyga. Hon har ocks\u00e5 r\u00e5koll p\u00e5 vilka som \u00e4r i hennes n\u00e4rhet och vad som h\u00e4nder runt omkring henne. Kanske \u00e4r det just d\u00e4rf\u00f6r som den h\u00e4r historien blir s\u00e5 skr\u00e4mmande.<\/p>\n<p><strong style=\"font-style: inherit;\">Mamma uppt\u00e4ckte att n\u00e5gon<\/strong>, under perioden 20 &#8211; 28 juli 2014, hade stulit tv\u00e5 guldringar, ett silverhalsband och ett par silver\u00f6rh\u00e4ngen ur det pl\u00e5tsk\u00e5p d\u00e4r hon f\u00f6rvarar sina smycken. Till saken h\u00f6r att de enda som vistats i l\u00e4genheten f\u00f6rutom hon sj\u00e4lv under denna tid, var \u00e5tta olika assistenter fr\u00e5n det privata hemtj\u00e4nstf\u00f6retaget. Till saken h\u00f6r ocks\u00e5 att en av dessa \u00e5tta visat ett oh\u00e4lsosamt stort intresse f\u00f6r att diskutera smycken med henne och kr\u00e4vde att mamma &#8211; som normalt sett aldrig sover middag &#8211; skulle sova middag just under den stund hemtj\u00e4nstkvinnan var d\u00e4r. Till saken h\u00f6r vidare att samma person f\u00f6rsvann utomlands p\u00e5 semester i tre veckor ganska snart efter tiden f\u00f6r st\u00f6lden.<\/p>\n<p><strong style=\"font-style: inherit;\">Mamma anm\u00e4lde st\u00f6lden<\/strong>\u00a0till hemtj\u00e4nstf\u00f6retaget som &#8221;f\u00f6rh\u00f6rde&#8221; de aktuella assistenterna. Efter hemkomsten h\u00f6rdes ocks\u00e5 den kvinna som varit mest p\u00e5 plats, visat intresse f\u00f6r smycken och f\u00f6rm\u00e5tt mamma att ligga i s\u00e4ngen mitt p\u00e5 dagen. Inte otippat nekade\u00a0<em style=\"font-weight: inherit;\">alla<\/em>\u00a0inblandade till att ha tagit s\u00e5 mycket som ett dammkorn fr\u00e5n mammas l\u00e4genhet. Hemtj\u00e4nstf\u00f6retaget meddelade d\u00e4refter att deras f\u00f6rs\u00e4kring dessv\u00e4rre inte ers\u00e4tter st\u00f6ld om det inte kan\u00a0<em style=\"font-weight: inherit;\">bevisas<\/em>\u00a0att det \u00e4r deras anst\u00e4llda som stulit. Mammas f\u00f6rs\u00e4kringsbolag betalar inte heller ut ett \u00f6re eftersom hon l\u00e4mnat ut l\u00e4genhetsnycklar till &#8221;fr\u00e4mmande personer&#8221;, det vill s\u00e4ga hemtj\u00e4nstf\u00f6retaget.<\/p>\n<p><strong style=\"font-style: inherit;\">I ett sista desperat f\u00f6rs\u00f6k att f\u00e5 uppr\u00e4ttelse<\/strong>\u00a0och dessutom fullf\u00f6lja sina medborgerliga skyldigheter &#8211; n\u00e5got som mammas generation v\u00e4xt upp med kanske mer \u00e4n n\u00e5gon annan &#8211; polisanm\u00e4ler hon h\u00e4ndelsen. Jag sitter nu med en femsidig anm\u00e4lan i min hand, ett slag i ansiktet p\u00e5 en kvinna som beg\u00e5tt misstaget att tro p\u00e5 det samh\u00e4lle hon betalat uppbyggnaden f\u00f6r.<\/p>\n<p><strong style=\"font-style: inherit;\">Jag utl\u00e4ser att<\/strong>\u00a0en stackars nybakad polis f\u00e5tt \u00e4gna massor av tid \u00e5t att teckna ner en mycket korrekt och detaljerad anm\u00e4lan. Denna har d\u00e4refter skickats vidare till h\u00f6gre ort d\u00e4r en &#8221;inspekt\u00f6r&#8221; snabbt och tydligt meddelat:<\/p>\n<p><strong style=\"font-style: inherit;\"><em>&#8221;Beslut: F\u00f6runders\u00f6kning inleds inte. Sk\u00e4l: Det \u00e4r uppenbart att brottet inte g\u00e5r att utreda. Motivering: F\u00f6ruts\u00e4ttningar f\u00f6r att styrka brott mot n\u00e5gon viss person f\u00f6religger inte.&#8221;<\/em><\/strong><\/p>\n<p><strong style=\"font-style: inherit;\">Det ligger naturligtvis en tragik<\/strong>\u00a0i allt det h\u00e4r, inte minst i herr inspekt\u00f6rens syftningsfel i sista raden. Att brott beg\u00e5tts\u00a0<em style=\"font-weight: inherit;\">mot<\/em>\u00a0n\u00e5gon viss person \u00e4r n\u00e4mligen synnerligen styrkt, herr inspekt\u00f6r\u00b4n.<\/p>\n<p><strong style=\"font-style: inherit;\">Sverige 2014:<\/strong>\u00a0Mamma platsar bra in i den kategori &#8221;m\u00e4ngdbrott&#8221; som Leif GW Persson brukar prata om n\u00e4r han dessutom ber\u00e4ttar att uppklaringsprocenten \u00e4r ungef\u00e4r fem. Dock handlar det h\u00e4r inte om en cykel som stulits i m\u00f6rkret, utan om saker som f\u00f6rsvunnit i en l\u00e4genhet d\u00e4r det, f\u00f6rutom l\u00e4genhetsinnehavaren, befunnit sig \u00e5tta k\u00e4nda personer under den aktuella perioden.<\/p>\n<p><strong style=\"font-style: inherit;\">Jo, jo, jag f\u00f6rst\u00e5r att<\/strong>\u00a0det h\u00e4r inte \u00e4r ett Sherlockfall som uppr\u00f6r st\u00f6rre delen av befolkningen. Och jag struntar i \u00f6rh\u00e4ngena, halsbandet och den ena guldringen. Saker \u00e4r saker.<\/p>\n<p><strong style=\"font-style: inherit;\">Men:<\/strong>\u00a0Den\u00a0<em style=\"font-weight: inherit;\">andra<\/em>\u00a0guldringen hade en helt annan betydelse.<\/p>\n<p><strong style=\"font-style: inherit;\">F\u00f6r mamma.<\/strong>\u00a0F\u00f6r mig.<\/p>\n<p><strong style=\"font-style: inherit;\">N\u00e4r cancern tog pappa<\/strong>, tog mamma hans vigselring och sm\u00e4lte ihop den med sin egen som ett tecken p\u00e5 deras decennier l\u00e5nga k\u00e4rlek och trohet. Nu har allts\u00e5 n\u00e5got as stulit detta k\u00e4rleksbevis och omsatt det i pengar och jag vill inte h\u00f6ra en enda, j\u00e4vla f\u00f6rklaring till varf\u00f6r det p\u00e5\u00a0<em style=\"font-weight: inherit;\">n\u00e5got<\/em>\u00a0s\u00e4tt skulle vara okej. Hemtj\u00e4nstf\u00f6retaget t\u00e4nker inte g\u00e5 till botten med saken och polisen anser det om\u00f6jligt. Jag t\u00e4nker inte heller g\u00f6ra det, av ett enkelt sk\u00e4l:\u00a0<em style=\"font-weight: inherit;\">Om<\/em>\u00a0jag skulle kunna f\u00e5 en m\u00e4nniska att erk\u00e4nna sig skyldig, s\u00e5 skulle jag d\u00e4refter hamna i s\u00e5 mycket trassel att mina barn inte fick se mig p\u00e5 m\u00e5nga \u00e5r.<\/p>\n<p><strong style=\"font-style: inherit;\">Senast i kv\u00e4ll<\/strong>\u00a0fr\u00e5gade mamma bedr\u00f6vat mig om det inte finns n\u00e5got mer vi kan g\u00f6ra. Hon kommer fr\u00e5n en generation som till stora delar pr\u00e4glades av \u00e4rlighet och stolthet, \u00e4ven bland de fattigaste.<\/p>\n<p><strong style=\"font-style: inherit;\">Vad skulle jag svara<\/strong>\u00a0henne? Det \u00e4r en annan tid nu, ett annat land. Jag sk\u00e4mdes n\u00e4r jag sa nej.<\/p>\n<p><strong style=\"font-style: inherit;\">Avslutningsvis, om du nu l\u00e4ser det h\u00e4r:<\/strong>\u00a0Jag vet vem du \u00e4r. Jag vet hur du finansierade dina sommarlekar i Afrika. Ett gott tips: H\u00e5ll dig l\u00e5ngt, l\u00e5ngt borta fr\u00e5n min mamma i forts\u00e4ttningen.<\/p>\n<p><strong style=\"font-style: inherit;\">Och till det samh\u00e4lle<\/strong>\u00a0som s\u00e5lt ut v\u00e5ra \u00e4ldsta, svagaste och sjukaste:<\/p>\n<p><strong style=\"font-style: inherit;\">Fuck you!<\/strong>\u00a0Oavsett vilken partibeteckning ni b\u00e4r.<\/p>\n<p>&nbsp;<\/p>\n<p>&nbsp;<\/p>\n<div id=\"wp_fb_like_button\" style=\"margin:5px 0;float:none;height:100px;\"><script src=\"http:\/\/connect.facebook.net\/en_US\/all.js#xfbml=1\"><\/script><fb:like href=\"https:\/\/www.ohrlund.se\/blogg\/konsten-att-rana-en-aldre-halvblind-dam\/\" send=\"true\" layout=\"standard\" width=\"450\" show_faces=\"true\" font=\"arial\" action=\"like\" colorscheme=\"light\"><\/fb:like><\/div>","protected":false},"excerpt":{"rendered":"<p>Jag har skrivit om mamma\u00a0f\u00f6rr och g\u00f6r det igen. Nu,\u00a0f\u00f6r att n\u00e5gon stulit hennes smycken. Sannolikt n\u00e5gon fr\u00e5n hemtj\u00e4nsten. Jag skriver\u00a0f\u00f6r att hemtj\u00e4nsten inte tar n\u00e5got ansvar och f\u00f6r att polisen inte inleder en f\u00f6runders\u00f6kning. Ty vem bryr sig om &hellip; <a href=\"https:\/\/www.ohrlund.se\/blogg\/konsten-att-rana-en-aldre-halvblind-dam\/\">Forts\u00e4tt l\u00e4sa <span class=\"meta-nav\">&rarr;<\/span><\/a><\/p>\n","protected":false},"author":2,"featured_media":0,"comment_status":"open","ping_status":"open","sticky":false,"template":"","format":"standard","meta":{"_jetpack_memberships_contains_paid_content":false,"footnotes":""},"categories":[1],"tags":[],"class_list":["post-2136","post","type-post","status-publish","format-standard","hentry","category-okategoriserade"],"jetpack_featured_media_url":"","jetpack_sharing_enabled":true,"post_mailing_queue_ids":[],"_links":{"self":[{"href":"https:\/\/www.ohrlund.se\/blogg\/wp-json\/wp\/v2\/posts\/2136","targetHints":{"allow":["GET"]}}],"collection":[{"href":"https:\/\/www.ohrlund.se\/blogg\/wp-json\/wp\/v2\/posts"}],"about":[{"href":"https:\/\/www.ohrlund.se\/blogg\/wp-json\/wp\/v2\/types\/post"}],"author":[{"embeddable":true,"href":"https:\/\/www.ohrlund.se\/blogg\/wp-json\/wp\/v2\/users\/2"}],"replies":[{"embeddable":true,"href":"https:\/\/www.ohrlund.se\/blogg\/wp-json\/wp\/v2\/comments?post=2136"}],"version-history":[{"count":1,"href":"https:\/\/www.ohrlund.se\/blogg\/wp-json\/wp\/v2\/posts\/2136\/revisions"}],"predecessor-version":[{"id":2137,"href":"https:\/\/www.ohrlund.se\/blogg\/wp-json\/wp\/v2\/posts\/2136\/revisions\/2137"}],"wp:attachment":[{"href":"https:\/\/www.ohrlund.se\/blogg\/wp-json\/wp\/v2\/media?parent=2136"}],"wp:term":[{"taxonomy":"category","embeddable":true,"href":"https:\/\/www.ohrlund.se\/blogg\/wp-json\/wp\/v2\/categories?post=2136"},{"taxonomy":"post_tag","embeddable":true,"href":"https:\/\/www.ohrlund.se\/blogg\/wp-json\/wp\/v2\/tags?post=2136"}],"curies":[{"name":"wp","href":"https:\/\/api.w.org\/{rel}","templated":true}]}}