{"id":2146,"date":"2014-10-17T23:11:01","date_gmt":"2014-10-17T21:11:01","guid":{"rendered":"http:\/\/www.ohrlund.se\/blogg\/?p=2146"},"modified":"2014-10-17T23:11:01","modified_gmt":"2014-10-17T21:11:01","slug":"sjukt-ozz-nujen","status":"publish","type":"post","link":"https:\/\/www.ohrlund.se\/blogg\/sjukt-ozz-nujen\/","title":{"rendered":"Sjukt, \u00d6zz Nujen!"},"content":{"rendered":"<p><strong>Man kan och f\u00e5r &#8211; inom vissa ramar &#8211; ha olika \u00e5sikter<\/strong> om religion, politik, \u00e5sikter och &#8211; delvis &#8211; m\u00e4nniskor. Det \u00e4r bra.<\/p>\n<p><strong>I fallet Sverigedemokraterna<\/strong> kan man naturligtvis &#8211; precis som om andra partier &#8211; tycka illa om deras historia, st\u00e5ndpunkter och politik.<\/p>\n<p><strong>Det \u00e4r en sak.<\/strong><\/p>\n<p><strong>En annan \u00e4r att h\u00e5na en sjuk m\u00e4nniska<\/strong>, oavsett dess bakgrund och ursprung.<\/p>\n<p><strong>Efter ett l\u00e5ngt,<\/strong> h\u00e5rt valarbete har Jimmie \u00c5kesson blivit utbr\u00e4nd. F\u00f6rutom den psykiska och fysiska arbetsbelastningen har f\u00e5 partiledare &#8211; i v\u00e5r &#8221;demokrati&#8221; &#8211; \u00f6versk\u00f6ljts av s\u00e5 mycket hat och hot som han. Han konstaterar bland annat i sitt \u00f6ppna brev att han inte l\u00e4ngre ens orkar vara en bra far till sitt lilla barn. Han f\u00f6rst\u00e5r att det bara finns en v\u00e4g att g\u00e5 &#8211; att ta ledigt och \u00e4gna sig \u00e5t sig sj\u00e4lv och familjen tills han \u00e5terf\u00e5tt krafterna. Om han nu n\u00e5gonsin f\u00e5r det.<\/p>\n<p><strong>Nu undrar du allts\u00e5 om jag tycker synd om Jimmie \u00c5kesson.<\/strong> Ja. Precis lika mycket som om alla andra som f\u00e5tt diagnosen &#8221;utmattningssyndrom&#8221;. Jag har under mitt liv drabbats av en rad sjukdomar &#8211; varit f\u00f6rlamad, suttit i rullstol och varit n\u00e4ra d\u00f6den flera g\u00e5nger. Men jag har tack och lov, \u00e5tminstone hittills, sluppit diagnosen utmattningssyndrom. Det \u00e4r jag djupt tacksam \u00f6ver.<\/p>\n<p><strong>P\u00e5 twitter g\u00f6r sig nu komikern \u00d6zz Nujen sig lustig<\/strong> \u00f6ver \u00c5kessons sjukdom och skriver att &#8221;det tar p\u00e5 krafterna att vara rasist och paranoid &#8230; &#8221;.<\/p>\n<p><strong>Detta s\u00e4ger betydligt mer om \u00d6zz Nujen \u00e4n om Jimmie \u00c5kesson.<\/strong>\u00a0Att g\u00f6ra sig lustig \u00f6ver att n\u00e5gon annan \u00e4r sjuk \u00e4r inte kul, det f\u00f6rst\u00e5r till och med en fem\u00e5ring. Den som sj\u00e4lv har varit sjuk eller har \u00e5tminstone normal empati, h\u00e4nger sig inte \u00e5t s\u00e5dant. Men uppenbart f\u00f6rst\u00e5r inte Nujen s\u00e5dant. Eller gr\u00e4nserna f\u00f6r sin yrkesroll.<\/p>\n<p><strong>\u00c5ter:<\/strong> Man kan <em>tycka<\/em> precis vad man vill om en svensk partiledare och ett svenskt parti, demokratiskt invalt av n\u00e4rmare 13 procent av den r\u00f6stande befolkningen. Man kan <em>tycka<\/em> om Romson, hennes b\u00e5t, om L\u00f6fven, Reinfeldt, Annie L\u00f6\u00f6f och alla de andra partiledarna och politikerna.<\/p>\n<p><strong>Men man sparkar inte<\/strong> p\u00e5 n\u00e5gon som ligger. Ingen vettig m\u00e4nniska skulle h\u00e5na en v\u00e4nsterpartist med cancer eller en moderat som f\u00e5tt stroke. Ingen skulle h\u00e5na \u00d6zz Nujen om han blivit utbr\u00e4nd.<\/p>\n<p><strong>Om Nujen hade g\u00e5tt in i v\u00e4ggen<\/strong> och n\u00e5gon gjort sig lustig \u00f6ver detta, hade vederb\u00f6rande dessutom omg\u00e5ende h\u00e4ngts ut som rasist.<\/p>\n<p><strong>S\u00e5 &#8211; vad kallar vi nu Nujen?<\/strong> \u00c4r vi alla lika inf\u00f6r lag och folkmoral? Nej, alla \u00e4r inte lika. En del f\u00e5r finna sig i att ta mer stenkastning \u00e4n andra. N\u00e5gra &#8211; bland andra Nujen &#8211; skyddas d\u00e4remot av en mur av politisk korrekthet och kan d\u00e4rmed b\u00e4ra sig \u00e5t precis hur fan de vill. Om du t\u00e4nker efter noga s\u00e5 \u00e4r detta synnerligen illavarslande i en s\u00e5 kallad demokrati, men jag n\u00f6jer mig med att konstatera att det \u00e4r s\u00e5.<\/p>\n<p><strong>D\u00e4remot har jag en m\u00f6jlighet<\/strong> som ingen kan stoppa. Att sj\u00e4lv avg\u00f6ra vilken respekt jag vill ha f\u00f6r andra m\u00e4nniskor.<\/p>\n<p><strong>Den mycket stora respekt jag hade f\u00f6r \u00d6zz Nujen \u00e4r borta.<\/strong><\/p>\n<p><strong>Vems sjukdom<\/strong> g\u00f6r han sig lustig \u00f6ver n\u00e4sta g\u00e5ng? Vilken syn har han, <em>innerst inne<\/em>, p\u00e5 m\u00e4nniskor?<\/p>\n<p><strong>Jag ryser.<\/strong><\/p>\n<p><strong>\u00a0<\/strong><\/p>\n<div id=\"wp_fb_like_button\" style=\"margin:5px 0;float:none;height:100px;\"><script src=\"http:\/\/connect.facebook.net\/en_US\/all.js#xfbml=1\"><\/script><fb:like href=\"https:\/\/www.ohrlund.se\/blogg\/sjukt-ozz-nujen\/\" send=\"true\" layout=\"standard\" width=\"450\" show_faces=\"true\" font=\"arial\" action=\"like\" colorscheme=\"light\"><\/fb:like><\/div>","protected":false},"excerpt":{"rendered":"<p>Man kan och f\u00e5r &#8211; inom vissa ramar &#8211; ha olika \u00e5sikter om religion, politik, \u00e5sikter och &#8211; delvis &#8211; m\u00e4nniskor. Det \u00e4r bra. I fallet Sverigedemokraterna kan man naturligtvis &#8211; precis som om andra partier &#8211; tycka illa om &hellip; <a href=\"https:\/\/www.ohrlund.se\/blogg\/sjukt-ozz-nujen\/\">Forts\u00e4tt l\u00e4sa <span class=\"meta-nav\">&rarr;<\/span><\/a><\/p>\n","protected":false},"author":2,"featured_media":0,"comment_status":"open","ping_status":"open","sticky":false,"template":"","format":"standard","meta":{"_jetpack_memberships_contains_paid_content":false,"footnotes":""},"categories":[1],"tags":[],"class_list":["post-2146","post","type-post","status-publish","format-standard","hentry","category-okategoriserade"],"jetpack_featured_media_url":"","jetpack_sharing_enabled":true,"post_mailing_queue_ids":[],"_links":{"self":[{"href":"https:\/\/www.ohrlund.se\/blogg\/wp-json\/wp\/v2\/posts\/2146","targetHints":{"allow":["GET"]}}],"collection":[{"href":"https:\/\/www.ohrlund.se\/blogg\/wp-json\/wp\/v2\/posts"}],"about":[{"href":"https:\/\/www.ohrlund.se\/blogg\/wp-json\/wp\/v2\/types\/post"}],"author":[{"embeddable":true,"href":"https:\/\/www.ohrlund.se\/blogg\/wp-json\/wp\/v2\/users\/2"}],"replies":[{"embeddable":true,"href":"https:\/\/www.ohrlund.se\/blogg\/wp-json\/wp\/v2\/comments?post=2146"}],"version-history":[{"count":5,"href":"https:\/\/www.ohrlund.se\/blogg\/wp-json\/wp\/v2\/posts\/2146\/revisions"}],"predecessor-version":[{"id":2151,"href":"https:\/\/www.ohrlund.se\/blogg\/wp-json\/wp\/v2\/posts\/2146\/revisions\/2151"}],"wp:attachment":[{"href":"https:\/\/www.ohrlund.se\/blogg\/wp-json\/wp\/v2\/media?parent=2146"}],"wp:term":[{"taxonomy":"category","embeddable":true,"href":"https:\/\/www.ohrlund.se\/blogg\/wp-json\/wp\/v2\/categories?post=2146"},{"taxonomy":"post_tag","embeddable":true,"href":"https:\/\/www.ohrlund.se\/blogg\/wp-json\/wp\/v2\/tags?post=2146"}],"curies":[{"name":"wp","href":"https:\/\/api.w.org\/{rel}","templated":true}]}}