{"id":2152,"date":"2014-10-19T11:49:32","date_gmt":"2014-10-19T09:49:32","guid":{"rendered":"http:\/\/www.ohrlund.se\/blogg\/?p=2152"},"modified":"2014-10-19T11:49:32","modified_gmt":"2014-10-19T09:49:32","slug":"ozz-nujen-jimmie-akesson-bocker-och-grasklippare","status":"publish","type":"post","link":"https:\/\/www.ohrlund.se\/blogg\/ozz-nujen-jimmie-akesson-bocker-och-grasklippare\/","title":{"rendered":"\u00d6zz Nujen, Jimmie \u00c5kesson, b\u00f6cker och &#8211; gr\u00e4sklippare."},"content":{"rendered":"<p><strong>Sitter p\u00e5 bokhandlarm\u00f6te<\/strong> i ett Sk\u00e5ne som m\u00e5lats i vackra, dova h\u00f6stf\u00e4rger. Tr\u00e4den i slottsparken utanf\u00f6r k\u00e4mpar f\u00f6r att beh\u00e5lla n\u00e5gra av bladen medan duggregnet f\u00f6rs\u00f6ker ta ner dem.<\/p>\n<p><strong>I g\u00e5r, i g\u00e5r kv\u00e4ll och i natt<\/strong> diskuterade \u00f6ver hundra bokhandlare, f\u00f6rl\u00e4ggare och f\u00f6rfattare v\u00e5rt favorit\u00e4mne &#8211; b\u00f6cker. Vilka som ber\u00f6rt oss mest under den senaste tiden och varf\u00f6r. Vilka som kommer att bli stors\u00e4ljare och vilka som, kanske of\u00f6rtj\u00e4nt, kommer att g\u00e5 den stora massan f\u00f6rbi och f\u00f6rsvinna till ett reabord eller \u00e4n v\u00e4rre &#8211; till pappers\u00e5tervinning.<\/p>\n<p><strong>Jag funderar \u00f6ver k\u00e4nslor och \u00e4mnen.<\/strong> Varf\u00f6r vilka fr\u00e5gest\u00e4llningar ibland tycks g\u00e5 n\u00e4rmast sp\u00e5rl\u00f6st f\u00f6rbi medan andra v\u00e4cker f\u00f6rv\u00e5nansv\u00e4rt starka k\u00e4nslostormar.<\/p>\n<p><strong>N\u00e4r jag tittar<\/strong> i backspegeln och ser vilka \u00e4mnen jag bloggat om under de senaste \u00e5ren, ser jag ett som v\u00e4ckt fler k\u00e4nslor \u00e4n allt annat &#8211; fr\u00e5gan om hur svenska poliser uppf\u00f6r sig, vilket uppdrag de har och hur de sk\u00f6ter det, inte minst i skarpa situationer som n\u00e4r Fadimes bror sk\u00f6ts ihj\u00e4l i Uppsala.<\/p>\n<p><strong>Det \u00e4r f\u00f6rst\u00e5s bra<\/strong> att vi diskuterar polisens roll men det finns en hel del annat som \u00e4r lika viktigt och ibland undrar jag varf\u00f6r s\u00e5 f\u00e5 bryr sig om vissa \u00e4mnen.<\/p>\n<p><strong>Mitt senaste blogginl\u00e4gg &#8211; om \u00d6zz Nujens h\u00e5n mot Jimmie \u00c5kesson<\/strong> sedan denne blivit sjukskriven f\u00f6r utbr\u00e4ndhet &#8211; v\u00e4ckte mycket starka k\u00e4nslor. Under ett drygt dygn n\u00e5ddes 115 000 personer p\u00e5 Facebook och blogginl\u00e4gget l\u00e4stes av \u00f6ver 25 000 m\u00e4nniskor. Av de m\u00e5nga kommentarerna f\u00f6rst\u00e5r jag att det h\u00e4r ber\u00f6rde starkt.<\/p>\n<p><strong>Men varf\u00f6r?<\/strong> P\u00e5 grund av \u00d6zz Nujen? P\u00e5 grund av Jimmie \u00c5kesson? P\u00e5 grund av att allt fler blir diagnostiserade som utbr\u00e4nda i ett samh\u00e4lle d\u00e4r kraven p\u00e5 individen, dess karri\u00e4r, utveckling och materiella status hela tiden tycks \u00f6ka? P\u00e5 grund av att f\u00e5 t\u00f6rs s\u00e4tta ner foten, s\u00e4ga &#8221;det \u00e4r nog nu&#8221;? Och ist\u00e4llet k\u00f6r p\u00e5 tills de g\u00e5r s\u00f6nder.<\/p>\n<p><strong>Utanf\u00f6r f\u00f6nstret<\/strong> f\u00e5r en svag bris de kvarvarande h\u00f6stl\u00f6ven att darra. En robotiserad gr\u00e4sklippare k\u00f6r till synes oplanerat \u00f6ver slottets stora gr\u00e4sytor utan att bry sig om sjukdomar, p\u00e5hopp, hat, politik, pengar och status.<\/p>\n<p><strong>Det m\u00e5ste vara sk\u00f6nt.<\/strong> \u00c4ven i duggregn.<\/p>\n<div id=\"wp_fb_like_button\" style=\"margin:5px 0;float:none;height:100px;\"><script src=\"http:\/\/connect.facebook.net\/en_US\/all.js#xfbml=1\"><\/script><fb:like href=\"https:\/\/www.ohrlund.se\/blogg\/ozz-nujen-jimmie-akesson-bocker-och-grasklippare\/\" send=\"true\" layout=\"standard\" width=\"450\" show_faces=\"true\" font=\"arial\" action=\"like\" colorscheme=\"light\"><\/fb:like><\/div>","protected":false},"excerpt":{"rendered":"<p>Sitter p\u00e5 bokhandlarm\u00f6te i ett Sk\u00e5ne som m\u00e5lats i vackra, dova h\u00f6stf\u00e4rger. Tr\u00e4den i slottsparken utanf\u00f6r k\u00e4mpar f\u00f6r att beh\u00e5lla n\u00e5gra av bladen medan duggregnet f\u00f6rs\u00f6ker ta ner dem. I g\u00e5r, i g\u00e5r kv\u00e4ll och i natt diskuterade \u00f6ver hundra &hellip; <a href=\"https:\/\/www.ohrlund.se\/blogg\/ozz-nujen-jimmie-akesson-bocker-och-grasklippare\/\">Forts\u00e4tt l\u00e4sa <span class=\"meta-nav\">&rarr;<\/span><\/a><\/p>\n","protected":false},"author":2,"featured_media":0,"comment_status":"open","ping_status":"open","sticky":false,"template":"","format":"standard","meta":{"_jetpack_memberships_contains_paid_content":false,"footnotes":""},"categories":[1],"tags":[],"class_list":["post-2152","post","type-post","status-publish","format-standard","hentry","category-okategoriserade"],"jetpack_featured_media_url":"","jetpack_sharing_enabled":true,"post_mailing_queue_ids":[],"_links":{"self":[{"href":"https:\/\/www.ohrlund.se\/blogg\/wp-json\/wp\/v2\/posts\/2152","targetHints":{"allow":["GET"]}}],"collection":[{"href":"https:\/\/www.ohrlund.se\/blogg\/wp-json\/wp\/v2\/posts"}],"about":[{"href":"https:\/\/www.ohrlund.se\/blogg\/wp-json\/wp\/v2\/types\/post"}],"author":[{"embeddable":true,"href":"https:\/\/www.ohrlund.se\/blogg\/wp-json\/wp\/v2\/users\/2"}],"replies":[{"embeddable":true,"href":"https:\/\/www.ohrlund.se\/blogg\/wp-json\/wp\/v2\/comments?post=2152"}],"version-history":[{"count":4,"href":"https:\/\/www.ohrlund.se\/blogg\/wp-json\/wp\/v2\/posts\/2152\/revisions"}],"predecessor-version":[{"id":2156,"href":"https:\/\/www.ohrlund.se\/blogg\/wp-json\/wp\/v2\/posts\/2152\/revisions\/2156"}],"wp:attachment":[{"href":"https:\/\/www.ohrlund.se\/blogg\/wp-json\/wp\/v2\/media?parent=2152"}],"wp:term":[{"taxonomy":"category","embeddable":true,"href":"https:\/\/www.ohrlund.se\/blogg\/wp-json\/wp\/v2\/categories?post=2152"},{"taxonomy":"post_tag","embeddable":true,"href":"https:\/\/www.ohrlund.se\/blogg\/wp-json\/wp\/v2\/tags?post=2152"}],"curies":[{"name":"wp","href":"https:\/\/api.w.org\/{rel}","templated":true}]}}