{"id":2157,"date":"2014-10-20T00:13:37","date_gmt":"2014-10-19T22:13:37","guid":{"rendered":"http:\/\/www.ohrlund.se\/blogg\/?p=2157"},"modified":"2014-10-20T00:13:37","modified_gmt":"2014-10-19T22:13:37","slug":"under-anonymitetens-bruna-filt-gror-de-fegas-hat","status":"publish","type":"post","link":"https:\/\/www.ohrlund.se\/blogg\/under-anonymitetens-bruna-filt-gror-de-fegas-hat\/","title":{"rendered":"Under anonymitetens bruna filt gror de fegas hat"},"content":{"rendered":"<p><strong>B\u00e4ckaskogs slott<\/strong> i Sk\u00e5ne, midnatt mellan l\u00f6rdag och s\u00f6ndag. Drygt hundra bokhandlare och bokhandelsanst\u00e4llda fr\u00e5n Sk\u00e5ne, Blekinge och Sm\u00e5land offrar en ledig helg f\u00f6r att lyssna p\u00e5 f\u00f6rfattare och f\u00f6rlag som ber\u00e4ttar om h\u00f6stens b\u00f6cker. Jag har den stora f\u00f6rm\u00e5nen att, som m\u00e5nga g\u00e5nger f\u00f6rr, f\u00e5 vara en av de f\u00e5 f\u00f6rfattare som f\u00e5r vara med och prata. Det \u00e4r jag djupt tacksam f\u00f6r.<\/p>\n<p><strong>Duggregn och vackra h\u00f6stl\u00f6v<\/strong> faller sakta mot marken. Efter koppar av starkt kaffe njuter jag av den friska, fuktiga luften och en cigarill.<\/p>\n<p><strong>&#8221;Jag f\u00f6rst\u00e5r inte hur du orkar&#8221;<\/strong>, s\u00e4ger hon, en av dem som jobbar i bokhandeln. &#8221;Du f\u00e5r ju s\u00e5 mycket skit f\u00f6r det du skriver p\u00e5 bloggen och Facebook. Varf\u00f6r struntar du bara inte i folk, l\u00e5ser in dig och skriver b\u00f6cker ist\u00e4llet, hela tiden?&#8221;<\/p>\n<p><strong>Ja. Varf\u00f6r inte?<\/strong><\/p>\n<p><strong>By the way<\/strong> &#8211; jag \u00e4lskar, med f\u00e5 undantag, m\u00e4nniskorna som jobbar i bokhandeln. De flesta \u00e4lskar sitt jobb, \u00e4r dedikerade och kunniga, vill g\u00f6ra allt f\u00f6r att du som kommer in i butiken ska hitta r\u00e4tt l\u00e4sning, r\u00e4tt njutning f\u00f6r sj\u00e4len. Och &#8211; de \u00e4r inte direkt \u00f6verbetalda, dessa eldsj\u00e4lar.<\/p>\n<p><strong>Beundransv\u00e4rt.<\/strong><\/p>\n<p><strong>Jag funderar<\/strong> \u00f6ver hennes fr\u00e5ga och svaret \u00e4r som alltid:<\/p>\n<p><strong>Men &#8211; jag blir ju arg. Kan inte h\u00e5lla k\u00e4ften.<\/strong><\/p>\n<p><strong>Allra minst nu.<\/strong><\/p>\n<p><strong>Under de senaste dygnen<\/strong> har jag skrivit blogginl\u00e4gg dels om litteraturkritikern <em>Aase Berg<\/em>s fulp\u00e5hopp p\u00e5 f\u00f6rfattarkollegan <em>Denise Rudberg<\/em>, dels om <em>\u00d6zz Nujen<\/em>s h\u00e5n mot att SD-ledaren <em>Jimmie \u00c5kesson<\/em> blivit sjukskriven f\u00f6r utbr\u00e4ndhet.<\/p>\n<p><strong>I b\u00e4gge fallen<\/strong>, inte minst det senare, tog det hus i helvete. P\u00e5 Facebook n\u00e5ddes p\u00e5 kort tid 130 000 personer och min blogg fick tiotusentals nya l\u00e4sare.<\/p>\n<p><strong>Och m\u00e5nga<\/strong> kommentarer. De flesta anonyma.<\/p>\n<p><strong>Bekymmersamt och bitvis skr\u00e4mmande.<\/strong> Ty de flesta som har starka \u00e5sikter eller till och med hatar &#8211; inte minst de som p\u00e5st\u00e5r sig vara <em>mot<\/em> fascism, rasism och nazism, men vars<em> egentliga<\/em> syften ofta tycks mig grumliga &#8211; g\u00f6mmer sig under anonymitetens surt stinkande filt och tar sig r\u00e4tten att kritisera andras \u00e5sikter utan att v\u00e5ga st\u00e5 f\u00f6r sina egna.<\/p>\n<p><strong>S\u00e5dana m\u00e4nniskor<\/strong> skr\u00e4mmer mig.<\/p>\n<p><strong>Dessutom<\/strong> &#8211; hur vet vi, n\u00e4r det g\u00e4ller dem som framtr\u00e4der med namn, att det <em>\u00e4r<\/em> deras namn? Det f\u00f6rlovade n\u00e4tet bjuder alla m\u00f6jligheter att registrera ett antal konton under olika identiteter.<\/p>\n<p><strong>\u00c4r det s\u00e5 vi vill ha det numera? Att vi inte vet vem, vilka, vi pratar med?<\/strong><\/p>\n<p><strong>Inte jag.<\/strong> Ty de som t\u00f6rs st\u00e5 f\u00f6r vilka de \u00e4r och vad de tycker, g\u00f6r det ocks\u00e5.<\/p>\n<p><strong>N\u00e5gra exempel:<\/strong><\/p>\n<p><strong>H\u00e4r \u00e4r &#8221;Sebastian&#8221;:s<\/strong>\u00a0kommentar till mitt inl\u00e4gg om \u00d6zz Nujen. Sebastian har naturligtvis inget efternamn. Han vet massor om mig men jag f\u00e5r inte veta vem han \u00e4r, var han bor, vad han sysslar med. Det tycker han \u00e4r r\u00e4ttvist. Han skriver:<\/p>\n<p><em>&#8221;Hej!\u00a0Jag tycker att det \u00e4r kul att du tycker att sverige inte har en demokrati. Att du ens har tanken i ditt huvud att n\u00e4mna sverige som en icke demokrati \u00e4r l\u00f6jligt. F\u00f6r jag tror att b\u00e5de du och jag vet att det har vi. Jag kan r\u00f6sta p\u00e5 det facistiska partiet Svenskarnas parti om jag vill. De t \u00e4r det folk som har gjort. Visst att folk hatar p\u00e5 dem men dem har \u00e4nd\u00e5 r\u00e4tt till sin \u00e5sikt s\u00e5 l\u00e4nge dem inte kr\u00e4nker alla. Det samma g\u00e4ller SD som du har tagit upp. Jag har sj\u00e4lv folk p\u00e5 min h\u00f6gskola som jag vet har r\u00f6stat p\u00e5 SD. Dem har r\u00e4tt till sin \u00e5sikt och det respekterar jag men om jag inte h\u00e5ller med om vad han tycker blir sverige d\u00e5 till en icke-demokrati?\u00a0Jag tycker att det \u00e4r riktigt d\u00e5ligt av dig som \u00e4nd\u00e5 \u00e4r en bildad man att du ens f\u00e5r dig sj\u00e4lv att l\u00e5ta s\u00e5 dum. Dock s\u00e5 h\u00e5ller jag med om att det som \u00d6zz har gjort \u00e4r dumt och han borde absolut inte gjort s\u00e5. Men om vi kollar p\u00e5 andra sidan av myntet. Borde vi inte titta p\u00e5 allt SD:s Kent Ekeroth har gjort? Han har m\u00e5nga g\u00e5nger uttalat sitt hat och vrede mot muslimska invandrare. Han har vid ett tillf\u00e4lle tr\u00e4ffat p\u00e5 Zoran Ismail p\u00e5 gatan och slagit honom med ett j\u00e4rnr\u00f6r och sedan referrat till honom som en smutsig apa. \u00c4r det r\u00e4tt?\u00a0Det \u00e4r samma sak som vad du tycker g\u00f6r Sverige till ett \u201dicke-demokratiskt\u201d land. \u00c4r det s\u00e5 du vill att sverige ska styras? Av ett g\u00e4ng Ny Nazister som \u00e4r missn\u00f6jda?S\u00e5 jag vill g\u00e4rna ha ett svar d\u00e4r jag f\u00e5r h\u00f6ra vad du t\u00e4nkt om allt. Det kan ju vara s\u00e5 att jag uppfattat fel. Att jag missf\u00f6rst\u00e5tt din text s\u00e5 skulle vara trevligt om du kunde svara och ge<\/em> <em>respons p\u00e5 mina fr\u00e5gor. Och om du har sv\u00e5rt att f\u00f6rst\u00e5 vad jag skrivit s\u00e5 \u00e4r det f\u00f6r jag har dyslexi men hoppas att du f\u00f6rst\u00e5r iallafall. Mvh Sebastian&#8221;<\/em><\/p>\n<p><strong>Och jag svarar:<\/strong><\/p>\n<p>&#8221;1) Jag \u00e4r inte en bildad man, tv\u00e4rtom har jag inte ens godk\u00e4nda gymnasiebetyg.<\/p>\n<p>2) Jag anser inte att landet \u00e4r en fungerande demokrati om man inte till fullo accepterar ett demokratiskt invalt parti, oavsett vad det heter och vad det st\u00e5r f\u00f6r. Om man anser att partiet eller dess f\u00f6retr\u00e4dare st\u00e5r f\u00f6r n\u00e5got som strider mot lagen, borde det f\u00f6rbjudas.<\/p>\n<p>3) Nej, jag f\u00f6respr\u00e5kar inte nazism. Men jag \u00e4r d\u00e4remot vid det h\u00e4r laget v\u00e4ldigt van att kallas kommunistsvin, rebell, rasist, anarkist, snutkramare, idiot, revolution\u00e4r, nazist och all annan dynga som anonyma m\u00e4nniskor t\u00f6rs spy ut sig bakom anonymitetens sk\u00e4rm. Jag st\u00e5r f\u00f6r mina \u00e5sikter med fullt namn. Varf\u00f6r g\u00f6r inte du det?&#8221;<\/p>\n<p><strong>P\u00e5 min Facebooksida skriver Sami Younan<\/strong> (om han nu heter s\u00e5):<\/p>\n<p><strong>&#8221;<\/strong><span data-ft=\"{&quot;tn&quot;:&quot;K&quot;}\" data-reactid=\".2lh.1:3:1:$comment886146128065070_886292858050397:0.0.$right.0.$left.0.0.1:$comment-body\"><span class=\"UFICommentBody\" data-reactid=\".2lh.1:3:1:$comment886146128065070_886292858050397:0.0.$right.0.$left.0.0.1:$comment-body.0\"><span data-reactid=\".2lh.1:3:1:$comment886146128065070_886292858050397:0.0.$right.0.$left.0.0.1:$comment-body.0.$end:0:$0:0\"><strong>Ni struntar i or\u00e4ttvisor<\/strong> och vad Turkiet g\u00f6r nu och rasism och komenterar ett sk\u00e4mt och tycker synd om en idiot. sluta oroa er han har det bra b\u00e4ttre \u00e4n er idioter han har inte cancer. Det finns en ny studie som visar att idioter lever l\u00e4ngre s\u00e5 sluta oroa er. P\u00e5 honom \u00d6zz.&#8221;<\/span><\/span><\/span><\/p>\n<p><strong>Sv\u00e5rt att skriva ett vettigt svar p\u00e5 goddag yxskaft s\u00e5 &#8211; rid\u00e5.<\/strong><\/p>\n<p><strong>Det som f\u00f6rv\u00e5nar mig mest:<\/strong> Internet bjuder p\u00e5 gott och ont o\u00e4ndliga m\u00f6jligheter f\u00f6r m\u00e5nga m\u00e4nniskor att uttrycka \u00e5sikter, g\u00f6ra reklam, k\u00e4mpa f\u00f6r en sak, f\u00f6retr\u00e4da en -ism eller flera, diskutera alltifr\u00e5n politik till grisuppf\u00f6dning. Inte minst p\u00e5 <em>egna<\/em> sidor eller bloggar. Hur kommer det sig d\u00e5 att &#8221;Sebastian&#8221;, &#8221;Sami&#8221; och alla de andra orkar offra sin energi p\u00e5 att &#8211; alltf\u00f6r ofta under anonymitet &#8211; uttrycka sig p\u00e5 min och andras sidor? Kontraproduktivt?<\/p>\n<p><strong>Att hotarna och hatarna g\u00f6r det<\/strong> f\u00f6rv\u00e5nar mig mindre. Av inl\u00e4ggen kan man ofta utl\u00e4sa att intelligensen hos avs\u00e4ndarna inte ligger p\u00e5 topp. Vad de dessutom gl\u00f6mmer \u00e4r att de trots allt g\u00e5r att sp\u00e5ra. Som vi gjorde med stalkerkvinnan som f\u00f6rf\u00f6ljde mig f\u00f6r n\u00e5gra \u00e5r sedan. Anonymiteten \u00e4r stor, men inte obegr\u00e4nsad.<\/p>\n<p><strong>Och den som upptr\u00e4der anonymt f\u00e5r inte min respekt. Enkelt.<\/strong><\/p>\n<p><strong>Det \u00e4r inte l\u00e4tt att leva<\/strong>, inte heller att alltid vara klok och konsekvent i sina \u00e5sikter. D\u00e4rf\u00f6r &#8211; f\u00f6rl\u00e5t, men h\u00e4r \u00e4r mina till synes m\u00f6jligen paradoxala \u00e5sikter:<\/p>\n<p><strong>1) Jag vill att anonymiteten p\u00e5 Internet ska avskaffas.<\/strong> Jag ser ingen po\u00e4ng med den. Den som inte avser att beg\u00e5 brott, stalka, sprida barnpornografi eller annat f\u00f6rbjudet material, trakassera eller hota n\u00e5gon, har heller ingen anledning att vara anonym. I ett samh\u00e4lle som kallar sig demokratiskt ska vi alla f\u00e5, kunna och vilja st\u00e5 f\u00f6r det vi tycker i debatten. Det h\u00e4r g\u00e5r delvis att l\u00f6sa genom ett Internetk\u00f6rkort och att du \u00e4r registrerad genom din provider. Naturligtvis kommer en och annan alltid att hacka sig f\u00f6rbi det men majoriteten av dem som hotar och hatar \u00e4r f\u00f6r dumma f\u00f6r det.<\/p>\n<p><strong>2) Jag vill begr\u00e4nsa offentlighetsprincipen kraftigt.<\/strong> Naturligtvis ska alla uppgifter om v\u00e5ra folkvaldas och de offentliganst\u00e4lldas l\u00f6ner och arbetsvillkor vara offentliga. Men jag ser ingen som helst anledning till att jag med n\u00e5gra enkla telefonsamtal ska kunna f\u00e5 reda p\u00e5 hur mycket just du tj\u00e4nar, att din syster \u00e4r fr\u00e5nskild, vilken bil hon \u00e4ger och hur mycket hon \u00e4r skyldig hos Kronofogden, samt p\u00e5 vilken adress hennes barn bor varannan vecka. <em><strong>Vad har jag med det att g\u00f6ra?<\/strong><\/em><\/p>\n<p><strong>3) Jag vill att Google ska beordras<\/strong>\u00a0att omg\u00e5ende ta ner sina bilder av de fastigheter d\u00e4r m\u00e4nniskor bor, av samma sk\u00e4l som ovan.<\/p>\n<p><strong>S\u00e5 h\u00e4r<\/strong> kommer det naturligtvis inte att bli. F\u00f6respr\u00e5karna klingar glatt: &#8221;Men vi \u00e4r ju ett av de f\u00e5 l\u00e4nder i v\u00e4rlden som har offentlighetsprincipen!&#8221;<\/p>\n<p><strong>Just det.\u00a0<\/strong><strong>Fundera en stund<\/strong> \u00f6ver varf\u00f6r alla andra har valt bort den.<\/p>\n<p><strong>Enkelt uttryckt:<\/strong> Den som inte p\u00e5 n\u00e5got s\u00e4tt vill dig illa &#8211; genom alltifr\u00e5n skvaller till hot &#8211; har heller ingen anledning att f\u00e5 tillg\u00e5ng till alla uppgifter om dig, ditt liv, dina f\u00f6rh\u00e5llanden och din ekonomi.<\/p>\n<p><strong>Lika illa:<\/strong> N\u00e4r vi f\u00f6r n\u00e5gra \u00e5r sedan beg\u00e4rde ett enkelt bygglov \u00f6versv\u00e4mmades brevl\u00e5dan snart av broschyrer fr\u00e5n hantverkare och byggf\u00f6retag. Jag blev f\u00f6rst\u00e5s f\u00f6rbannad, ringde upp kommunens stadsbyggnadskontor och undrade om de satt och s\u00e5lde min adress till de h\u00e4r f\u00f6retagen?<\/p>\n<p><strong>Det var v\u00e4rre \u00e4n s\u00e5.<\/strong><\/p>\n<p><strong>En olycklig kvinna<\/strong> ber\u00e4ttade att de &#8211; enligt offentlighetsprincipen &#8211; \u00e4r <em>tvungna<\/em> att l\u00e4mna ut de h\u00e4r uppgifterna till den som fr\u00e5gar, och att hantverkarna, K-Rauta. Bauhaus och de andra g\u00f6r det s\u00e5 vanem\u00e4ssigt att personalen p\u00e5 kontoret knappt hinner utf\u00f6ra det vi betalar dem f\u00f6r &#8211; att granska och godk\u00e4nna eller avsl\u00e5 ans\u00f6kningar om byggnadslov. I klartext betyder det att vi med skattepengar g\u00f6r folk i kommunalhuset till sekreterare f\u00f6r privata f\u00f6retag.<\/p>\n<p><strong>Sjukt!<\/strong><\/p>\n<p><strong>I de flesta civiliserade l\u00e4nder<\/strong> \u00e4r personnumret eller dess motsvarighet en v\u00e4rdehandling som innehavaren bevarar som en hemlighet. Fr\u00e5ga en dansk eller amerikan om du kan f\u00e5 motsvarigheten och de kommer sannolikt att skjuta dig i direkts\u00e4ndning. Men h\u00e4r spottar vi glatt ut det &#8211; kvittot till all information om oss sj\u00e4lva &#8211; s\u00e5 fort ett rabattf\u00f6retag ber om det.<\/p>\n<p><strong>Vi kanske skulle t\u00e4nka till lite.<\/strong><\/p>\n<p>&nbsp;<\/p>\n<p>&nbsp;<\/p>\n<p>&nbsp;<\/p>\n<p>&nbsp;<\/p>\n<p>&nbsp;<\/p>\n<p>&nbsp;<\/p>\n<div id=\"wp_fb_like_button\" style=\"margin:5px 0;float:none;height:100px;\"><script src=\"http:\/\/connect.facebook.net\/en_US\/all.js#xfbml=1\"><\/script><fb:like href=\"https:\/\/www.ohrlund.se\/blogg\/under-anonymitetens-bruna-filt-gror-de-fegas-hat\/\" send=\"true\" layout=\"standard\" width=\"450\" show_faces=\"true\" font=\"arial\" action=\"like\" colorscheme=\"light\"><\/fb:like><\/div>","protected":false},"excerpt":{"rendered":"<p>B\u00e4ckaskogs slott i Sk\u00e5ne, midnatt mellan l\u00f6rdag och s\u00f6ndag. Drygt hundra bokhandlare och bokhandelsanst\u00e4llda fr\u00e5n Sk\u00e5ne, Blekinge och Sm\u00e5land offrar en ledig helg f\u00f6r att lyssna p\u00e5 f\u00f6rfattare och f\u00f6rlag som ber\u00e4ttar om h\u00f6stens b\u00f6cker. Jag har den stora f\u00f6rm\u00e5nen &hellip; <a href=\"https:\/\/www.ohrlund.se\/blogg\/under-anonymitetens-bruna-filt-gror-de-fegas-hat\/\">Forts\u00e4tt l\u00e4sa <span class=\"meta-nav\">&rarr;<\/span><\/a><\/p>\n","protected":false},"author":2,"featured_media":0,"comment_status":"open","ping_status":"open","sticky":false,"template":"","format":"standard","meta":{"_jetpack_memberships_contains_paid_content":false,"footnotes":""},"categories":[1],"tags":[],"class_list":["post-2157","post","type-post","status-publish","format-standard","hentry","category-okategoriserade"],"jetpack_featured_media_url":"","jetpack_sharing_enabled":true,"post_mailing_queue_ids":[],"_links":{"self":[{"href":"https:\/\/www.ohrlund.se\/blogg\/wp-json\/wp\/v2\/posts\/2157","targetHints":{"allow":["GET"]}}],"collection":[{"href":"https:\/\/www.ohrlund.se\/blogg\/wp-json\/wp\/v2\/posts"}],"about":[{"href":"https:\/\/www.ohrlund.se\/blogg\/wp-json\/wp\/v2\/types\/post"}],"author":[{"embeddable":true,"href":"https:\/\/www.ohrlund.se\/blogg\/wp-json\/wp\/v2\/users\/2"}],"replies":[{"embeddable":true,"href":"https:\/\/www.ohrlund.se\/blogg\/wp-json\/wp\/v2\/comments?post=2157"}],"version-history":[{"count":2,"href":"https:\/\/www.ohrlund.se\/blogg\/wp-json\/wp\/v2\/posts\/2157\/revisions"}],"predecessor-version":[{"id":2159,"href":"https:\/\/www.ohrlund.se\/blogg\/wp-json\/wp\/v2\/posts\/2157\/revisions\/2159"}],"wp:attachment":[{"href":"https:\/\/www.ohrlund.se\/blogg\/wp-json\/wp\/v2\/media?parent=2157"}],"wp:term":[{"taxonomy":"category","embeddable":true,"href":"https:\/\/www.ohrlund.se\/blogg\/wp-json\/wp\/v2\/categories?post=2157"},{"taxonomy":"post_tag","embeddable":true,"href":"https:\/\/www.ohrlund.se\/blogg\/wp-json\/wp\/v2\/tags?post=2157"}],"curies":[{"name":"wp","href":"https:\/\/api.w.org\/{rel}","templated":true}]}}