{"id":2170,"date":"2014-10-22T13:22:02","date_gmt":"2014-10-22T11:22:02","guid":{"rendered":"http:\/\/www.ohrlund.se\/blogg\/?p=2170"},"modified":"2014-10-22T13:22:02","modified_gmt":"2014-10-22T11:22:02","slug":"att-kranka-ett-barn-eller-tusen-med-statens-goda-minne","status":"publish","type":"post","link":"https:\/\/www.ohrlund.se\/blogg\/att-kranka-ett-barn-eller-tusen-med-statens-goda-minne\/","title":{"rendered":"Att kr\u00e4nka ett barn, eller tusen &#8211; med statens goda minne"},"content":{"rendered":"<p><strong>I n\u00e4ttidningen Dagens Juridik<\/strong> l\u00e4ser jag om en man fr\u00e5n V\u00e4rnamo som haft 21 951 barnporrbilder och 117 filmer i sin dator.<\/p>\n<p><strong>Trots detta slapp han \u00e5tal f\u00f6r barnpornografibrott<\/strong>, men blev d\u00e4remot \u00e5talad f\u00f6r ett bokf\u00f6ringsbrott! Citat ur Dagens Juridik:<\/p>\n<p><em><strong>&#8221;Mannen kom sedan att \u00e5talas f\u00f6r bokf\u00f6ringsbrott. Enligt \u00e5klagare Gunnar Brodin fanns det ingen anledning att ocks\u00e5 \u00e5tala mannen f\u00f6r barnpornografibrott, eftersom p\u00e5f\u00f6ljden inte n\u00f6dv\u00e4ndigtvis kunde v\u00e4ntas bli str\u00e4ngare.<\/strong><\/em><\/p>\n<p><em><strong>\u2013\u00a0Om det nu hade \u00e5talats f\u00f6r barnpornografibrott ocks\u00e5 hade det mycket v\u00e4l kunnat vara s\u00e5 att p\u00e5f\u00f6ljden blivit exakt densamma, det vill s\u00e4ga villkorlig dom och b\u00f6ter, s\u00e4ger Gunnar Brodin till SR.&#8221;<\/strong><\/em><\/p>\n<p><strong>H\u00e4r finns det flera tragiska detaljer<\/strong> att titta n\u00e4rmare p\u00e5. F\u00f6r det f\u00f6rsta hade polisen \u00e4gnat ett och ett halvt \u00e5r \u00e5t att utreda barnpornografibrottet. F\u00f6rest\u00e4ll dig vilka resurser som g\u00e5tt \u00e5t, hur h\u00e5rt poliserna har arbetat och hur de k\u00e4nner det n\u00e4r de ser att mannen<\/p>\n<p>a) slipper \u00e5tal f\u00f6r barnpornografibrottet och<\/p>\n<p>b) klarar sig undan med villkorlig dom och b\u00f6ter f\u00f6r bokf\u00f6ringsbrottet<\/p>\n<p><strong>Hur motiverande<\/strong> \u00e4r det d\u00e5 att vara polis?<\/p>\n<p><strong>N\u00e4sta citat:<\/strong><\/p>\n<h2><em>&#8221;I sitt beslut att inte v\u00e4cka \u00e5tal f\u00f6r barnpornografibrott skriver Gunnar Brodin: &#8217;n\u00e5got v\u00e4sentligt allm\u00e4nt eller enskilt intresse \u00e5sidos\u00e4tts inte genom att den misst\u00e4nkte meddelas \u00e5talsunderl\u00e5telse&#8217;, uppger SR.&#8221;<\/em><\/h2>\n<h2>I klartext betyder detta att samh\u00e4llet (vi) och lagen skiter fullst\u00e4ndigt i hur barnen blivit kr\u00e4nkta.<\/h2>\n<p><strong>I verkligheten<\/strong> \u00e4r det s\u00e5 h\u00e4r: <em>Varje<\/em> bild, <em>varje<\/em> film, \u00e4r en grov kr\u00e4nkning mot <em>varje<\/em> barn som f\u00f6rekommer d\u00e4r. Dessa bilder och filmer sprids hundratusentals eller miljontals g\u00e5nger via det f\u00f6rlovade n\u00e4tet och varje g\u00e5ng n\u00e5gon klickar p\u00e5 dem blir barnet kr\u00e4nkt p\u00e5 nytt.<\/p>\n<p><strong>Jag \u00e4r n\u00e4stan \u00f6vertygad om<\/strong> att \u00e5klagare Brodin f\u00f6ljer den praxis som finns i s\u00e5dana h\u00e4r fall.<\/p>\n<p><strong>Jag \u00e4r lika \u00f6vertygad<\/strong> om att<\/p>\n<p>a) V\u00e5ra lagar och tolkningen av dem i dessa fall \u00e4r r\u00e4tt \u00e5t helvete<\/p>\n<p>b) V\u00e4rnamopedofilen som klarade sig med villkorlig dom skulle l\u00e5sas in s\u00e5 l\u00e5ngt ifr\u00e5n barn och datorer som m\u00f6jligt, men<\/p>\n<p>c) att han nu i lugn och ro kan forts\u00e4tta jaga barn p\u00e5 n\u00e4tet, ladda ner nya bilder och filmer.<\/p>\n<p><strong>Slutsatsen g\u00f6r mig kr\u00e4kf\u00e4rdig.<\/strong> Det \u00e4r illa nog att den f\u00f6rra regeringen inte p\u00e5 allvar gjorde n\u00e5got \u00e5t det h\u00e4r under sina \u00e5r.<\/p>\n<p><strong>Och jag har ingen som helst hopp<\/strong> om att den r\u00f6dgr\u00f6na falangen kommer att sk\u00e4rpa straff.<\/p>\n<p><strong>Gud &#8211; eller n\u00e5gon &#8211; bevare barnen.<\/strong><\/p>\n<blockquote class=\"wp-embedded-content\" data-secret=\"Ln4RHDkWrr\"><p><a href=\"https:\/\/www.dagensjuridik.se\/nyheter\/man-med-22-000-barnporrbilder-slapp-atal-straffet-kunde-inte-vantas-bli-mer-boter\/\">Man med 22 000 barnporrbilder slapp \u00e5tal &#8211; &#8221;straffet kunde inte v\u00e4ntas bli mer \u00e4n b\u00f6ter&#8221;<\/a><\/p><\/blockquote>\n<p><iframe loading=\"lazy\" class=\"wp-embedded-content\" sandbox=\"allow-scripts\" security=\"restricted\" style=\"position: absolute; clip: rect(1px, 1px, 1px, 1px);\" title=\"&#8221;Man med 22 000 barnporrbilder slapp \u00e5tal &#8211; &#8221;straffet kunde inte v\u00e4ntas bli mer \u00e4n b\u00f6ter&#8221;&#8221; &#8212; Dagens Juridik\" src=\"https:\/\/www.dagensjuridik.se\/nyheter\/man-med-22-000-barnporrbilder-slapp-atal-straffet-kunde-inte-vantas-bli-mer-boter\/embed\/#?secret=zupXcgbune#?secret=Ln4RHDkWrr\" data-secret=\"Ln4RHDkWrr\" width=\"584\" height=\"329\" frameborder=\"0\" marginwidth=\"0\" marginheight=\"0\" scrolling=\"no\"><\/iframe><\/p>\n<p>&nbsp;<\/p>\n<div id=\"wp_fb_like_button\" style=\"margin:5px 0;float:none;height:100px;\"><script src=\"http:\/\/connect.facebook.net\/en_US\/all.js#xfbml=1\"><\/script><fb:like href=\"https:\/\/www.ohrlund.se\/blogg\/att-kranka-ett-barn-eller-tusen-med-statens-goda-minne\/\" send=\"true\" layout=\"standard\" width=\"450\" show_faces=\"true\" font=\"arial\" action=\"like\" colorscheme=\"light\"><\/fb:like><\/div>","protected":false},"excerpt":{"rendered":"<p>I n\u00e4ttidningen Dagens Juridik l\u00e4ser jag om en man fr\u00e5n V\u00e4rnamo som haft 21 951 barnporrbilder och 117 filmer i sin dator. Trots detta slapp han \u00e5tal f\u00f6r barnpornografibrott, men blev d\u00e4remot \u00e5talad f\u00f6r ett bokf\u00f6ringsbrott! Citat ur Dagens Juridik: &hellip; <a href=\"https:\/\/www.ohrlund.se\/blogg\/att-kranka-ett-barn-eller-tusen-med-statens-goda-minne\/\">Forts\u00e4tt l\u00e4sa <span class=\"meta-nav\">&rarr;<\/span><\/a><\/p>\n","protected":false},"author":2,"featured_media":0,"comment_status":"open","ping_status":"open","sticky":false,"template":"","format":"standard","meta":{"_jetpack_memberships_contains_paid_content":false,"footnotes":""},"categories":[1],"tags":[],"class_list":["post-2170","post","type-post","status-publish","format-standard","hentry","category-okategoriserade"],"jetpack_featured_media_url":"","jetpack_sharing_enabled":true,"post_mailing_queue_ids":[],"_links":{"self":[{"href":"https:\/\/www.ohrlund.se\/blogg\/wp-json\/wp\/v2\/posts\/2170","targetHints":{"allow":["GET"]}}],"collection":[{"href":"https:\/\/www.ohrlund.se\/blogg\/wp-json\/wp\/v2\/posts"}],"about":[{"href":"https:\/\/www.ohrlund.se\/blogg\/wp-json\/wp\/v2\/types\/post"}],"author":[{"embeddable":true,"href":"https:\/\/www.ohrlund.se\/blogg\/wp-json\/wp\/v2\/users\/2"}],"replies":[{"embeddable":true,"href":"https:\/\/www.ohrlund.se\/blogg\/wp-json\/wp\/v2\/comments?post=2170"}],"version-history":[{"count":2,"href":"https:\/\/www.ohrlund.se\/blogg\/wp-json\/wp\/v2\/posts\/2170\/revisions"}],"predecessor-version":[{"id":2172,"href":"https:\/\/www.ohrlund.se\/blogg\/wp-json\/wp\/v2\/posts\/2170\/revisions\/2172"}],"wp:attachment":[{"href":"https:\/\/www.ohrlund.se\/blogg\/wp-json\/wp\/v2\/media?parent=2170"}],"wp:term":[{"taxonomy":"category","embeddable":true,"href":"https:\/\/www.ohrlund.se\/blogg\/wp-json\/wp\/v2\/categories?post=2170"},{"taxonomy":"post_tag","embeddable":true,"href":"https:\/\/www.ohrlund.se\/blogg\/wp-json\/wp\/v2\/tags?post=2170"}],"curies":[{"name":"wp","href":"https:\/\/api.w.org\/{rel}","templated":true}]}}