{"id":2181,"date":"2014-10-29T02:25:22","date_gmt":"2014-10-29T00:25:22","guid":{"rendered":"http:\/\/www.ohrlund.se\/blogg\/?p=2181"},"modified":"2014-10-29T02:33:14","modified_gmt":"2014-10-29T00:33:14","slug":"nar-de-kriminella-dansar-over-samhallet","status":"publish","type":"post","link":"https:\/\/www.ohrlund.se\/blogg\/nar-de-kriminella-dansar-over-samhallet\/","title":{"rendered":"N\u00e4r de kriminella dansar \u00f6ver samh\u00e4llet &#8230;"},"content":{"rendered":"<p><strong>I en f\u00e4rsk rapport fr\u00e5n polisen<\/strong> meddelas att kriminella n\u00e4tverk har en &#8221;negativ p\u00e5verkan&#8221; i 55 utsatta problemomr\u00e5den i 22 svenska st\u00e4der, n\u00e4mligen Uppsala, Enk\u00f6ping, G\u00e4vle, K\u00f6ping, \u00d6rebro, Stockholm, S\u00f6dert\u00e4lje, Eskilstuna, Norrk\u00f6ping, Link\u00f6ping, Trollh\u00e4ttan, Bor\u00e5s, G\u00f6teborg, Falkenberg, Halmstad, Laholm, Landskrona, Malm\u00f6, Kristianstad, Alvesta, V\u00e4xj\u00f6 och Kalmar.<\/p>\n<p><strong>Den brottslighet som n\u00e4mns<\/strong> innefattar bland annat \u00f6ppen narkotikahantering, grovt v\u00e5ld, utpressning och hot men \u00e4ven attacker mot polisen.<\/p>\n<p><strong>&#8221;Risken finns<\/strong> att det utvecklas parallellsamh\u00e4llen d\u00e4r kriminella kan styra&#8221;, s\u00e4ger Lennart \u00d6jelind, bitr\u00e4dande chef vid Rikskriminalens underr\u00e4ttelsesektion, till media.<\/p>\n<p><strong>No shit!<\/strong><\/p>\n<p><strong>Polisen \u00e4r ocks\u00e5 noga med<\/strong> att snabbt till\u00e4gga att den kriminella verksamheten sker i\u00a0l\u00f6st sammansatta n\u00e4tverk, d\u00e4r konstellationerna kan variera beroende p\u00e5 vilka brott det r\u00f6r sig om.<\/p>\n<p><strong>Det \u00e4r f\u00f6rst\u00e5s en fr\u00e5ga om hur man uttrycker det<\/strong>, och kanske inte helt sant. Enligt dem jag k\u00e4nner i den h\u00f6gre polisorganisationen \u00e4r sanningen ocks\u00e5 att b\u00e5de polis och politiker \u00e4r livr\u00e4dda f\u00f6r att erk\u00e4nna att det finns rej\u00e4lt sammansvetsade och starka kriminella n\u00e4tverk eller i klartext &#8211; att det finns en ordentligt organiserad brottslighet i Sverige. S\u00e5dant g\u00f6r n\u00e4mligen befolkningen &#8211; l\u00e4s, v\u00e4ljarna &#8211; oroade och det \u00e4r inte bra.<\/p>\n<p><strong>Inte f\u00f6r Rikspolischefen.<\/strong> Inte f\u00f6r Justitieministern. Inte f\u00f6r Statsministern. Inte f\u00f6r valutg\u00e5ngen.<\/p>\n<p><strong>I rapporten s\u00e4gs ocks\u00e5:<\/strong> &#8221;De kriminella individerna i omr\u00e5dena kan grovt r\u00e4knas in i tv\u00e5 grupper; ett yngre och ett \u00e4ldre skikt d\u00e4r sl\u00e4ktband till viss del f\u00f6renar grupperna och ibland utg\u00f6r grunden f\u00f6r rekrytering in i kriminaliteten. I ett f\u00e5tal omr\u00e5den finns \u00e4ven exempel p\u00e5 etniska och sl\u00e4ktbundna n\u00e4tverk som ofta \u00e4r etablerade sedan en l\u00e4ngre tid tillbaka. De \u00a0bed\u00f6ms avvika genom att de beskrivs som mer strukturerade och anses besitta en h\u00f6gre strategisk f\u00f6rm\u00e5ga \u00e4n andra lokala kriminella n\u00e4tverk.&#8221;<\/p>\n<p><strong>Det l\u00e5ter v\u00e4l lagom politiskt korrekt<\/strong> i ett land som alltid vill vara just &#8211; lagom. Mindre politiskt korrekta \u00e4r de siffror jag fick n\u00e4r jag senast bes\u00f6kte Kumlaf\u00e4ngelset (d\u00e5 ska du dessutom veta att det inte \u00e4r n\u00e5gra duvungar som sitter just d\u00e4r &#8211; ingen som d\u00f6ms till straff kortare \u00e4n fyra \u00e5rs f\u00e4ngelse hamnar p\u00e5 Kumla):<\/p>\n<p><strong>43% \u00e4r f\u00f6dda i Sverige, 33% i \u00f6vriga Europa och 24%\u00a0 i \u00f6vriga v\u00e4rlden. De intagna representerar totalt 40 l\u00e4nder, 23 i Europa, 7 i Afrika, 7 i Asien och 3 i Sydamerika. 56% \u00e4r svenska medborgare, men av dessa har 23 % annan etnisk bakgrund. 32% ska utvisas efter avtj\u00e4nat straff (72% av alla med utl\u00e4ndskt medborgarskap). 33 procent \u00e4r inte f\u00f6dda i Sverige. D\u00e5 har man inte r\u00e4knat andra generationens invandrare.<\/strong><\/p>\n<p><strong>S\u00e5 ser sanningen<\/strong> &#8211; levererad direkt fr\u00e5n f\u00e4ngelsechefens dator &#8211; ut, bekv\u00e4m eller ej.<\/p>\n<p><strong>Men det mest bekymmersamma<\/strong> \u00e4r knappast var de mest kriminella \u00e4r f\u00f6dda. Snarare det h\u00e4r:<\/p>\n<p><strong>&#8221;Utveckling i omr\u00e5dena<\/strong> har medf\u00f6rt sv\u00e5righeter att utreda brott. Polisen har \u00e4ven i andra avseenden sv\u00e5rt att arbeta i dessa omr\u00e5den, bland annat p\u00e5 grund av att omgivningen reagerar mot polisen vid ingripanden eller genom att angripa polisens fordon. Polisens sv\u00e5righeter med att st\u00e4vja de n\u00e4mnda problemen kan vara en bidragande faktor till att allm\u00e4nheten i flera fall uppfattar det som om att det \u00e4r de kriminella som styr i omr\u00e5dena. En s\u00e5dan uppfattning kan ifr\u00e5gas\u00e4tta polisens roll som garant f\u00f6r trygghet, och p\u00e5 sikt minskar allm\u00e4nhetens ben\u00e4genhet att v\u00e4nda sig till polisen. Situationen i dessa omr\u00e5den \u00e4r bekymmersam och har i flera fall medf\u00f6rt att polisen inte kunnat fullg\u00f6ra sin uppgift.&#8221;<\/p>\n<p><strong>Just s\u00e5. Men l\u00e5t oss f\u00f6r en stund &#8211; som danskarna s\u00e4ger &#8211; kalla en spade f\u00f6r en spade. Vi t\u00e4nker allts\u00e5 som &#8221;sv\u00e5righet&#8221; till\u00e5ta att m\u00e4nniskor attackerar polisens fordon?! Vad s\u00e4gs om att s\u00e4tta in arm\u00e9n, vilket man skulle gjort i andra l\u00e4nder tills ordningen var \u00e5terst\u00e4lld. Men h\u00e4r ska det bjudas p\u00e5 kaffe med mj\u00f6lk om n\u00e5gon f\u00f6rs\u00f6ker kasta en gatsten genom rutan p\u00e5 en polisbil? Gud hj\u00e4lpe oss.<\/strong><\/p>\n<p><strong>En av anledningarna &#8211; och kanske den viktigaste &#8211; till att polisen haft &#8221;sv\u00e5rt att arbeta i dessa omr\u00e5den&#8221; \u00e4r lama, konfliktr\u00e4dda polischefer som inte t\u00f6rs backa upp de kolleger som ska ta skiten p\u00e5 gatan, dygnet runt, \u00e5ret runt.<\/strong>\u00a0Ett ganska f\u00e4rskt exempel \u00e4r det d\u00e5 tv\u00e5 poliser i bil och till fots jagade en k\u00e4nd kriminell p\u00e5 moped in i ett &#8221;hett&#8221; och immigrantt\u00e4tt bostadsomr\u00e5de i Landskrona. D\u00e4r blev de omringade av en uppretad folkmassa, inst\u00e4ngda, tr\u00e4ngda och hotade till livet. N\u00e4r de beg\u00e4rde f\u00f6rst\u00e4rkning skickade ledningscentralen fram en halv arm\u00e9 av polispatruller som dock beordrades att v\u00e4nta utanf\u00f6r omr\u00e5det ist\u00e4llet f\u00f6r att hj\u00e4lpa sina kolleger! Medan folkhopen i lugn och ro hade kunnat sl\u00e5 ihj\u00e4l poliserna hade deras kolleger allts\u00e5 order om att inte ingripa, f\u00f6r att inte reta upp n\u00e5gon!<\/p>\n<p><strong>Vad. I. Helvete. \u00c4r. Det. Som. H\u00e4nder &#8211; polisledningen? Det f\u00f6retag d\u00e4r cheferna inte har stake att backa upp sina anst\u00e4llda, \u00e4r undantagsl\u00f6st d\u00f6mt att g\u00e5 under! Den polischef som inte t\u00f6rs backa upp kollegerna p\u00e5 gatan b\u00f6r g\u00e5 hem &#8211; i morgon. Den politiker &#8211; eller Justitieminister &#8211; som inte t\u00f6rs backa upp sina polischefer b\u00f6r avg\u00e5. Enkelt.<\/strong><\/p>\n<p><strong>I polisens rapport konstateras<\/strong> vidare f\u00f6ljande: &#8221;Under 1990-talet kunde svensk polis sk\u00f6nja ett nytt fenomen i vissa f\u00f6rorter. Lokala kriminella personer sl\u00f6t sig samman och v\u00e4xte sig starkare i sin brottsut\u00f6vning. Med hot och v\u00e5ld som maktmedel skapade dessa individer r\u00e4dsla och otrygghet i lokalsamh\u00e4llet, vilket ledde till att kriminella sammanslutningar \u00f6kade sin makt. Sedan millennieskiftet har lokala kriminella n\u00e4tverk knutna till geografiska omr\u00e5den blivit ett v\u00e4xande problem i Sverige.<\/p>\n<p><strong>Kvalificerat skitsnack. Eller r\u00e4ttare sagt &#8211; en liten del av sanningen.<\/strong> Och framf\u00f6rallt &#8211; vem l\u00e4t allt detta ske? Det kan rimligtvis inte vara s\u00e5 att Justitieministrarna och polischeferna uppt\u00e4ckt det <em>nu<\/em>, efter 15 \u00e5r?<\/p>\n<p><strong>I slutet av 1980-talet<\/strong> bodde och arbetade jag i Los Angeles, Kalifornien. Under n\u00e4rmare sex m\u00e5nader satt jag if\u00f6rd skotts\u00e4ker v\u00e4st och med kameran i handen i frams\u00e4tet p\u00e5 polisbilar m\u00e4rkta C.R.A.S.H &#8211; <em>Community Resources Against Street Hodlums.<\/em><\/p>\n<p><strong>Jag s\u00e5g f\u00f6rf\u00e4rliga scener.<\/strong> Unga, ensamst\u00e5ende, utfattiga mammor i slumomr\u00e5den med bebisar p\u00e5 armen och som undrade varf\u00f6r n\u00e5gon nyss beskjutit deras hus med automatvapen. Nerknarkade tretton\u00e5ringar och nyss ihj\u00e4lskjutna ton\u00e5ringar. Raskrig, g\u00e4ngkrig, knarkkrig, penningkrig. Tragedi.<\/p>\n<p><strong>Jag tog med mig de d\u00e4r tankarna<\/strong> n\u00e4r jag flyttade hem 1990. T\u00e4nkte att det snart skulle bli likadant i Sverige om politikerna inte tog krafttag n\u00e4r det g\u00e4llde planeringen f\u00f6r immigration, hoppl\u00f6sa f\u00f6rortsomr\u00e5den, alltmer v\u00e4xande klyftor och &#8211; kriminella g\u00e4ng.<\/p>\n<p><strong>Men politikerna, poliserna, samh\u00e4llet, vi &#8211; var f\u00f6r svenskt naiva.<\/strong><\/p>\n<p><em><strong>Det h\u00e4nder inte oss.<\/strong><\/em><\/p>\n<p><strong>Jo. Det g\u00f6r det.<\/strong><\/p>\n<p><strong>Redan 1993<\/strong> \u00f6versatte jag den danske Hells Angels-ledaren <em>J\u00f6rn &#8221;J\u00f6nke&#8221; Nielsen<\/em>s bok &#8221;Mitt Liv&#8221; fr\u00e5n danska till svenska. Boken var h\u00f6gaktuell sedan en svensk motorcykelklubb just hade upptagits som fullv\u00e4rdig medlem i v\u00e4rldsomsp\u00e4nnande Hell\u00b4s Angels.<\/p>\n<p><strong>Men Sk\u00e5nepolisen sov fridfullt<\/strong>, svenskt naiv, anade inte vad som komma skulle. Det har de i efterhand officiellt \u00e5ngrat, men d\u00e5 var det s\u00e5 dags. Hell\u00b4s Angels \u00e4r, liksom en rad kriminella motorcykelg\u00e4ng och andra mer eller mindre internationella organisationer, h\u00e4r f\u00f6r att stanna. F\u00f6r att ingen reagerade i tid.<\/p>\n<p><strong>Det mest skr\u00e4mmande<\/strong> \u00e4r att ingen reagerar nu heller.<\/p>\n<p><strong>Nyss hemkommen fr\u00e5n ett sp\u00e4nnande<\/strong> &#8211; och skr\u00e4mmande &#8211; bes\u00f6k hos de svenska representanterna vid Europols h\u00f6gkvarter i Haag, kan jag meddela att ingen b\u00e4ttring \u00e4r i sikte. Och eftersom de baltiska l\u00e4nderna \u00e4r n\u00e5gra av de f\u00e5 man numera kan n\u00e4mna utan att klassas som rasist kan jag ocks\u00e5 ber\u00e4tta att a) ja, hotet fr\u00e5n ryssen finns i h\u00f6gsta grad men ocks\u00e5 att b) ett av Europas tv\u00e5 Chicago heter Kaunas (i Litauen) och h\u00e4rifr\u00e5n leder de tv\u00e5 livsfarliga organiserade organisationerna Agurkas och\u00a0Kamuoliniai sina aktioner mot bland andra &#8211; Sverige. Och tro mig &#8211; alla tankar p\u00e5 en rehabiliterande kriminalv\u00e5rd \u00e4r i det h\u00e4r fallet <em>waste of time<\/em>.<\/p>\n<p><strong>Den svenska polisens<\/strong> mj\u00e4kiga rapport s\u00e4ger i princip s\u00e5 h\u00e4r:<\/p>\n<p><em><strong>Vi har tappat kontrollen. Det finns omr\u00e5den d\u00e4r vi inte t\u00f6rs k\u00f6ra in, med risk f\u00f6r att reta upp folk. M\u00e4nniskorna som bor d\u00e4r tror med all r\u00e4tt att de kriminella tagit kontrollen och d\u00e5 blir det v\u00e4ldigt besv\u00e4rligt f\u00f6r oss.<\/strong><\/em><\/p>\n<p><strong>Ja. Det blir det.<\/strong> Och \u00e4n mer besv\u00e4rligt blir det s\u00e5 l\u00e4nge varken politikerna, Justitieministern, Rikspolischefen eller de operativa cheferna t\u00f6rs se sanningen i vit\u00f6gat, sluta vara s\u00e5 f\u00f6rbannat politiskt korrekta och v\u00e5ga ta tag i saken. Sj\u00e4lva lider de ju inte, eftersom de bor l\u00e5ngt ifr\u00e5n de utsatta omr\u00e5dena. Men vad de missat, \u00e4r att de kriminella ligornas utflykter blir allt l\u00e4ngre och att varken politikernas eller polischefernas hus i de finare omr\u00e5dena kommer att vara fredade.<\/p>\n<p><strong>Konklusionen blir s\u00e5 h\u00e4r:<\/strong> De svenska poliserna vid Europol i Haag ser bekymrade p\u00e5 hur Sverige blir en alltmer intressant plats p\u00e5 den internationella brottskartan. De poliser som f\u00f6r skitl\u00f6ner sliter p\u00e5 svenska gator och i omr\u00e5den som f\u00f6rslummats f\u00f6r att de styrande inte t\u00f6rs ta i dem, ser utvecklingen timme f\u00f6r timme, dag f\u00f6r dag och f\u00e5r vid varje arbetspass riskera en gatsten i huvudet, v\u00e4l medveten om att deras chefer inte t\u00e4nker backa upp dem, f\u00f6r att det \u00e4r f\u00f6r politiskt k\u00e4nsligt.<\/p>\n<p><strong>Min privata slutsats:<\/strong> S\u00e5 l\u00e4nge svenska politiker tror att vi \u00e4r en fredad zon och inte tar av sig sovmaskerna, g\u00e5r det \u00e5t helvete.<\/p>\n<p><strong>Fort. <\/strong><\/p>\n<p><strong>Och jag \u00e4r fortfarande stum av beundran<\/strong> inf\u00f6r de svenska snutar som orkar jobba vidare utan st\u00f6d. Vare sig det sker p\u00e5 ett kontor i Haag eller p\u00e5 en skitig gata i en f\u00f6rort.<\/p>\n<p>&nbsp;<\/p>\n<p>Den svenska polisens rapport hittar du h\u00e4r:<\/p>\n<p>http:\/\/polisen.se\/Global\/www%20och%20Intrapolis\/Rapporter-utredningar\/01%20Polisen%20nationellt\/Ovriga%20rapporter-utredningar\/Kriminella%20natverk%20med%20stor%20paverkan%20i%20lokalsamhallet%20Sekretesspr%2014.pdf<\/p>\n<p>&nbsp;<\/p>\n<p>&nbsp;<\/p>\n<p>&nbsp;<\/p>\n<div id=\"wp_fb_like_button\" style=\"margin:5px 0;float:none;height:100px;\"><script src=\"http:\/\/connect.facebook.net\/en_US\/all.js#xfbml=1\"><\/script><fb:like href=\"https:\/\/www.ohrlund.se\/blogg\/nar-de-kriminella-dansar-over-samhallet\/\" send=\"true\" layout=\"standard\" width=\"450\" show_faces=\"true\" font=\"arial\" action=\"like\" colorscheme=\"light\"><\/fb:like><\/div>","protected":false},"excerpt":{"rendered":"<p>I en f\u00e4rsk rapport fr\u00e5n polisen meddelas att kriminella n\u00e4tverk har en &#8221;negativ p\u00e5verkan&#8221; i 55 utsatta problemomr\u00e5den i 22 svenska st\u00e4der, n\u00e4mligen Uppsala, Enk\u00f6ping, G\u00e4vle, K\u00f6ping, \u00d6rebro, Stockholm, S\u00f6dert\u00e4lje, Eskilstuna, Norrk\u00f6ping, Link\u00f6ping, Trollh\u00e4ttan, Bor\u00e5s, G\u00f6teborg, Falkenberg, Halmstad, Laholm, Landskrona, &hellip; <a href=\"https:\/\/www.ohrlund.se\/blogg\/nar-de-kriminella-dansar-over-samhallet\/\">Forts\u00e4tt l\u00e4sa <span class=\"meta-nav\">&rarr;<\/span><\/a><\/p>\n","protected":false},"author":2,"featured_media":0,"comment_status":"open","ping_status":"open","sticky":false,"template":"","format":"standard","meta":{"_jetpack_memberships_contains_paid_content":false,"footnotes":""},"categories":[1],"tags":[],"class_list":["post-2181","post","type-post","status-publish","format-standard","hentry","category-okategoriserade"],"jetpack_featured_media_url":"","jetpack_sharing_enabled":true,"post_mailing_queue_ids":[],"_links":{"self":[{"href":"https:\/\/www.ohrlund.se\/blogg\/wp-json\/wp\/v2\/posts\/2181","targetHints":{"allow":["GET"]}}],"collection":[{"href":"https:\/\/www.ohrlund.se\/blogg\/wp-json\/wp\/v2\/posts"}],"about":[{"href":"https:\/\/www.ohrlund.se\/blogg\/wp-json\/wp\/v2\/types\/post"}],"author":[{"embeddable":true,"href":"https:\/\/www.ohrlund.se\/blogg\/wp-json\/wp\/v2\/users\/2"}],"replies":[{"embeddable":true,"href":"https:\/\/www.ohrlund.se\/blogg\/wp-json\/wp\/v2\/comments?post=2181"}],"version-history":[{"count":3,"href":"https:\/\/www.ohrlund.se\/blogg\/wp-json\/wp\/v2\/posts\/2181\/revisions"}],"predecessor-version":[{"id":2184,"href":"https:\/\/www.ohrlund.se\/blogg\/wp-json\/wp\/v2\/posts\/2181\/revisions\/2184"}],"wp:attachment":[{"href":"https:\/\/www.ohrlund.se\/blogg\/wp-json\/wp\/v2\/media?parent=2181"}],"wp:term":[{"taxonomy":"category","embeddable":true,"href":"https:\/\/www.ohrlund.se\/blogg\/wp-json\/wp\/v2\/categories?post=2181"},{"taxonomy":"post_tag","embeddable":true,"href":"https:\/\/www.ohrlund.se\/blogg\/wp-json\/wp\/v2\/tags?post=2181"}],"curies":[{"name":"wp","href":"https:\/\/api.w.org\/{rel}","templated":true}]}}