{"id":2206,"date":"2014-11-29T22:48:21","date_gmt":"2014-11-29T20:48:21","guid":{"rendered":"http:\/\/www.ohrlund.se\/blogg\/?p=2206"},"modified":"2014-11-29T22:48:21","modified_gmt":"2014-11-29T20:48:21","slug":"lat-oss-prata-om-sheikh-ariful-alam","status":"publish","type":"post","link":"https:\/\/www.ohrlund.se\/blogg\/lat-oss-prata-om-sheikh-ariful-alam\/","title":{"rendered":"L\u00e5t oss prata om Sheikh Ariful Alam!"},"content":{"rendered":"<p><strong>V\u00e4nner! Det h\u00e4r \u00e4r<\/strong>, bortsett fr\u00e5n valr\u00f6relsen i \u00e5r och n\u00e5gra av de f\u00f6rv\u00e5nade kommentarerna efter valet, det i s\u00e4rklass mest idiotiska jag sett i \u00e5r:<\/p>\n<p><strong>Den korta versionen:<\/strong> Den ambiti\u00f6se 29-\u00e5rige Sheikh Ariful Alam fr\u00e5n Bangladesh, som har varit och jobbat i Sverige i fem \u00e5r, ska nu utvisas.<\/p>\n<p><strong>Anledningen: Han har haft tv\u00e5 jobb. Han har varit f\u00f6r duktig!<\/strong><\/p>\n<p><strong>Den l\u00e4ngre versionen:<\/strong><\/p>\n<p><strong>N\u00e4r Sheikh<\/strong> f\u00f6r fem \u00e5r sedan kom till Sverige var han inst\u00e4lld p\u00e5 tv\u00e5 saker:<\/p>\n<p><strong>Att skaffa sig ett b\u00e4ttre liv.\u00a0<\/strong><strong>Att anpassa sig till det nya landet.<\/strong><\/p>\n<p><strong>Han fick arbetstillst\u00e5nd<\/strong> och p\u00e5 gammaldags vis gick han runt och s\u00f6kte jobb.<\/p>\n<p><strong>Eva Bj\u00f6rklund Persson<\/strong> och hennes man, som driver en restaurang p\u00e5 Djurg\u00e5rden i Stockholm, tyckte omedelbart om Sheikh och anst\u00e4llde honom.<\/p>\n<p><strong>\u201dMan kan ju inte hj\u00e4lpa alla men man kan hj\u00e4lpa n\u00e5gon\u201d<\/strong>, s\u00e4ger Eva n\u00e4r jag ringer henne. <strong>\u201dOch vi f\u00f6ll omedelbart f\u00f6r Sheikhs personlighet.\u201d<\/strong><\/p>\n<p><a href=\"https:\/\/www.ohrlund.se\/blogg\/wp-content\/uploads\/2014\/11\/Sheikh-01.jpg\"><img loading=\"lazy\" decoding=\"async\" class=\"alignleft size-full wp-image-2208\" src=\"https:\/\/www.ohrlund.se\/blogg\/wp-content\/uploads\/2014\/11\/Sheikh-01.jpg\" alt=\"Sheikh 01\" width=\"720\" height=\"960\" srcset=\"https:\/\/www.ohrlund.se\/blogg\/wp-content\/uploads\/2014\/11\/Sheikh-01.jpg 720w, https:\/\/www.ohrlund.se\/blogg\/wp-content\/uploads\/2014\/11\/Sheikh-01-225x300.jpg 225w\" sizes=\"auto, (max-width: 720px) 100vw, 720px\" \/><\/a><\/p>\n<p><em>Eva och Sheikh<\/em><\/p>\n<p><strong>Eftersom Sheikh<\/strong> inte kunde ett enda ord svenska, fick han b\u00f6rja i disken p\u00e5 restaurangen. Och han visade att han ville l\u00e4ngre.<\/p>\n<p><strong>\u201dHan sa att han ville l\u00e4ra sig svenska s\u00e5 fort som m\u00f6jligt f\u00f6r att kunna f\u00e5 \u00e4ven andra arbetsuppgifter\u201d,<\/strong> s\u00e4ger Eva Bj\u00f6rklund Persson.<\/p>\n<p><strong>F\u00f6r tv\u00e5 \u00e5r sedan<\/strong> begick Sheikh det misstag vare sig han eller hans arbetsgivare f\u00f6rstod f\u00f6ljderna av \u2013 han b\u00f6rjade plugga svenska.<\/p>\n<p><strong>Eftersom undervisningen skedde p\u00e5 dagtid<\/strong> fick Sheikh g\u00e5 ner i arbetstid p\u00e5 restaurangen. Han visste att han enligt best\u00e4mmelserna var tvungen att tj\u00e4na 13000 kronor i m\u00e5naden och nu sj\u00f6nk inkomsten med 1\u00a0900 kronor. Allts\u00e5 s\u00f6kte Sheikh ett jobb p\u00e5 Posten d\u00e4r han under n\u00e4tter och morgnar kunde f\u00e5 sortera, och kompensera sitt inkomstbortfall.<\/p>\n<p><strong>Men d\u00e4rmed<\/strong> br\u00f6t han \u2013 utan att f\u00f6rst\u00e5 eller veta om det \u2013 mot svensk lag.<\/p>\n<p><strong>Den arbetsgivare<\/strong> som var <em>registrerad<\/em> hos Migrationsverket var Eva Bj\u00f6rklund Perssons restaurang.<\/p>\n<p><strong>Och det<\/strong> \u00e4r n\u00e4mligen \u2013 i Sheikhs situation \u2013 f\u00f6rbjudet att ha mer \u00e4n en arbetsgivare!<\/p>\n<p><strong>\u201dOm Sheikh hade struntat i att plugga svenska s\u00e5 hade han inte haft hotet om utvisning liggande \u00f6ver sig i dag\u201d<\/strong>, s\u00e4ger Eva. <strong>\u201dMen naturligtvis kunde han inte heller tillr\u00e4ckligt mycket svenska f\u00f6r att f\u00f6rst\u00e5 inneb\u00f6rden i alla de dokument myndigheterna gav honom.\u201d<\/strong><\/p>\n<p><strong>Tror fan det.<\/strong><\/p>\n<p><strong>Jag \u00e4r f\u00f6dd i Sverige,<\/strong> tycker att jag l\u00e4ser bra och uttrycker mig hyggligt i skrift. Men om jag inte hade f\u00e5tt hj\u00e4lp att tyda \u2013 och svara p\u00e5 \u2013 m\u00e5nga av de meddelanden jag under mitt liv och som f\u00f6retagare f\u00e5tt fr\u00e5n svenska myndigheter, hade jag f\u00f6rmodligen suttit i f\u00e4ngelse f\u00f6r l\u00e4nge sedan.<\/p>\n<p><strong>Det h\u00e4r \u00e4r allts\u00e5 tacken<\/strong> f\u00f6r en kille som kommit till Sverige, arbetat h\u00e5rt, aldrig tagit emot n\u00e5gra bidrag, inte velat ligga samh\u00e4llet till last utan klarat sig sj\u00e4lv.<\/p>\n<p><strong>Brottet: Han har jobbat f\u00f6r h\u00e5rt. F\u00f6r mycket.<\/strong><\/p>\n<p><strong>Kanske till skillnad fr\u00e5n v\u00e5ra styrande<\/strong> som alltf\u00f6r s\u00e4llan \u2013 om n\u00e5gonsin \u2013 l\u00e5tit huden rynkas i hett diskvatten.<\/p>\n<p><strong>P\u00e5 Migrationsverket,<\/strong> som beslutat att Sheikh nu ska utvisas eftersom han haft <em>tv\u00e5<\/em> arbetsgivare, menar man att lagen kommit till f\u00f6r att skydda invandrare som kommer hit och arbetar. De ska ha EN arbetsgivare och de ska ha en avtalsenlig l\u00f6n.<\/p>\n<p><strong>Det d\u00e4r med avtalsenlig l\u00f6n \u00e4r naturligtvis vettigt<\/strong>, men sedan? \u00c4r det staten som best\u00e4mmer hur m\u00e5nga man f\u00e5r arbeta f\u00f6r? Vad h\u00e4nder med svenskar som \u00e4r timanst\u00e4llda p\u00e5 olika st\u00e4llen? Hur \u00e4r det med egenf\u00f6retagare? Hur r\u00e4knas det om man k\u00f6r taxi d\u00e4r inkomsten \u00e4r provisionsbaserad och man har 30 kunder p\u00e5 ett pass?<\/p>\n<p><strong>Idioti.<\/strong><\/p>\n<p><strong>Det h\u00e4r \u00e4r naturligtvis inte Migrationsverkets fel.<\/strong> P\u00e5 verket sitter en handl\u00e4ggare f\u00f6r vilken Sheikh \u00e4r ett m\u00e5lnummer och inget annat. Handl\u00e4ggaren har att f\u00f6lja en lag som n\u00e5gra kn\u00f6lhuven i riksdag och regering funderat ut. Annars beg\u00e5r handl\u00e4ggaren tj\u00e4nstefel och f\u00e5r en Ebolaspruta eller blir avr\u00e4ttad p\u00e5 Rosenbads bakg\u00e5rd.<\/p>\n<p><strong>Nej<\/strong> \u2013 det h\u00e4r \u00e4r <em>politik<\/em>. Fint som fan, det.<\/p>\n<p><strong>Och ytterst ansvarig \u00e4r Justitie- och migrationsminister Morgan Johansson.<\/strong><\/p>\n<p><strong>\u201dJag har bett alla journalister som skrivit om det h\u00e4r att v\u00e4nda sig till Morgan Johansson ist\u00e4llet f\u00f6r till Migrationsverket f\u00f6r en kommentar, men det g\u00f6r de inte\u201d,<\/strong> s\u00e4ger Eva Bj\u00f6rklund Persson.<strong> \u201dJag har sj\u00e4lv bett om en kommentar och hans pressekreterare l\u00e5ter h\u00e4lsa att han inte kommenterar enskilda fall. Jag har d\u00e5 bett honom kommentera hur han ser p\u00e5 lagen och till\u00e4mpningen av den. Jag har f\u00e5tt l\u00f6fte om att jag ska f\u00e5 ett svar p\u00e5 det, men det har jag inte f\u00e5tt.\u201d<\/strong><\/p>\n<p><strong>Nej. Och det skulle f\u00f6rv\u00e5na mig<\/strong> om Eva f\u00e5r ett svar, ty det h\u00e4r \u00e4r naturligtvis en br\u00e4nnhet potatis st\u00e4lld i relation till den s\u00e5 kallade migrationspolitiken.<\/p>\n<p><strong>Fr\u00e5gan till Johansson<\/strong> \u00e4r inte heller den enda Eva inte f\u00e5tt svar p\u00e5.<\/p>\n<p><strong>\u201dEftersom man kommit fram till att Sheikh haft en f\u00f6r l\u00e5g inkomst fr\u00e5n oss retroaktivt, har jag fr\u00e5gat om vi som arbetsgivare kan f\u00e5 kompensera retroaktivt med de pengar som anses saknas, men inte heller det har jag f\u00e5tt svar p\u00e5\u201d,<\/strong> s\u00e4ger Eva Bj\u00f6rklund Persson.<\/p>\n<p><strong>Nej.<\/strong> Och sannolikt kommer hon inte att f\u00e5 svar.<\/p>\n<p><strong>F\u00f6r att staten best\u00e4mmer n\u00e5got retroaktivt<\/strong> \u00e4r naturligtvis inte detsamma som att det kan <em>kompenseras<\/em> retroaktivt. Hur skulle det se ut om staten accepterade att n\u00e5gon f\u00f6rs\u00f6ker r\u00e4tta till ett misstag?<\/p>\n<p><strong>Hela det h\u00e4r fallet kan kosta Sverige<\/strong> fan s\u00e5 mycket mer \u00e4n att Sheikh fick 1\u00a0900 kronor i m\u00e5naden f\u00f6r lite av Evas f\u00f6retag under en period. Det kan n\u00e4mligen ge mig vredesrelaterad hj\u00e4rtinfarkt och f\u00f6rutom sjukhuskostnader p\u00e5 600\u00a0000 kommer jag att kosta lika mycket till i utebliven arbetsinsats och skatt.<\/p>\n<p><strong>Men jag \u00e4r inte helt s\u00e4ker p\u00e5 att Morgan Johansson riktigt f\u00f6rst\u00e5r s\u00e5nt.<\/strong> L\u00e5t oss ta en titt p\u00e5 killen:<\/p>\n<p><a href=\"https:\/\/www.ohrlund.se\/blogg\/wp-content\/uploads\/2014\/11\/Morgan.jpg\"><img loading=\"lazy\" decoding=\"async\" class=\"alignleft size-full wp-image-2209\" src=\"https:\/\/www.ohrlund.se\/blogg\/wp-content\/uploads\/2014\/11\/Morgan.jpg\" alt=\"Morgan Johansson\" width=\"528\" height=\"361\" srcset=\"https:\/\/www.ohrlund.se\/blogg\/wp-content\/uploads\/2014\/11\/Morgan.jpg 528w, https:\/\/www.ohrlund.se\/blogg\/wp-content\/uploads\/2014\/11\/Morgan-300x205.jpg 300w, https:\/\/www.ohrlund.se\/blogg\/wp-content\/uploads\/2014\/11\/Morgan-438x300.jpg 438w\" sizes=\"auto, (max-width: 528px) 100vw, 528px\" \/><\/a><\/p>\n<p>&nbsp;<\/p>\n<p><em>Morgan &#8211; att lita p\u00e5?<\/em><\/p>\n<p><strong>Det cv jag hittar p\u00e5 regeringens hemsida skr\u00e4mmer skiten ut mig.<\/strong> Pojken, f\u00f6dd -70, har visserligen lyckats sl\u00e4pa sig igenom gymnasiet och p\u00e5 fyra \u00e5r lyckats ro hem en fil. Kand i statsvetenskap. Dessutom uppges det att han de facto haft ett riktigt jobb i sitt liv \u2013 tre \u00e5r som journalist p\u00e5 tidningen Arbetet.<\/p>\n<p><strong>D\u00e4refter har han vid 27 \u00e5rs \u00e5lder (!) blivit \u201dpolitiskt sakkunnig i Statsr\u00e5dsberedningen\u201d<\/strong> och d\u00e4refter k\u00f6rt det politiska broilerracet \u00e4nda upp i regeringen. Numera \u00e4r denne akademiske teoretiker ansvarig f\u00f6r <em>\u201dGrundlagar, domstolsv\u00e4sendet, straffr\u00e4tt, civilr\u00e4tt, processr\u00e4tt, brottsf\u00f6rebyggande fr\u00e5gor, kriminalv\u00e5rden, brottsofferfr\u00e5gor, migration.\u201d<\/em><\/p>\n<p><strong>Gud hj\u00e4lpe oss.<\/strong><\/p>\n<p><strong>Om han nu hade f\u00f6rst\u00e5tt<\/strong> de v\u00e4sentliga delarna av det han \u00e4r ansvarig f\u00f6r, hade Morgan s\u00e4kert ocks\u00e5 insett vikten av att se \u00f6ver en tokig lagstiftning och l\u00e5ta h\u00e5rt arbetande och v\u00e4lmenande m\u00e4nniskor som Sheikh stanna h\u00e4r.<\/p>\n<p><strong>Att den s\u00e5 kallade migrationspolitiken<\/strong> inte ens existerar \u00e4r m\u00e5nga av oss \u00f6verens om. Tragiken har eskalerat under den f\u00f6rra regeringen som under \u00e5tta \u00e5r lyckades sl\u00e5 rekord i att skyffla in stackars m\u00e4nniskor h\u00e4r f\u00f6r att l\u00e5ta dem bli sittandes i tr\u00e4baracker i \u00e5ratal, ovetande om sitt \u00f6de.<\/p>\n<p><strong>Tortyr,<\/strong> anser jag.<\/p>\n<p><strong>Men Reinfeldt kunde stolt axla Palmes arv<\/strong> och skrika ut \u00f6ver v\u00e4rlden hur \u00f6verl\u00e4gset duktigt lilla Sverige \u00e4r n\u00e4r det g\u00e4ller att ta emot flyktingar.<\/p>\n<p><strong>Vilket resten av v\u00e4rlden skiter i.<\/strong> Ty f\u00f6r resten av v\u00e4rlden \u00e4r Sverige ABBA, Bj\u00f6rn Borg, Ingemar Stenmark, Idol-Agnes, bara br\u00f6st, blondiner och isbj\u00f6rnar. Och klockor, f\u00f6rst\u00e5s.<\/p>\n<p><strong>Nu g\u00e4ller det f\u00f6r den nya regeringen<\/strong> att kl\u00e5 Reinfeldts \u201d\u00d6ppna era hj\u00e4rtan\u201d. Om anh\u00f6riginvandringen h\u00e5ller snittet fr\u00e5n de tidigare \u00e5tta \u00e5ren ska vi under fyra \u00e5r ta emot 600\u00a0000 m\u00e4nniskor (vilket motsvarar 40 nya genomsnittskommuner!) utan att ha bost\u00e4der, arbete, l\u00e4kare, bussar, sjukv\u00e5rd eller utbildning till dem \u2013 det verkar v\u00e4l humant och bra, eller hur?<\/p>\n<p><strong>Redan i dag debiterar Bert Karlsson Migrationsverket 860\u00a0000 kronor per dag<\/strong> och han har glatt meddelat att han kan \u00f6ppna massor av nya flyktingf\u00f6rl\u00e4ggningar i takt med att Morgan Johansson skyfflar in nya m\u00e4nniskor till barackf\u00f6rvaring under icke humanistiska, bitvis vidriga f\u00f6rh\u00e5llanden h\u00e4r (s\u00e5 vidriga att en del av flyktingarna b\u00f6rjat protestera och vill \u00e5terv\u00e4nda till sina heml\u00e4nder!).<\/p>\n<p><strong>Allt det d\u00e4r \u00e4r politiskt betydligt viktigare<\/strong> \u00e4n att m\u00e4nniskor som Sheikh Ariful Alam f\u00e5r en chans.<\/p>\n<p><strong>F\u00f6r Sheikh \u00e4r inget som en svensk regering kan visa v\u00e4rlden.\u00a0<\/strong>Inte bra nog.<\/p>\n<p>Det \u00e4r ju han sj\u00e4lv som gjort jobbet.<\/p>\n<p><strong>Med detta \u00f6nskar jag<\/strong> och hoppas att du som orkar l\u00e4sa \u00e4nda hit vill skriva p\u00e5 en petition (vilket jag aldrig tidigare bett om) om att Sheikh f\u00e5r stanna:<\/p>\n<p><a href=\"https:\/\/www.change.org\/p\/kammarr%C3%A4tten-i-stockholm-migrationsdomstolen-%C3%A4ndra-migrationsverkets-beslut-om-utvisning-av-sheikh-ariful-alam-medge-%C3%A4ven-muntlig-f%C3%B6rhandling-med-ombud?recruiter=188259066&amp;utm_source=share_petition&amp;utm_medium=facebook&amp;utm_campaign=share_facebook_responsive&amp;utm_term=mob-xs-no_src-custom_msg\">https:\/\/www.change.org\/p\/kammarr%C3%A4tten-i-stockholm-migrationsdomstolen-%C3%A4ndra-migrationsverkets-beslut-om-utvisning-av-sheikh-ariful-alam-medge-%C3%A4ven-muntlig-f%C3%B6rhandling-med-ombud?recruiter=188259066&amp;utm_source=share_petition&amp;utm_medium=facebook&amp;utm_campaign=share_facebook_responsive&amp;utm_term=mob-xs-no_src-custom_msg<\/a><\/p>\n<p><strong>Dessutom, dela g\u00e4rna p\u00e5 Facebook.<\/strong> Och \u2013 om du vill ha riktigt kul \u2013 skriv till Morgan Johansson och fr\u00e5ga \u00f6dmjukt hur i helvete han t\u00e4nker:<\/p>\n<p><a href=\"http:\/\/www.regeringen.se\/pub\/road\/Classic\/article\/117\/jsp\/Render.jsp?a=247140&amp;m=popup&amp;l=sv\">http:\/\/www.regeringen.se\/pub\/road\/Classic\/article\/117\/jsp\/Render.jsp?a=247140&amp;m=popup&amp;l=sv<\/a><\/p>\n<p><strong>Slutligen:<\/strong><\/p>\n<p><strong>Ni som \u00e5ter<\/strong> t\u00e4nker b\u00f6rja yla om rasism (r\u00e4tt tr\u00f6ttsamt vid det h\u00e4r laget), v\u00e4nligen sl\u00e5 upp ordet s\u00e5 att \u00e5tminstone en fraktion av er l\u00e5ngsamt b\u00f6rjar f\u00f6rst\u00e5 vad den<em> riktiga<\/em> inneb\u00f6rden av ordet \u00e4r. Okej? :o)<\/p>\n<p><strong>Och:<\/strong><\/p>\n<p><strong>Jag tycker att Morgan Johansson personligen ska verkst\u00e4lla utvisningen av Sheikh Ariful Alam.<\/strong><\/p>\n<p><strong>Med en enkel biljett i handen.<\/strong><\/p>\n<p><strong>Jag tror att Sheikh kan l\u00e4ra honom en del.<\/strong><\/p>\n<div id=\"wp_fb_like_button\" style=\"margin:5px 0;float:none;height:100px;\"><script src=\"http:\/\/connect.facebook.net\/en_US\/all.js#xfbml=1\"><\/script><fb:like href=\"https:\/\/www.ohrlund.se\/blogg\/lat-oss-prata-om-sheikh-ariful-alam\/\" send=\"true\" layout=\"standard\" width=\"450\" show_faces=\"true\" font=\"arial\" action=\"like\" colorscheme=\"light\"><\/fb:like><\/div>","protected":false},"excerpt":{"rendered":"<p>V\u00e4nner! Det h\u00e4r \u00e4r, bortsett fr\u00e5n valr\u00f6relsen i \u00e5r och n\u00e5gra av de f\u00f6rv\u00e5nade kommentarerna efter valet, det i s\u00e4rklass mest idiotiska jag sett i \u00e5r: Den korta versionen: Den ambiti\u00f6se 29-\u00e5rige Sheikh Ariful Alam fr\u00e5n Bangladesh, som har varit &hellip; <a href=\"https:\/\/www.ohrlund.se\/blogg\/lat-oss-prata-om-sheikh-ariful-alam\/\">Forts\u00e4tt l\u00e4sa <span class=\"meta-nav\">&rarr;<\/span><\/a><\/p>\n","protected":false},"author":2,"featured_media":0,"comment_status":"open","ping_status":"open","sticky":false,"template":"","format":"standard","meta":{"_jetpack_memberships_contains_paid_content":false,"footnotes":""},"categories":[1],"tags":[],"class_list":["post-2206","post","type-post","status-publish","format-standard","hentry","category-okategoriserade"],"jetpack_featured_media_url":"","jetpack_sharing_enabled":true,"post_mailing_queue_ids":[],"_links":{"self":[{"href":"https:\/\/www.ohrlund.se\/blogg\/wp-json\/wp\/v2\/posts\/2206","targetHints":{"allow":["GET"]}}],"collection":[{"href":"https:\/\/www.ohrlund.se\/blogg\/wp-json\/wp\/v2\/posts"}],"about":[{"href":"https:\/\/www.ohrlund.se\/blogg\/wp-json\/wp\/v2\/types\/post"}],"author":[{"embeddable":true,"href":"https:\/\/www.ohrlund.se\/blogg\/wp-json\/wp\/v2\/users\/2"}],"replies":[{"embeddable":true,"href":"https:\/\/www.ohrlund.se\/blogg\/wp-json\/wp\/v2\/comments?post=2206"}],"version-history":[{"count":3,"href":"https:\/\/www.ohrlund.se\/blogg\/wp-json\/wp\/v2\/posts\/2206\/revisions"}],"predecessor-version":[{"id":2211,"href":"https:\/\/www.ohrlund.se\/blogg\/wp-json\/wp\/v2\/posts\/2206\/revisions\/2211"}],"wp:attachment":[{"href":"https:\/\/www.ohrlund.se\/blogg\/wp-json\/wp\/v2\/media?parent=2206"}],"wp:term":[{"taxonomy":"category","embeddable":true,"href":"https:\/\/www.ohrlund.se\/blogg\/wp-json\/wp\/v2\/categories?post=2206"},{"taxonomy":"post_tag","embeddable":true,"href":"https:\/\/www.ohrlund.se\/blogg\/wp-json\/wp\/v2\/tags?post=2206"}],"curies":[{"name":"wp","href":"https:\/\/api.w.org\/{rel}","templated":true}]}}