{"id":2213,"date":"2014-12-06T03:11:56","date_gmt":"2014-12-06T01:11:56","guid":{"rendered":"http:\/\/www.ohrlund.se\/blogg\/?p=2213"},"modified":"2014-12-06T12:07:01","modified_gmt":"2014-12-06T10:07:01","slug":"vem-har-ansvaret-for-dem-som-fryser-ihjal-nu","status":"publish","type":"post","link":"https:\/\/www.ohrlund.se\/blogg\/vem-har-ansvaret-for-dem-som-fryser-ihjal-nu\/","title":{"rendered":"Vem har ansvaret f\u00f6r dem som fryser ihj\u00e4l nu?"},"content":{"rendered":"<p><strong>V\u00e4nner,<\/strong><\/p>\n<p><strong>Under den senaste veckan<\/strong>\u00a0s\u00e5g vi ordet &#8221;ansvar&#8221; misshandlas och v\u00e5ldtas dygn efter dygn, tills det smutsigt och bl\u00f6dande kravlade in p\u00e5 en polisstation och bad om att f\u00e5 g\u00f6ra en anm\u00e4lan. Skakande ber\u00e4ttade det s\u00e5 viktiga ordet att det i riksdags- och regeringshus kastats runt och slagits blodigt mellan v\u00e4ggarna, medan partiledare fr\u00e5n alla h\u00e5ll och kanter f\u00f6rgripit sig p\u00e5 det \u00e5 det v\u00e4rsta.<\/p>\n<p><strong>Den direkts\u00e4nda parodi<\/strong>\u00a0vi betraktade var helt i klass med den i h\u00f6stas ryggradsl\u00f6sa valr\u00f6relse som till sjuttio procent byggde p\u00e5 att kasta skit p\u00e5 SD, till tjugo procent av att de tv\u00e5 blocken hotade med att f\u00e4lla varandras potentiella statsministrar och till tio sorgligt desperata procent med att i sista sekund hitta p\u00e5 n\u00e5got som v\u00e4ljarna f\u00f6rhoppningsvis kunde tycka vara viktigt.<\/p>\n<p><strong>Det gick \u00e5t helvete.<\/strong><\/p>\n<p><strong>Och jag kan tala om varf\u00f6r.<\/strong><\/p>\n<p><strong>Vi v\u00e4ljare m\u00e5<\/strong>\u00a0av de styrande (som f\u00f6r \u00f6vrigt till skr\u00e4mmande stor del best\u00e5r av bl\u00f6t\u00f6ron och f\u00f6rvirrade m\u00e4nniskor som aldrig haft ett riktigt jobb) anses obildade och lata, men vi \u00e4r inte\u00a0<em>helt<\/em>\u00a0dumma i huvudet. Vi vill se klarsynta ledare som diskuterar och tar tag i de problem vi har och som i f\u00f6rsta hand k\u00e4mpar f\u00f6r ett b\u00e4ttre samh\u00e4lle ist\u00e4llet f\u00f6r egen makt. Framf\u00f6rallt vill vi se politiker som p\u00e5 gammeldags vis st\u00e5r f\u00f6r vad de s\u00e4ger, \u00e4ven n\u00e4r det bl\u00e5ser motvind. Men st\u00f6rre delen av dagens politiker \u00e4r lika p\u00e5litliga som v\u00e4derrapporter eller hallickar i Milano. De \u00e4r villiga att p\u00e5 tio minuter \u00e4ndra riktning, s\u00e4lja ut sin ideologi, sin tillh\u00f6righet och i v\u00e4rsta fall sin mamma och hennes katt, om det kan ge ytterligare n\u00e5gra \u00e5r vid makten. Branting, Hedlund, Str\u00e4ng, Werner och kanske till och med Palme skulle panikrotera i gravarna om de tvingades lyssna till hur m\u00e5nga l\u00f6gner som nu slungas ut per minut.<\/p>\n<p><strong>D\u00e4rf\u00f6r, mina v\u00e4nner,<\/strong>\u00a0kunde jag faktiskt inte h\u00e5lla tillbaka ett elakt leende n\u00e4r jag s\u00e5g att det blir extraval. Trots riskerna, trots kostnaderna, trots os\u00e4kerheten fram till dess. Det k\u00e4ndes som om en gammal skoll\u00e4rarinna knallade runt bland v\u00e5ra yrkespolitiker och sm\u00e4llde dem p\u00e5 fingrarna med st\u00e5llinjal f\u00f6r att de nu dummat sig en g\u00e5ng f\u00f6r mycket.<\/p>\n<p><strong>Men \u00e5ter till<\/strong>\u00a0det s\u00e5 viktiga ord som de, v\u00e5ra v\u00e4lbetalda folkvalda, missbrukade s\u00e5 f\u00f6rbannat under dagarna som gick.<\/p>\n<p><strong><em>Ansvar.<\/em><\/strong><\/p>\n<p><strong>Vad kontentan var<\/strong>, var l\u00e4tt att f\u00f6rst\u00e5. N\u00e5gon\u00a0<em>annan<\/em>\u00a0skulle ta ansvar. Det var\u00a0<em>n\u00e5gon annans<\/em>\u00a0ansvar att ta ansvar, oavsett vems ansvaret varit fr\u00e5n b\u00f6rjan.<\/p>\n<p><strong>Fega skitar.<\/strong><\/p>\n<p><strong>Nu vill jag, bara f\u00f6r en stund, tala om ett<\/strong><strong>\u00a0<\/strong><em><strong>riktigt<\/strong><\/em><strong>\u00a0<\/strong><strong>ansvar.\u00a0Ansvaret f\u00f6r dem som hungrar och fryser p\u00e5 gatorna.<\/strong><\/p>\n<p><strong>Det b\u00f6rjar, d\u00e4r jag bor,<\/strong>\u00a0bli riktigt kyligt ute p\u00e5 eftermiddagarna. Kv\u00e4llar och n\u00e4tter vill jag inte t\u00e4nka p\u00e5. Men s\u00e5 tillh\u00f6r jag ocks\u00e5 en av de priviligierade som slipper tigga och sova utomhus.<\/p>\n<p><strong>Redan f\u00f6r m\u00e5nga herrans \u00e5r sedan,<\/strong>\u00a0n\u00e4r jag var ute och gjorde socialrelaterade reportage, bed\u00f6mde man att det enbart i Stockholm fanns mellan 5 000 och 7 000 heml\u00f6sa. P\u00e5 den tiden fanns det ganska hyggligt om h\u00e4rb\u00e4rgen, socialen hade en hel del resurser och de flesta av dem som ville bort fr\u00e5n gatan, kunde f\u00e5 komma till n\u00e5got b\u00e4ttre. En del ans\u00e5gs som hoppl\u00f6sa fall &#8211; trots st\u00e4ndiga erbjudanden om hj\u00e4lp drog de sig ljusskyggt undan till en m\u00e4rklig v\u00e4rme och gemenskap med andra i en &#8211; bokstavligt talat &#8211; undre v\u00e4rld i tunnlar under huvudstaden. Men det k\u00e4ndes som om \u00e4ven de som inte ville hade f\u00e5tt en rimlig chans.<\/p>\n<p><strong>I dag ser det annorlunda ut.<\/strong>\u00a0F\u00f6rutom de alkoholister, knarkare och stackars f\u00f6rvirrade som kastats ut fr\u00e5n de nerlagda mentalsjukhusen (och vem fan kom p\u00e5 den ljusa id\u00e9n?) har vi f\u00e5tt s\u00e4llskap av tusentals och \u00e5ter tusentals tiggare fr\u00e5n andra l\u00e4nder i EU.<\/p>\n<p><strong>De sitter p\u00e5 gatan. De fryser och hungrar. M\u00e5nga av dem kommer att d\u00f6 i vinter.<\/strong><\/p>\n<p><strong>Vem b\u00e4r<\/strong><strong>\u00a0<\/strong><em><strong>ansvaret<\/strong><\/em><strong>\u00a0<\/strong><strong>nu?<\/strong><\/p>\n<p><strong>F\u00f6r mig<\/strong>\u00a0\u00e4r svaret oerh\u00f6rt enkelt:<\/p>\n<p><strong>Staten Sverige.<\/strong>\u00a0Myndigheterna. Socialen. Kalla det vad du vill.<\/p>\n<p><strong>Jag skulle<\/strong>\u00a0av en hel rad olika sk\u00e4l aldrig ge en tiggare i Sverige en krona. Mat &#8211; ja. Hj\u00e4lp &#8211; ja. Pengar &#8211; nej. Tills allt \u00e4r utrett och avklarat vill jag veta att mina pengar<em>\u00a0<\/em><em>inte<\/em>\u00a0g\u00e5r till baltiska gangstersvin som med svenska statens goda minne (!) \u00e4gnar sig \u00e5t trafficking eller \u00e5t sm\u00e5 f\u00f6rortsgangsters som blandar sig i huggsexan och hyr ut skattebetalarnas gatumark till fattiga romer genom hot och utpressning.<\/p>\n<p><strong>Det h\u00e4r<\/strong>\u00a0ska staten ta hand om. Nu.<\/p>\n<p><strong>Och sk\u00e4mmas f\u00f6r<\/strong>\u00a0att det inte gjorts f\u00f6r l\u00e4nge sedan.<\/p>\n<p><strong>Bakgrunden<\/strong>\u00a0\u00e4r delvis enkel:<\/p>\n<p><strong>I andra l\u00e4nder<\/strong>\u00a0har man system som bygger p\u00e5 att man betalar en l\u00e5g skatt mot att staten tar ett l\u00e5gt ansvar och individen ett st\u00f6rre.<\/p>\n<p><strong>I Sverige har vi sedan l\u00e5ng tid<\/strong>\u00a0haft ett system som bygger p\u00e5 att vi betalar en av de h\u00f6gsta skatterna i v\u00e4rlden, totalt sett, mot att staten tar ansvar f\u00f6r en hel massa saker &#8211; bland annat den sociala v\u00e4lf\u00e4rden.<\/p>\n<p><strong>Ergo: Jag har redan betalt.<\/strong>\u00a0F\u00f6r l\u00e4nge sedan och m\u00e5nga g\u00e5nger om. S\u00e5 ta hand om de h\u00e4r m\u00e4nniskorna nu, staten. Ge dem mat, husrum och \u00e5tminstone n\u00e5gon form av v\u00e4rdighet &#8211;\u00a0<em>innan<\/em>\u00a0de fryser ihj\u00e4l, ok?<\/p>\n<p><strong>Ja, ja, jag vet.<\/strong>\u00a0Diskussionen \u00e4r inte s\u00e5 enkel. Den handlar ocks\u00e5 om EU-medborgares m\u00f6jligheter att vandra fritt, och allt det d\u00e4r. Men det \u00e4r\u00a0<em>fortfarande<\/em>\u00a0inte mitt problem (jag tillh\u00f6r f\u00f6r \u00f6vrigt dem som av m\u00e5nga sk\u00e4l var EU-motst\u00e5ndare fr\u00e5n dag ett och fortfarande \u00e4r det) &#8211; det \u00e4r statens. Vi har g\u00e5tt med i EU-klubben och f\u00e5r nu vackert f\u00f6lja de regler som g\u00e4ller.<\/p>\n<p><strong>Bland annat<\/strong>\u00a0att ta hand om tiggare och heml\u00f6sa fr\u00e5n andra l\u00e4nder.<\/p>\n<p><strong>Situationen med att m\u00e4nniskor<\/strong>\u00a0&#8211; \u00e4ldre, sjuka och f\u00f6r\u00e4ldrar till beh\u00f6vande barn l\u00e5ngt borta &#8211; ligger insvepta i gamla t\u00e4cken p\u00e5 v\u00e5ra trottoarer \u00e4r ohyggligt f\u00f6rnedrande. F\u00f6r dem som individer. F\u00f6r oss, som alltid gapar ut \u00f6ver v\u00e4rlden om vilket f\u00f6rbannat bra samh\u00e4lle vi \u00e4r.<\/p>\n<p><strong>Medan de ligger d\u00e4r,<\/strong>\u00a0hungriga och frusna, fnattar m\u00e4nniskor med m\u00e5nadsl\u00f6ner p\u00e5 60 000 &#8211; 120 000 kronor runt i riksdagshuset, g\u00f6r grimaser och br\u00e5kar som sm\u00e5ungar om vem som ska ta ansvar.<\/p>\n<p><strong>Sk\u00e4ms p\u00e5 er, f\u00f6r helvete!<\/strong>\u00a0Allihop. Kavla upp \u00e4rmarna och b\u00f6rja jobba f\u00f6r l\u00f6nen! Tills ni har lekt f\u00e4rdigt om hur ni ska uppf\u00f6ra er i riksdagen f\u00f6r att f\u00e5 politiken att fungera, kan ni ju b\u00f6rja med att st\u00e4da upp i det sociala tr\u00e4sk som kommer att kosta s\u00e5 m\u00e5nga livet s\u00e5 snart.<\/p>\n<p><strong>Vi svenskar \u00e4r verkligen bra p\u00e5 att hj\u00e4lpa.<\/strong>\u00a0S\u00e5 fort det \u00e4r en tv-insamling till f\u00f6rm\u00e5n f\u00f6r sjukdomsforskning eller f\u00f6r offer i ett drabbat land, lyckas v\u00e5rt lilla land p\u00e5 en kv\u00e4ll f\u00e5 ihop miljoner som skickas till hj\u00e4lp.<\/p>\n<p><strong>Det \u00e4r bra!<\/strong>\u00a0Men det \u00e4r fortfarande &#8211;\u00a0<em>egentligen<\/em>\u00a0&#8211; statens ansvar. Den stat som inte ens vill ansl\u00e5 tillr\u00e4ckligt till cancerforskningen. Den stat som skiter i att enbart sj\u00e4lvmorden kostar oss 70 miljoner kronor &#8211; om dagen.<\/p>\n<p><strong>Som privatperson<\/strong>\u00a0har jag under decennier st\u00f6tt olika hj\u00e4lporganisationer som jag trott p\u00e5. I vissa fall har jag f\u00e5tt revidera mina uppfattningar och skamset insett att jag hj\u00e4lpt till att betala\u00a0<em>hycklaren Bengt Westerbergs<\/em>\u00a0R\u00f6da Korset-l\u00f6n p\u00e5 68 500 i m\u00e5naden samtidigt som han haft extrakn\u00e4ck f\u00f6r &#8211;\u00a0<em>en miljon!<\/em>\u00a0Jag har trott p\u00e5 &#8211; och st\u00f6ttat &#8211; Greenpeace, L\u00e4kare utan Gr\u00e4nser, Fr\u00e4lsningsarm\u00e9n och Stadsmissionen. Som f\u00f6rfattare har jag arrangerat och deltagit i v\u00e4lg\u00f6renhetsarrangemang som gynnat\u00a0<em>Barncancerfonden, Situation Stockholm<\/em>\u00a0och\u00a0<em>offren p\u00e5 Filippinerna<\/em>.<\/p>\n<p><strong>Det k\u00e4nns bra<\/strong>, men det \u00e4r val jag gjort av egen fri vilja. Och jag kommer att forts\u00e4tta, efter lust och f\u00f6rm\u00e5ga.<\/p>\n<p><strong>Men det jag pratar om h\u00e4r<\/strong>\u00a0ska tammejfan inte vara beroende av enskilda medborgares d\u00e5liga samvete. Vi har nu sett de filtinlindande, frysande, hungrande tiggarna l\u00e4nge nog p\u00e5 v\u00e5ra gator.<\/p>\n<p><strong>Medan v\u00e5ra styrande glatt l\u00e5ter Bert Karlsson fakturera Migrationsverket 829 000 kronor om dagen (!)<\/strong>\u00a0f\u00f6r flyktingf\u00f6rl\u00e4ggningar (ocks\u00e5 en fr\u00e5ga som jag vill diskutera mycket, mycket mer), vill varken L\u00f6fven, Batra eller n\u00e5gon av de andra i riksdagshuset diskutera skammen p\u00e5 v\u00e5ra gator eller f\u00f6rnedringen f\u00f6r dem som ligger d\u00e4r.<\/p>\n<p><strong>Det \u00e4r vi som r\u00f6star<\/strong>\u00a0p\u00e5 de h\u00e4r politikerna, medan de hoppar runt och leker sandl\u00e5da.<\/p>\n<p><strong>Sanningen \u00e4r<\/strong>\u00a0att vi har exakt de politiker vi r\u00f6star fram och f\u00f6rtj\u00e4nar (ja, \u00e4ven Sverigedemokraterna!).<\/p>\n<p><strong>Och att vi f\u00f6rmodligen<\/strong>\u00a0just nu borde h\u00e5lla en enorm sk\u00e4mskudde framf\u00f6r ansiktet ist\u00e4llet f\u00f6r att krystat vr\u00e5la ut \u00f6ver v\u00e4rlden hur j\u00e4vla duktiga vi \u00e4r.<\/p>\n<p><strong>Det blir ett nytt val i mars 2015.<\/strong>\u00a0Lite nya ansikten, nya politiker, nya partier med vilja, hade inte skadat.<\/p>\n<p><strong>Men s\u00e5<\/strong>\u00a0kommer det f\u00f6rst\u00e5s inte att bli.<\/p>\n<p><strong>S\u00e5 &#8211; ge du tiggaren en slant i morgon.<\/strong>\u00a0F\u00f6r den du r\u00f6stade p\u00e5 kommer sannolikt inte att ta sitt ansvar.<\/p>\n<p><strong>L\u00f6nen, f\u00f6rm\u00e5nerna, makten \u00e4r ju redan s\u00e4krade. Heja Sverige, 2014! Titta v\u00e4rlden, vad duktiga vi \u00e4r!<\/strong><\/p>\n<p>&nbsp;<\/p>\n<p>&nbsp;<\/p>\n<p>&nbsp;<\/p>\n<p>&nbsp;<\/p>\n<div id=\"wp_fb_like_button\" style=\"margin:5px 0;float:none;height:100px;\"><script src=\"http:\/\/connect.facebook.net\/en_US\/all.js#xfbml=1\"><\/script><fb:like href=\"https:\/\/www.ohrlund.se\/blogg\/vem-har-ansvaret-for-dem-som-fryser-ihjal-nu\/\" send=\"true\" layout=\"standard\" width=\"450\" show_faces=\"true\" font=\"arial\" action=\"like\" colorscheme=\"light\"><\/fb:like><\/div>","protected":false},"excerpt":{"rendered":"<p>V\u00e4nner, Under den senaste veckan\u00a0s\u00e5g vi ordet &#8221;ansvar&#8221; misshandlas och v\u00e5ldtas dygn efter dygn, tills det smutsigt och bl\u00f6dande kravlade in p\u00e5 en polisstation och bad om att f\u00e5 g\u00f6ra en anm\u00e4lan. Skakande ber\u00e4ttade det s\u00e5 viktiga ordet att det &hellip; <a href=\"https:\/\/www.ohrlund.se\/blogg\/vem-har-ansvaret-for-dem-som-fryser-ihjal-nu\/\">Forts\u00e4tt l\u00e4sa <span class=\"meta-nav\">&rarr;<\/span><\/a><\/p>\n","protected":false},"author":2,"featured_media":0,"comment_status":"open","ping_status":"open","sticky":false,"template":"","format":"standard","meta":{"_jetpack_memberships_contains_paid_content":false,"footnotes":""},"categories":[1],"tags":[],"class_list":["post-2213","post","type-post","status-publish","format-standard","hentry","category-okategoriserade"],"jetpack_featured_media_url":"","jetpack_sharing_enabled":true,"post_mailing_queue_ids":[],"_links":{"self":[{"href":"https:\/\/www.ohrlund.se\/blogg\/wp-json\/wp\/v2\/posts\/2213","targetHints":{"allow":["GET"]}}],"collection":[{"href":"https:\/\/www.ohrlund.se\/blogg\/wp-json\/wp\/v2\/posts"}],"about":[{"href":"https:\/\/www.ohrlund.se\/blogg\/wp-json\/wp\/v2\/types\/post"}],"author":[{"embeddable":true,"href":"https:\/\/www.ohrlund.se\/blogg\/wp-json\/wp\/v2\/users\/2"}],"replies":[{"embeddable":true,"href":"https:\/\/www.ohrlund.se\/blogg\/wp-json\/wp\/v2\/comments?post=2213"}],"version-history":[{"count":3,"href":"https:\/\/www.ohrlund.se\/blogg\/wp-json\/wp\/v2\/posts\/2213\/revisions"}],"predecessor-version":[{"id":2216,"href":"https:\/\/www.ohrlund.se\/blogg\/wp-json\/wp\/v2\/posts\/2213\/revisions\/2216"}],"wp:attachment":[{"href":"https:\/\/www.ohrlund.se\/blogg\/wp-json\/wp\/v2\/media?parent=2213"}],"wp:term":[{"taxonomy":"category","embeddable":true,"href":"https:\/\/www.ohrlund.se\/blogg\/wp-json\/wp\/v2\/categories?post=2213"},{"taxonomy":"post_tag","embeddable":true,"href":"https:\/\/www.ohrlund.se\/blogg\/wp-json\/wp\/v2\/tags?post=2213"}],"curies":[{"name":"wp","href":"https:\/\/api.w.org\/{rel}","templated":true}]}}