{"id":2226,"date":"2014-12-22T00:45:19","date_gmt":"2014-12-21T22:45:19","guid":{"rendered":"http:\/\/www.ohrlund.se\/blogg\/?p=2226"},"modified":"2014-12-22T00:45:19","modified_gmt":"2014-12-21T22:45:19","slug":"varken-lofven-eller-reinfeldt-fryser","status":"publish","type":"post","link":"https:\/\/www.ohrlund.se\/blogg\/varken-lofven-eller-reinfeldt-fryser\/","title":{"rendered":"Varken L\u00f6fven eller Reinfeldt fryser &#8230;"},"content":{"rendered":"<p><strong>&#8230; nu n\u00e4r julen kommer.<\/strong> Men sittandes framf\u00f6r granar eller vad det nu \u00e4r, b\u00e4r de enligt min uppfattning ett gemensamt ansvar f\u00f6r dem som ligger p\u00e5 gatorna, fryser, blir sjuka och &#8211; i v\u00e4rsta fall &#8211; d\u00f6r.<\/p>\n<p><strong>Det handlar om en stor grupp m\u00e4nniskor.<\/strong> Inte bara de romska tiggarna utan ocks\u00e5 de som fanns h\u00e4r innan och &#8211; av olika anledningar &#8211; var utan hem.<\/p>\n<p><strong>Jag har<\/strong> skrivit om det h\u00e4r tidigare och min uppfattning st\u00e5r fast:<\/p>\n<p><strong>Tiggarna ska bort fr\u00e5n gatorna.<\/strong> Till en v\u00e4rdig tillvaro. Nu!<\/p>\n<p><strong>Och just nu<\/strong> \u00e4r det statsminister L\u00f6fvens ansvar att se till att m\u00e4nniskor inte d\u00f6r p\u00e5 v\u00e5ra gator i vinter. Reinfeldt g\u00e5r p\u00e5 intet s\u00e4tt fri fr\u00e5n ansvar. De romska tiggarna kom hit under hans mandatperiod och han borde gjort n\u00e5got \u00e5t det redan d\u00e5.<\/p>\n<p><strong>Nu g\u00f6r Rum\u00e4niens ambassad\u00f6r ett utspel.<\/strong> Hon menar att l\u00e4get inte \u00e4r s\u00e5 illa som vi tycker och att vi borde f\u00f6rst\u00e5 hur mycket Rum\u00e4nien gjort f\u00f6r sina romer. Om jag f\u00e5r tro henne s\u00e5 \u00e4r alla som s\u00f6ker sig bort d\u00e4rifr\u00e5n mindre vetande, eftersom det kunde varit s\u00e5 bra d\u00e4r de var:<\/p>\n<p><strong>http:\/\/www.svt.se\/nyheter\/regionalt\/vastnytt\/rumaniens-ambassador-uppmuntra-inte-tiggeriet<\/strong><\/p>\n<p><strong>M\u00e4rkligt.<\/strong><\/p>\n<p><strong>Kring tiggarna frodas<\/strong> det massor av information, desinformation, sanningar och rykten. Det pratas om att de r\u00e5nas av organiserade svenska och baltiska ligor som tar grovt betalt f\u00f6r en kvadratmeter tiggarasfalt. Det pratas om att tiggarna sj\u00e4lva utg\u00f6r organiserade kriminella ligor. Det fr\u00e5gas hur tiggarna hade r\u00e5d att ta sig fr\u00e5n Rum\u00e4nien till Sverige.<\/p>\n<p><strong>Jag k\u00e4nner ingen som vet sanningen.<\/strong> Finns det bara en sanning, eller &#8211; som oftast &#8211; flera?<\/p>\n<p><strong>Just nu \u00e4r det f\u00f6r mig ov\u00e4sentligt.<\/strong> Det v\u00e4sentliga \u00e4r att tiggarna ska bort fr\u00e5n gatorna. Och att det just nu \u00e4r L\u00f6fvens ansvar.<\/p>\n<p><strong>S\u00e5 h\u00e4r skrev jag i ett tidigare blogginl\u00e4gg:<\/strong><\/p>\n<p>&#8221;<strong>Jag skulle<\/strong>\u00a0av en hel rad olika sk\u00e4l aldrig ge en tiggare i Sverige en krona. Mat \u2013 ja. Hj\u00e4lp \u2013 ja. Pengar \u2013 nej. Tills allt \u00e4r utrett och avklarat vill jag veta att mina pengar<em>\u00a0<\/em><em>inte<\/em>\u00a0g\u00e5r till baltiska gangstersvin som med svenska statens goda minne (!) \u00e4gnar sig \u00e5t trafficking eller \u00e5t sm\u00e5 f\u00f6rortsgangsters som blandar sig i huggsexan och hyr ut skattebetalarnas gatumark till fattiga romer genom hot och utpressning.\u00a0<strong>Det h\u00e4r<\/strong>\u00a0ska staten ta hand om. Nu.\u00a0<strong>Och sk\u00e4mmas f\u00f6r<\/strong>\u00a0att det inte gjorts f\u00f6r l\u00e4nge sedan.<\/p>\n<p><strong>Bakgrunden<\/strong>\u00a0\u00e4r delvis enkel:<\/p>\n<p><strong>I andra l\u00e4nder<\/strong>\u00a0har man system som bygger p\u00e5 att man betalar en l\u00e5g skatt mot att staten tar ett l\u00e5gt ansvar och individen ett st\u00f6rre.\u00a0<strong>I Sverige har vi sedan l\u00e5ng tid<\/strong>\u00a0haft ett system som bygger p\u00e5 att vi betalar en av de h\u00f6gsta skatterna i v\u00e4rlden, totalt sett, mot att staten tar ansvar f\u00f6r en hel massa saker \u2013 bland annat den sociala v\u00e4lf\u00e4rden.<\/p>\n<p><strong>Ergo: Jag har redan betalt.<\/strong>\u00a0F\u00f6r l\u00e4nge sedan och m\u00e5nga g\u00e5nger om. S\u00e5 ta hand om de h\u00e4r m\u00e4nniskorna nu, staten. Ge dem mat, husrum och \u00e5tminstone n\u00e5gon form av v\u00e4rdighet \u2013\u00a0<em>innan<\/em>\u00a0de fryser ihj\u00e4l, ok?<\/p>\n<p><strong>Situationen med att m\u00e4nniskor<\/strong>\u00a0\u2013 \u00e4ldre, sjuka och f\u00f6r\u00e4ldrar till beh\u00f6vande barn l\u00e5ngt borta \u2013 ligger insvepta i gamla t\u00e4cken p\u00e5 v\u00e5ra trottoarer \u00e4r ohyggligt f\u00f6rnedrande. F\u00f6r dem som individer. F\u00f6r oss, som alltid gapar ut \u00f6ver v\u00e4rlden om vilket f\u00f6rbannat bra samh\u00e4lle vi \u00e4r.&#8221;<\/p>\n<p><strong>Jag st\u00e5r fast<\/strong> vid allt det d\u00e4r.<\/p>\n<p><strong>Medan Reinfeldt nu tar tidig pension<\/strong> och hyllas f\u00f6r att han inte lyfter det maximala bidrag han kunde tagit ut och medan L\u00f6fven samtidigt sitter hemma med block och penna f\u00f6r att skriva ner ytterligare attacker mot sina politiska motst\u00e5ndare, fryser m\u00e4nniskor p\u00e5 v\u00e5ra gator. Och blir sjuka.<\/p>\n<p><strong>Och d\u00f6r.<\/strong><\/p>\n<p><a href=\"https:\/\/www.ohrlund.se\/blogg\/wp-content\/uploads\/2014\/12\/lofven.jpg\"><img loading=\"lazy\" decoding=\"async\" class=\"alignleft  wp-image-2227\" src=\"https:\/\/www.ohrlund.se\/blogg\/wp-content\/uploads\/2014\/12\/lofven.jpg\" alt=\"lofven\" width=\"278\" height=\"195\" \/><\/a><\/p>\n<p><a href=\"https:\/\/www.ohrlund.se\/blogg\/wp-content\/uploads\/2014\/08\/reinfeldt-foto-Martina-Huber.jpg\"><img loading=\"lazy\" decoding=\"async\" class=\"alignleft  wp-image-2090\" src=\"https:\/\/www.ohrlund.se\/blogg\/wp-content\/uploads\/2014\/08\/reinfeldt-foto-Martina-Huber-682x1024.jpg\" alt=\"Fredrik Reinfeldt\" width=\"145\" height=\"214\" \/><\/a><\/p>\n<p>&nbsp;<\/p>\n<p>&nbsp;<\/p>\n<p>&nbsp;<\/p>\n<p>&nbsp;<\/p>\n<p>&nbsp;<\/p>\n<p><strong>Det k\u00e4nns sk\u00f6nt att<\/strong> jag inte r\u00f6stade p\u00e5 n\u00e5gon av de d\u00e4r tv\u00e5. Och mitt politikerf\u00f6rakt blir inte mindre i takt med att temperaturen sjunker.<\/p>\n<p><strong>Sverige, i december 2014:<\/strong> Vi gapar och skriker fortfarande ut \u00f6ver v\u00e4rlden att vi \u00e4r det b\u00e4sta landet. <em><strong>Vi &#8211; humanisterna! Vi &#8211; de som tar emot flest flyktingar! Vi &#8211; som bryr oss!<\/strong><\/em><\/p>\n<p><strong>Och medan f\u00f6rvirrade flyktingar<\/strong> sitter inl\u00e5sta i tr\u00e4baracker i \u00e5ratal utan att f\u00e5 besked om sin framtid, fryser m\u00e4nniskor och d\u00f6r p\u00e5 v\u00e5ra gator.<\/p>\n<p><strong>Hur vore det<\/strong> om vi skulle se till att k\u00e4ften blev lite mindre och de hj\u00e4lpande h\u00e4nderna st\u00f6rre? P\u00e5 riktigt.<\/p>\n<p><strong>Vakna, L\u00f6fven.<\/strong> Du imponerar inte.<\/p>\n<p><strong>Och Reinfeldt<\/strong> &#8211; det d\u00e4r snacket om att \u00f6ppna hj\u00e4rtan, det g\u00e4ller allts\u00e5 inte vid din gran?<\/p>\n<p><strong>Ha en taskig jul, b\u00e5da tv\u00e5.<\/strong><\/p>\n<p>&nbsp;<\/p>\n<div id=\"wp_fb_like_button\" style=\"margin:5px 0;float:none;height:100px;\"><script src=\"http:\/\/connect.facebook.net\/en_US\/all.js#xfbml=1\"><\/script><fb:like href=\"https:\/\/www.ohrlund.se\/blogg\/varken-lofven-eller-reinfeldt-fryser\/\" send=\"true\" layout=\"standard\" width=\"450\" show_faces=\"true\" font=\"arial\" action=\"like\" colorscheme=\"light\"><\/fb:like><\/div>","protected":false},"excerpt":{"rendered":"<p>&#8230; nu n\u00e4r julen kommer. Men sittandes framf\u00f6r granar eller vad det nu \u00e4r, b\u00e4r de enligt min uppfattning ett gemensamt ansvar f\u00f6r dem som ligger p\u00e5 gatorna, fryser, blir sjuka och &#8211; i v\u00e4rsta fall &#8211; d\u00f6r. Det handlar &hellip; <a href=\"https:\/\/www.ohrlund.se\/blogg\/varken-lofven-eller-reinfeldt-fryser\/\">Forts\u00e4tt l\u00e4sa <span class=\"meta-nav\">&rarr;<\/span><\/a><\/p>\n","protected":false},"author":2,"featured_media":0,"comment_status":"open","ping_status":"open","sticky":false,"template":"","format":"standard","meta":{"_jetpack_memberships_contains_paid_content":false,"footnotes":""},"categories":[1],"tags":[],"class_list":["post-2226","post","type-post","status-publish","format-standard","hentry","category-okategoriserade"],"jetpack_featured_media_url":"","jetpack_sharing_enabled":true,"post_mailing_queue_ids":[],"_links":{"self":[{"href":"https:\/\/www.ohrlund.se\/blogg\/wp-json\/wp\/v2\/posts\/2226","targetHints":{"allow":["GET"]}}],"collection":[{"href":"https:\/\/www.ohrlund.se\/blogg\/wp-json\/wp\/v2\/posts"}],"about":[{"href":"https:\/\/www.ohrlund.se\/blogg\/wp-json\/wp\/v2\/types\/post"}],"author":[{"embeddable":true,"href":"https:\/\/www.ohrlund.se\/blogg\/wp-json\/wp\/v2\/users\/2"}],"replies":[{"embeddable":true,"href":"https:\/\/www.ohrlund.se\/blogg\/wp-json\/wp\/v2\/comments?post=2226"}],"version-history":[{"count":2,"href":"https:\/\/www.ohrlund.se\/blogg\/wp-json\/wp\/v2\/posts\/2226\/revisions"}],"predecessor-version":[{"id":2229,"href":"https:\/\/www.ohrlund.se\/blogg\/wp-json\/wp\/v2\/posts\/2226\/revisions\/2229"}],"wp:attachment":[{"href":"https:\/\/www.ohrlund.se\/blogg\/wp-json\/wp\/v2\/media?parent=2226"}],"wp:term":[{"taxonomy":"category","embeddable":true,"href":"https:\/\/www.ohrlund.se\/blogg\/wp-json\/wp\/v2\/categories?post=2226"},{"taxonomy":"post_tag","embeddable":true,"href":"https:\/\/www.ohrlund.se\/blogg\/wp-json\/wp\/v2\/tags?post=2226"}],"curies":[{"name":"wp","href":"https:\/\/api.w.org\/{rel}","templated":true}]}}