{"id":2230,"date":"2014-12-22T01:25:53","date_gmt":"2014-12-21T23:25:53","guid":{"rendered":"http:\/\/www.ohrlund.se\/blogg\/?p=2230"},"modified":"2014-12-22T01:25:53","modified_gmt":"2014-12-21T23:25:53","slug":"flickor-konsstympas-i-sverige-var-finns-ni-nu-feminister","status":"publish","type":"post","link":"https:\/\/www.ohrlund.se\/blogg\/flickor-konsstympas-i-sverige-var-finns-ni-nu-feminister\/","title":{"rendered":"Flickor k\u00f6nsstympas i Sverige &#8211; var finns ni nu, feminister?"},"content":{"rendered":"<p><strong>Jag har skrivit om k\u00f6nsstympning f\u00f6rr\u00a0<\/strong>(inte minst i romanen\u00a0<em>Jordens V\u00e4ktare)<\/em>, men jag hade hoppats att den h\u00e4r dagen inte skulle komma:<\/p>\n<p><strong>http:\/\/www.allehanda.se\/angermanland\/harnosand\/utreder-planerad-konsstympning-i-harnosand<\/strong><\/p>\n<p><strong>Nu spelar det inte s\u00e5 stor roll<\/strong> om staden heter H\u00e4rn\u00f6sand eller n\u00e5got annat. Jag tycker att vi borde komma \u00f6verens om ett par saker:<\/p>\n<p><strong>K\u00f6nsstympning \u00e4r n\u00e5got av det vidrigaste, mest f\u00f6rtryckande och f\u00f6rnedrande som existerar. I det h\u00e4r landet till\u00e5ter vi inte stympning av vare sig barn eller vuxna. Den politiska korrekthet som jag avskyr \u00e4r i det h\u00e4r fallet mer oviktig \u00e4n n\u00e5gonsin.<\/strong><\/p>\n<p><strong>H\u00e4r handlar det inte<\/strong> om att respektera &#8221;kulturut\u00f6vande&#8221;, religion, &#8221;traditioner&#8221; eller hedra dumheter fr\u00e5n en annan tid. Det handlar om att markera att vi i Sverige inte tolererar \u00f6vergrepp, allra minst stympningar av m\u00e4nniskor.<\/p>\n<p><strong>Jag ser nyheterna och h\u00f6r tystnaden.<\/strong> Var \u00e4r du, Gudrun? Var finns FI? Var \u00e4r det Moderata kvinnof\u00f6rbundet? Sossekvinnorna? Var finns alla som i vanliga fall gapar och skriker om kvinnors r\u00e4tt och j\u00e4mst\u00e4lldhet? \u00c4r det inte viktigt just nu?<\/p>\n<p><strong>Det r\u00e5der en oh\u00e4lsosam tystnad, ty nu \u00e4r vi inne och tassar p\u00e5 f\u00f6rbjuden mark.<\/strong><\/p>\n<p><strong>Sverige \u00e4r landet<\/strong> som hj\u00e4lpl\u00f6st f\u00f6rs\u00f6ker visa v\u00e4rlden att vi, det lilla knyttet i norr, \u00e4r b\u00e4ttre \u00e4n alla andra l\u00e4nder. Vi \u00e4r de som g\u00e5r i t\u00e4ten, vi \u00e4r humanisterna, de som f\u00f6rst\u00e5r, v\u00e4lkomnar och f\u00f6rl\u00e5ter.<\/p>\n<p><strong>Det \u00e4r nog bra,<\/strong> men v\u00e4rlden \u00e4r mindre imponerad \u00e4n vad vi tror.<\/p>\n<p><strong>Och den l\u00e4r inte bli mer imponerad<\/strong> av att vi till\u00e5ter att n\u00e5gra idioter sk\u00e4r bort k\u00f6nsdelarna fr\u00e5n flickor.<\/p>\n<p><strong>Jag har en id\u00e9:<\/strong> Vi folkomr\u00f6star om straffet f\u00f6r k\u00f6nsstympning.<\/p>\n<p><strong>Det<\/strong> \u00e4r demokrati i sin prydno.<\/p>\n<div id=\"wp_fb_like_button\" style=\"margin:5px 0;float:none;height:100px;\"><script src=\"http:\/\/connect.facebook.net\/en_US\/all.js#xfbml=1\"><\/script><fb:like href=\"https:\/\/www.ohrlund.se\/blogg\/flickor-konsstympas-i-sverige-var-finns-ni-nu-feminister\/\" send=\"true\" layout=\"standard\" width=\"450\" show_faces=\"true\" font=\"arial\" action=\"like\" colorscheme=\"light\"><\/fb:like><\/div>","protected":false},"excerpt":{"rendered":"<p>Jag har skrivit om k\u00f6nsstympning f\u00f6rr\u00a0(inte minst i romanen\u00a0Jordens V\u00e4ktare), men jag hade hoppats att den h\u00e4r dagen inte skulle komma: http:\/\/www.allehanda.se\/angermanland\/harnosand\/utreder-planerad-konsstympning-i-harnosand Nu spelar det inte s\u00e5 stor roll om staden heter H\u00e4rn\u00f6sand eller n\u00e5got annat. Jag tycker att vi &hellip; <a href=\"https:\/\/www.ohrlund.se\/blogg\/flickor-konsstympas-i-sverige-var-finns-ni-nu-feminister\/\">Forts\u00e4tt l\u00e4sa <span class=\"meta-nav\">&rarr;<\/span><\/a><\/p>\n","protected":false},"author":2,"featured_media":0,"comment_status":"open","ping_status":"open","sticky":false,"template":"","format":"standard","meta":{"_jetpack_memberships_contains_paid_content":false,"footnotes":""},"categories":[1],"tags":[],"class_list":["post-2230","post","type-post","status-publish","format-standard","hentry","category-okategoriserade"],"jetpack_featured_media_url":"","jetpack_sharing_enabled":true,"post_mailing_queue_ids":[],"_links":{"self":[{"href":"https:\/\/www.ohrlund.se\/blogg\/wp-json\/wp\/v2\/posts\/2230","targetHints":{"allow":["GET"]}}],"collection":[{"href":"https:\/\/www.ohrlund.se\/blogg\/wp-json\/wp\/v2\/posts"}],"about":[{"href":"https:\/\/www.ohrlund.se\/blogg\/wp-json\/wp\/v2\/types\/post"}],"author":[{"embeddable":true,"href":"https:\/\/www.ohrlund.se\/blogg\/wp-json\/wp\/v2\/users\/2"}],"replies":[{"embeddable":true,"href":"https:\/\/www.ohrlund.se\/blogg\/wp-json\/wp\/v2\/comments?post=2230"}],"version-history":[{"count":1,"href":"https:\/\/www.ohrlund.se\/blogg\/wp-json\/wp\/v2\/posts\/2230\/revisions"}],"predecessor-version":[{"id":2231,"href":"https:\/\/www.ohrlund.se\/blogg\/wp-json\/wp\/v2\/posts\/2230\/revisions\/2231"}],"wp:attachment":[{"href":"https:\/\/www.ohrlund.se\/blogg\/wp-json\/wp\/v2\/media?parent=2230"}],"wp:term":[{"taxonomy":"category","embeddable":true,"href":"https:\/\/www.ohrlund.se\/blogg\/wp-json\/wp\/v2\/categories?post=2230"},{"taxonomy":"post_tag","embeddable":true,"href":"https:\/\/www.ohrlund.se\/blogg\/wp-json\/wp\/v2\/tags?post=2230"}],"curies":[{"name":"wp","href":"https:\/\/api.w.org\/{rel}","templated":true}]}}