{"id":2246,"date":"2014-12-26T02:23:26","date_gmt":"2014-12-26T00:23:26","guid":{"rendered":"http:\/\/www.ohrlund.se\/blogg\/?p=2246"},"modified":"2014-12-26T02:23:26","modified_gmt":"2014-12-26T00:23:26","slug":"branda-moskeer-och-slagna-kvinnor","status":"publish","type":"post","link":"https:\/\/www.ohrlund.se\/blogg\/branda-moskeer-och-slagna-kvinnor\/","title":{"rendered":"Br\u00e4nda mosk\u00e9er och slagna kvinnor &#8230;"},"content":{"rendered":"<p><strong>Julhelg 2014.<\/strong> Inte helt ov\u00e4ntat en rad tragiska trafikolyckor. En man hittas ihj\u00e4lskjuten i Malm\u00f6. En lokal som anv\u00e4nds som mosk\u00e9 i Eskilstuna brinner upp och branden anges vara anlagd.<\/p>\n<p><strong>Illa, om s\u00e5 \u00e4r fallet.<\/strong> Vi har religionsfrihet, det h\u00e4r ska f\u00f6rest\u00e4lla ett modernt land och d\u00e5 springer den som har ett uns av intelligens inte omkring och br\u00e4nner samlingslokaler f\u00f6r troende, oavsett vilken religion dessa ut\u00f6var.<\/p>\n<p><strong>Enligt tidningen Expo<\/strong> &#8211; vars sanningshalt jag f\u00f6rst\u00e5s inte t\u00f6rs g\u00e5 i god f\u00f6r personligen, men den anses ju vara seri\u00f6s &#8211; s\u00e5 \u00e4r det h\u00e4r det <em>fjortonde<\/em> attentatet mot mosk\u00e9er 2014. Det har handlat om allt fr\u00e5n klotter och krossade rutor till nu &#8211; mordbrand.\u00a0Det h\u00e4r \u00e4r bara ytterligare ett tecken p\u00e5 hur kylan i Sverige blir v\u00e4rre, hur intoleransen \u00f6kar, inte minst eftersom v\u00e5ra politiker bel\u00e4gger sig sj\u00e4lva och andra med munkavle och v\u00e4grar ha en \u00f6ppen diskussion om hur v\u00e5rt samh\u00e4lle ser ut och om hur vi vill ha det, nu och i framtiden. Vad vi konkret b\u00f6r g\u00f6ra f\u00f6r att ha det s\u00e5 gott som m\u00f6jligt. Och kanske i diskussionen l\u00e4gga undan den vackra men naiva tanken om att alla alltid ska \u00e4lska varandra, eftersom det aldrig kommer att ske. Men \u00e4nd\u00e5 f\u00f6rs\u00f6ka hitta en hygglig, realistisk l\u00f6sning.<\/p>\n<p><strong>Utan att ens ha l\u00e4st n\u00e5gra siffror<\/strong> vet jag ocks\u00e5 att ett antal sjuka m\u00e4n pryglat skiten ur sina kvinnor under helgen.<\/p>\n<p><strong>Tragik.<\/strong> Politikerna &#8211; och d\u00e5 och d\u00e5 Systembolagets reklambyr\u00e5 &#8211; v\u00e4ljer den l\u00e4tta v\u00e4gen:<\/p>\n<p><strong>Skyller p\u00e5 alkoholen.<\/strong><\/p>\n<p><strong>Det \u00e4r inte sprit som sl\u00e5r m\u00e4nniskor.<\/strong> Det \u00e4r inte knivar som d\u00f6dar, inte bilar heller.<\/p>\n<p><strong>Det \u00e4r m\u00e4nniskor.<\/strong> M\u00e4nniskor som inte m\u00e5r bra. M\u00e4nniskor som \u00e4r desperata. Som \u00e4r rasande, mentalt sjuka, som har br\u00e5ttom, som &#8230;<\/p>\n<p><strong>M\u00e4nniskor.<\/strong><\/p>\n<p><strong>Enligt den senaste statistiken<\/strong> jag s\u00e5g f\u00e5r en kvinna i m\u00e5naden (!) s\u00e4tta livet till f\u00f6r att deras galna m\u00e4n sl\u00e5r ihj\u00e4l dem.<\/p>\n<p><strong>Det finns fall<\/strong> som vi inte kan f\u00f6rhindra f\u00f6r att vi inte sett eller f\u00f6rst\u00e5tt f\u00f6rr\u00e4n det \u00e4r f\u00f6rsent. Eller f\u00f6r att n\u00e5gon som har sett, inte har ringt och anm\u00e4lt. Eller f\u00f6r att anm\u00e4lan inte tagits p\u00e5 allvar.<\/p>\n<p><strong>Men<\/strong> det finns massor av fall som kunnat f\u00f6rhindras.<\/p>\n<p><strong>Om politiker och lagstiftare menat allvar.<\/strong><\/p>\n<p><strong>N\u00e4r<\/strong> jag blir diktator blir min f\u00f6rsta l\u00f6sning den h\u00e4r:<\/p>\n<p><strong>Vi tar hj\u00e4lp<\/strong> av den utm\u00e4rkt fina nya tekniken. Varje man som hotat eller misshandlat en kvinna f\u00f6rses med fotboja (det h\u00e4r g\u00e4ller naturligtvis \u00e4ven kvinnor som misshandlat m\u00e4n). Tekniken \u00e4r utm\u00e4rkt s\u00e4ker. N\u00e4r v\u00e5ldsmannen traskar innanf\u00f6r den magiska gr\u00e4nsen, l\u00e5t oss s\u00e4ga tv\u00e5 kilometer, g\u00e5r ett prioriteringslarm direkt till polisen som skickar en bil och f\u00f6rhoppningsvis hinner fram innan d\u00e5ren b\u00f6rjar misshandla igen. Och oavsett om han hunnit fram eller ej f\u00f6rpassas han direkt till f\u00e4ngelse eftersom han redan brutit mot den \u00f6verenskommelse hans f\u00f6rra straff innebar.<\/p>\n<p><strong>Hur sv\u00e5rt kan det bli?<\/strong><\/p>\n<p><strong>Jo. Uppenbarligen \u00e4r det j\u00e4ttesv\u00e5rt,<\/strong> eftersom det inte genomf\u00f6rs. De som h\u00e5ller i tr\u00e5darna \u00e4r betydligt smartare \u00e4n jag och det h\u00e4r, eller n\u00e5got \u00e4nnu smartare, kunde varit verklighet f\u00f6r l\u00e4nge sedan. Vi hade kunnat r\u00e4dda m\u00e5nga kvinnors liv och ett stort antal barn hade sluppit bli av med den enda f\u00f6r\u00e4ldern de kunde vara trygga hos.<\/p>\n<p><strong>Men det var inte tillr\u00e4ckligt viktigt f\u00f6r politikerna,<\/strong> de som ger lagstiftarna uppdrag. Samma politiker som sk\u00e4r ner bidragen till alla de kvinnojourer d\u00e4r m\u00e4nniskor ideellt sliter med det som staten borde ha tagit tag i &#8211; att erbjuda utsatta kvinnor och barn skydd.<\/p>\n<p><strong>Det \u00e4r v\u00e4l d\u00e4rifr\u00e5n<\/strong> mitt s\u00e5 djupa politikerf\u00f6rakt kommer, f\u00f6r att jag inser att alltf\u00f6r m\u00e5nga folkvalda babblar, ler mot tv-kamerorna men inte menar allvar.<\/p>\n<p><strong>S\u00e5, f\u00f6r s\u00e4kerhets skull<\/strong> tar vi det d\u00e4r med j\u00e4mlikheten igen:<\/p>\n<p><strong>Sossarna<\/strong> drev landet i fyrtio \u00e5r innan de borgerliga tog \u00f6ver det i \u00e5tta.<\/p>\n<p><strong>Under fyrtio\u00e5tta \u00e5r (!)<\/strong> lyckades ingen av dessa v\u00e4ltaliga kostym- och kjolnissar lagstifta och driva igenom n\u00e5got s\u00e5 enkelt som lika l\u00f6n f\u00f6r lika arbete, vilket hade varit en ganska bra b\u00f6rjan.<\/p>\n<p><strong>T\u00e4nk p\u00e5 det en stund.<\/strong><\/p>\n<p><strong>Tror du<\/strong> att n\u00e5gon av dem menar allvar?<\/p>\n<p><strong>Det h\u00e4r, och resten av problemen, tycker jag att vi ska forts\u00e4tta diskutera. Men just nu &#8211; i helgtider &#8211; vill jag sk\u00e4nka en tacksamhetens tanke och hylla alla de vardagshj\u00e4ltinnor och hj\u00e4ltar som ser till att v\u00e5rt samh\u00e4lle fungerar medan vi andra \u00e4ter skinka och glor p\u00e5 tv: Sjukv\u00e5rdspersonal, ambulanssjukv\u00e5rdare, poliser, brandm\u00e4n och alla som har jour, oavsett yrke. Tack f\u00f6r att ni offrar era helger f\u00f6r oss, inte minst ni viktigaste med de s\u00e4msta l\u00f6nerna!<\/strong><\/p>\n<p>&nbsp;<\/p>\n<p>&nbsp;<\/p>\n<div id=\"wp_fb_like_button\" style=\"margin:5px 0;float:none;height:100px;\"><script src=\"http:\/\/connect.facebook.net\/en_US\/all.js#xfbml=1\"><\/script><fb:like href=\"https:\/\/www.ohrlund.se\/blogg\/branda-moskeer-och-slagna-kvinnor\/\" send=\"true\" layout=\"standard\" width=\"450\" show_faces=\"true\" font=\"arial\" action=\"like\" colorscheme=\"light\"><\/fb:like><\/div>","protected":false},"excerpt":{"rendered":"<p>Julhelg 2014. Inte helt ov\u00e4ntat en rad tragiska trafikolyckor. En man hittas ihj\u00e4lskjuten i Malm\u00f6. En lokal som anv\u00e4nds som mosk\u00e9 i Eskilstuna brinner upp och branden anges vara anlagd. Illa, om s\u00e5 \u00e4r fallet. Vi har religionsfrihet, det h\u00e4r &hellip; <a href=\"https:\/\/www.ohrlund.se\/blogg\/branda-moskeer-och-slagna-kvinnor\/\">Forts\u00e4tt l\u00e4sa <span class=\"meta-nav\">&rarr;<\/span><\/a><\/p>\n","protected":false},"author":2,"featured_media":0,"comment_status":"open","ping_status":"open","sticky":false,"template":"","format":"standard","meta":{"_jetpack_memberships_contains_paid_content":false,"footnotes":""},"categories":[1],"tags":[],"class_list":["post-2246","post","type-post","status-publish","format-standard","hentry","category-okategoriserade"],"jetpack_featured_media_url":"","jetpack_sharing_enabled":true,"post_mailing_queue_ids":[],"_links":{"self":[{"href":"https:\/\/www.ohrlund.se\/blogg\/wp-json\/wp\/v2\/posts\/2246","targetHints":{"allow":["GET"]}}],"collection":[{"href":"https:\/\/www.ohrlund.se\/blogg\/wp-json\/wp\/v2\/posts"}],"about":[{"href":"https:\/\/www.ohrlund.se\/blogg\/wp-json\/wp\/v2\/types\/post"}],"author":[{"embeddable":true,"href":"https:\/\/www.ohrlund.se\/blogg\/wp-json\/wp\/v2\/users\/2"}],"replies":[{"embeddable":true,"href":"https:\/\/www.ohrlund.se\/blogg\/wp-json\/wp\/v2\/comments?post=2246"}],"version-history":[{"count":2,"href":"https:\/\/www.ohrlund.se\/blogg\/wp-json\/wp\/v2\/posts\/2246\/revisions"}],"predecessor-version":[{"id":2248,"href":"https:\/\/www.ohrlund.se\/blogg\/wp-json\/wp\/v2\/posts\/2246\/revisions\/2248"}],"wp:attachment":[{"href":"https:\/\/www.ohrlund.se\/blogg\/wp-json\/wp\/v2\/media?parent=2246"}],"wp:term":[{"taxonomy":"category","embeddable":true,"href":"https:\/\/www.ohrlund.se\/blogg\/wp-json\/wp\/v2\/categories?post=2246"},{"taxonomy":"post_tag","embeddable":true,"href":"https:\/\/www.ohrlund.se\/blogg\/wp-json\/wp\/v2\/tags?post=2246"}],"curies":[{"name":"wp","href":"https:\/\/api.w.org\/{rel}","templated":true}]}}