{"id":2249,"date":"2014-12-27T20:49:25","date_gmt":"2014-12-27T18:49:25","guid":{"rendered":"http:\/\/www.ohrlund.se\/blogg\/?p=2249"},"modified":"2014-12-27T20:49:25","modified_gmt":"2014-12-27T18:49:25","slug":"forbjud-svenska-flaggan-och-nationalsangen","status":"publish","type":"post","link":"https:\/\/www.ohrlund.se\/blogg\/forbjud-svenska-flaggan-och-nationalsangen\/","title":{"rendered":"F\u00f6rbjud svenska flaggan och nationals\u00e5ngen!"},"content":{"rendered":"<p><strong>F\u00f6rst:<\/strong> Du som efter att ha l\u00e4st det h\u00e4r t\u00e4nker skicka ett f\u00f6ruts\u00e4gbart hatmejl i vilket jag tituleras <em>revolution\u00e4ra svin, kommunistj\u00e4vel, v\u00e4nsterhora, sosseas, b\u00f6g, arsle, snut\u00e4lskare, nazist, kuksugare, fascist, rasist<\/em> eller s\u00e5 &#8211; v\u00e4nligen adressera det till ohrlund@junkmail.com &#8211; jag \u00e4lskar n\u00e4mligen att samla dem p\u00e5 ett viktigt st\u00e4lle! :o)<\/p>\n<p><strong>Till saken:<\/strong><\/p>\n<p><strong>Dags att sluta snacka<\/strong> och g\u00e5 till handling. Om jag f\u00f6rst\u00e5r saken r\u00e4tt \u00e4r det i korthet s\u00e5 att vissa skolor nu f\u00f6rbjuder allt &#8221;on\u00f6digt&#8221; anv\u00e4ndande av svenska flaggan, eftersom den kan <em>kr\u00e4nka<\/em>. N\u00e5gra vaddpikar (underbart danskt uttryck!) till rektorer fastsl\u00e5r att man m\u00e5ste mota Olle i grind innan n\u00e5gon blir ledsen. Se bara h\u00e4r hur elegant rektorerna p\u00e5 S\u00f6ndrumsskolan i Halmstad dansar med orden:<\/p>\n<p class=\"p1\" style=\"line-height: 16.5pt; background: white; vertical-align: baseline; margin: 0cm 0cm 11.25pt 0cm;\"><strong><i><span style=\"font-size: 10.5pt; font-family: 'Verdana','sans-serif';\">&#8221;Med anledning av att oskrivna med sj\u00e4lvklara regler utmanas s\u00e5 tas nu regler ner i skrift. P\u00e5 S\u00f6ndrumsskolan skall den svenska flaggan anv\u00e4ndas vid flaggdagar enligt svensk almanacka. Skolledningen ansvarar f\u00f6r flaggning. \u00d6vrigt anv\u00e4ndande av svensk eller annan flagga sker i samband med internationellt utbyte. Inget annat anv\u00e4ndande av svensk flagga \u00e4r till\u00e5tet.<\/span><\/i><\/strong><\/p>\n<p class=\"p1\" style=\"line-height: 16.5pt; background: white; vertical-align: baseline; orphans: auto; text-align: start; widows: auto; -webkit-text-stroke-width: 0px; word-spacing: 0px; margin: 0cm 0cm 11.25pt 0cm;\"><strong><i><span style=\"font-size: 10.5pt; font-family: 'Verdana','sans-serif';\">Traditionerna p\u00e5 skolan \u00e4r n\u00e5got de flesta elever ser fram emot. N\u00e4r vi har dagar med inslag av maskerad och musik \u00e4r m\u00e5let att dessa dagar skall upplevas som positiva av alla. Den svenska flaggan f\u00e5r inte ing\u00e5 i maskeraddr\u00e4kten. Maskerad och uppvisningar skall dessutom vara fria fr\u00e5n inslag av vapen. Det \u00e4r positiva och ljusa k\u00e4nslor som skall lyftas fram.&#8221;<\/span><\/i><\/strong><\/p>\n<p class=\"p1\" style=\"line-height: 16.5pt; background: white; vertical-align: baseline; orphans: auto; text-align: start; widows: auto; -webkit-text-stroke-width: 0px; word-spacing: 0px; margin: 0cm 0cm 11.25pt 0cm;\"><strong>Eftersom jag ogillar hyckleri<\/strong> och efters\u00f6ker logik, konsekvens och effektivitet, har jag f\u00f6ljande f\u00f6rslag till hur vi i ett svep kan f\u00f6rbjuda massor som (med kretinens filosofi) alltid kan anses som grovt kr\u00e4nkande mot n\u00e5gon:<\/p>\n<p>Nationals\u00e5ngen, alla svenska ordb\u00f6cker, folkdr\u00e4kter (kr\u00e4nkande f\u00f6r dem som inte har en egen), sill, k\u00f6ttbullar, midsommarst\u00e5ng, nypotatis, gr\u00e4sl\u00f6k, Sm\u00e5 grodorna, nubbe, kr\u00e4ftor, v\u00e4sterbottenost (kr\u00e4nkande mot \u00d6sterbotten), tillverkning av Volvo i Sverige, Kalles kaviar, f\u00e4rgerna gult och bl\u00e5tt samt f\u00f6rst\u00e5s \u2013 blond h\u00e5rf\u00e4rg (v\u00e4nligen ta h\u00e4nsyn till hur kr\u00e4nkta amerikanerna skulle bli om de fick veta att det finns cendr\u00e9-, brun- eller svarth\u00e5riga svenskar). Vidare f\u00f6rbjuds omn\u00e4mnandet av Nobelpriset, Astrid Lindgren, ABBA, Ingemar Stenmark, Bj\u00f6rn Borg (l\u00e4gg till samtliga svenska v\u00e4rldsk\u00e4nda stj\u00e4rnor utom Zlatan h\u00e4r), midnattssolen och &#8211; tja, det finns s\u00e4kert en hel del som jag har gl\u00f6mt.<\/p>\n<p><strong>Som v\u00e4nlig normalsvensk<\/strong> suckar du nu och inser att det s\u00e4kert \u00e4r lika bra att vi g\u00f6r s\u00e5 h\u00e4r, s\u00e5 att ingen blir arg p\u00e5 oss (ty konflikter och anklagelser om kr\u00e4nkning \u00e4r n\u00e4stan det v\u00e4rsta som kan drabba oss svenskar, det v\u00e4rsta \u00e4r att n\u00e5gon f\u00e5r reda p\u00e5 hur mycket vi tj\u00e4nar eller vad vi r\u00f6star p\u00e5). Samtidigt blir du kanske bekymrad eftersom du inser att f\u00f6rslaget ovan kommer att f\u00e5 mycket tr\u00e5kiga konsekvenser f\u00f6r ekonomin.<\/p>\n<p><strong>Men se<\/strong>, som en dansande politiker i riksdagshuset har jag en l\u00f6sning p\u00e5 det ocks\u00e5.<\/p>\n<p><strong>Vi h\u00f6jer skatterna.<\/strong><\/p>\n<p><strong>Dessutom sa statsminister L\u00f6fven<\/strong> i teve i morse att vi \u00e4r ett rikt land. F\u00f6r n\u00e5gra veckor sedan sa i och f\u00f6r sig hans h\u00f6gra hand \u00c5sa Romson att &#8221;ladorna \u00e4r tomma&#8221;.<\/p>\n<p><a href=\"https:\/\/www.ohrlund.se\/blogg\/wp-content\/uploads\/2014\/12\/lofven.jpg\"><img loading=\"lazy\" decoding=\"async\" class=\"alignleft  wp-image-2227\" src=\"https:\/\/www.ohrlund.se\/blogg\/wp-content\/uploads\/2014\/12\/lofven.jpg\" alt=\"lofven\" width=\"246\" height=\"172\" srcset=\"https:\/\/www.ohrlund.se\/blogg\/wp-content\/uploads\/2014\/12\/lofven.jpg 825w, https:\/\/www.ohrlund.se\/blogg\/wp-content\/uploads\/2014\/12\/lofven-300x208.jpg 300w, https:\/\/www.ohrlund.se\/blogg\/wp-content\/uploads\/2014\/12\/lofven-431x300.jpg 431w\" sizes=\"auto, (max-width: 246px) 100vw, 246px\" \/><\/a><\/p>\n<p>&nbsp;<\/p>\n<p>&nbsp;<\/p>\n<p><em>&#8221;Vi \u00e4r ett rikt land!&#8221;<\/em><\/p>\n<p>&nbsp;<\/p>\n<p>&nbsp;<\/p>\n<p><a href=\"https:\/\/www.ohrlund.se\/blogg\/wp-content\/uploads\/2014\/12\/Romson.jpg\"><img loading=\"lazy\" decoding=\"async\" class=\"alignleft  wp-image-2250\" src=\"https:\/\/www.ohrlund.se\/blogg\/wp-content\/uploads\/2014\/12\/Romson.jpg\" alt=\"Romson\" width=\"368\" height=\"254\" \/><\/a><\/p>\n<p>&nbsp;<\/p>\n<p>&nbsp;<\/p>\n<p><em>&#8221;Ladorna \u00e4r tomma!&#8221;<\/em><\/p>\n<p>&nbsp;<\/p>\n<p>&nbsp;<\/p>\n<p>&nbsp;<\/p>\n<p>&nbsp;<\/p>\n<p><strong>Men \u00e4sch<\/strong>, de m\u00e5ste ha missf\u00f6rst\u00e5tt varandra. F\u00f6r vi m\u00e5ste v\u00e4l \u00e4nd\u00e5 lita p\u00e5 dem som styr landet, eller hur? :o)<\/p>\n<p>&nbsp;<\/p>\n<blockquote class=\"wp-embedded-content\" data-secret=\"Pqa5bhXGYv\"><p><a href=\"https:\/\/nyheteridag.se\/nu-forbjuds-skolelever-att-anvanda-svenska-flaggan\/\">Nu f\u00f6rbjuds skolelever att anv\u00e4nda svenska flaggan<\/a><\/p><\/blockquote>\n<p><iframe loading=\"lazy\" class=\"wp-embedded-content\" sandbox=\"allow-scripts\" security=\"restricted\" style=\"position: absolute; clip: rect(1px, 1px, 1px, 1px);\" title=\"\u201dNu f\u00f6rbjuds skolelever att anv\u00e4nda svenska flaggan\u201d &ndash; Nyheter Idag\" src=\"https:\/\/nyheteridag.se\/nu-forbjuds-skolelever-att-anvanda-svenska-flaggan\/embed\/#?secret=zFw1dSter1#?secret=Pqa5bhXGYv\" data-secret=\"Pqa5bhXGYv\" width=\"584\" height=\"329\" frameborder=\"0\" marginwidth=\"0\" marginheight=\"0\" scrolling=\"no\"><\/iframe><\/p>\n<p>&nbsp;<\/p>\n<div id=\"wp_fb_like_button\" style=\"margin:5px 0;float:none;height:100px;\"><script src=\"http:\/\/connect.facebook.net\/en_US\/all.js#xfbml=1\"><\/script><fb:like href=\"https:\/\/www.ohrlund.se\/blogg\/forbjud-svenska-flaggan-och-nationalsangen\/\" send=\"true\" layout=\"standard\" width=\"450\" show_faces=\"true\" font=\"arial\" action=\"like\" colorscheme=\"light\"><\/fb:like><\/div>","protected":false},"excerpt":{"rendered":"<p>F\u00f6rst: Du som efter att ha l\u00e4st det h\u00e4r t\u00e4nker skicka ett f\u00f6ruts\u00e4gbart hatmejl i vilket jag tituleras revolution\u00e4ra svin, kommunistj\u00e4vel, v\u00e4nsterhora, sosseas, b\u00f6g, arsle, snut\u00e4lskare, nazist, kuksugare, fascist, rasist eller s\u00e5 &#8211; v\u00e4nligen adressera det till ohrlund@junkmail.com &#8211; jag &hellip; <a href=\"https:\/\/www.ohrlund.se\/blogg\/forbjud-svenska-flaggan-och-nationalsangen\/\">Forts\u00e4tt l\u00e4sa <span class=\"meta-nav\">&rarr;<\/span><\/a><\/p>\n","protected":false},"author":2,"featured_media":0,"comment_status":"open","ping_status":"open","sticky":false,"template":"","format":"standard","meta":{"_jetpack_memberships_contains_paid_content":false,"footnotes":""},"categories":[1],"tags":[],"class_list":["post-2249","post","type-post","status-publish","format-standard","hentry","category-okategoriserade"],"jetpack_featured_media_url":"","jetpack_sharing_enabled":true,"post_mailing_queue_ids":[],"_links":{"self":[{"href":"https:\/\/www.ohrlund.se\/blogg\/wp-json\/wp\/v2\/posts\/2249","targetHints":{"allow":["GET"]}}],"collection":[{"href":"https:\/\/www.ohrlund.se\/blogg\/wp-json\/wp\/v2\/posts"}],"about":[{"href":"https:\/\/www.ohrlund.se\/blogg\/wp-json\/wp\/v2\/types\/post"}],"author":[{"embeddable":true,"href":"https:\/\/www.ohrlund.se\/blogg\/wp-json\/wp\/v2\/users\/2"}],"replies":[{"embeddable":true,"href":"https:\/\/www.ohrlund.se\/blogg\/wp-json\/wp\/v2\/comments?post=2249"}],"version-history":[{"count":2,"href":"https:\/\/www.ohrlund.se\/blogg\/wp-json\/wp\/v2\/posts\/2249\/revisions"}],"predecessor-version":[{"id":2252,"href":"https:\/\/www.ohrlund.se\/blogg\/wp-json\/wp\/v2\/posts\/2249\/revisions\/2252"}],"wp:attachment":[{"href":"https:\/\/www.ohrlund.se\/blogg\/wp-json\/wp\/v2\/media?parent=2249"}],"wp:term":[{"taxonomy":"category","embeddable":true,"href":"https:\/\/www.ohrlund.se\/blogg\/wp-json\/wp\/v2\/categories?post=2249"},{"taxonomy":"post_tag","embeddable":true,"href":"https:\/\/www.ohrlund.se\/blogg\/wp-json\/wp\/v2\/tags?post=2249"}],"curies":[{"name":"wp","href":"https:\/\/api.w.org\/{rel}","templated":true}]}}