{"id":2254,"date":"2015-01-01T04:32:31","date_gmt":"2015-01-01T02:32:31","guid":{"rendered":"http:\/\/www.ohrlund.se\/blogg\/?p=2254"},"modified":"2015-01-01T10:43:21","modified_gmt":"2015-01-01T08:43:21","slug":"nyarskronika-allt-det-basta-till-dig-2015","status":"publish","type":"post","link":"https:\/\/www.ohrlund.se\/blogg\/nyarskronika-allt-det-basta-till-dig-2015\/","title":{"rendered":"Ny\u00e5rskr\u00f6nika &#8211; allt det b\u00e4sta till dig 2015!"},"content":{"rendered":"<p><strong>Som i tidigare blogginl\u00e4gg inleder jag \u00f6dmjukast med detta:\u00a0<\/strong>Du som efter att ha l\u00e4st det h\u00e4r t\u00e4nker skicka ett f\u00f6ruts\u00e4gbart hatmejl i vilket jag tituleras <em>revolution\u00e4ra svin, kommunistj\u00e4vel, v\u00e4nsterhora, sosseas, b\u00f6g, arsle, snut\u00e4lskare, nazist, kuksugare, fascist, rasist<\/em> eller s\u00e5 \u2013 v\u00e4nligen adressera det till ohrlund@junkmail.com \u2013 jag \u00e4lskar n\u00e4mligen att samla dem p\u00e5 ett viktigt st\u00e4lle! :o) Och gl\u00f6m inte att vi fortfarande delvis har yttrandefrihet som till\u00e5ter dig att starta en egen blogg och tycka n\u00e4stan precis, exakt vad du vill, ist\u00e4llet f\u00f6r att hota mig. Det \u00e4r n\u00e4mligen s\u00e5 demokrati fungerar!<\/p>\n<p><strong>Nu b\u00f6rjar vi:<\/strong><\/p>\n<p><strong>Gott nytt \u00e5r<\/strong>, alla v\u00e4nner och trogna l\u00e4sare. Jag funderar lite \u00f6ver hur man klockan 02.04 p\u00e5 ny\u00e5rsdagens morgon samlar och formulerar sina tankar och \u00e5sikter och kommer som vanligt fram till att det \u00e4r allt annat \u00e4n l\u00e4tt.<\/p>\n<p><strong>F\u00f6r mig var 2014<\/strong>, precis som de flesta andra \u00e5r, ett riktigt skit\u00e5r och ett alldeles underbart \u00e5r. Jag miste en av mina b\u00e4sta v\u00e4nner som dog p\u00e5 bara n\u00e5gra dagar, vilket var mycket sm\u00e4rtsamt. Jag var i vanlig ordning tidvis sjuk och hade ont ofta. Jag drabbades av en massa trassel. Jag fick ha min fina familj i beh\u00e5ll, jag l\u00e4rde k\u00e4nna nya, underbara m\u00e4nniskor, jag k\u00e4nde en stor lycka i det arbete jag utf\u00f6rde och jag hade &#8211; enligt samh\u00e4llets m\u00e5tt &#8211; framg\u00e5ngar. Jag betalade, mer \u00e4n v\u00e4l, mina avgifter till samh\u00e4llet och \u00e4r fortfarande polare med Skatteverket.<\/p>\n<p><strong>2014 var med andra ord helt okej.<\/strong><\/p>\n<p><strong>En kvalificerad gissning<\/strong> \u00e4r att 2015 blir ungef\u00e4r likadant. Det kommer att h\u00e4nda bra saker och d\u00e5liga saker, i stort och sm\u00e5tt, f\u00f6r mig och dig, n\u00e4ra och fj\u00e4rran. Dessv\u00e4rre blir det fler olyckor, d\u00f6dsfall och naturkatastrofer. Konflikterna i v\u00e4rlden l\u00e4r inte minska och jag kan inte g\u00f6ra mycket \u00e5t dem f\u00f6rr\u00e4n jag blir generalsekreterare i FN och f\u00e5r fria h\u00e4nder. Dessb\u00e4ttre kommer det ocks\u00e5 att ske massor av lyckliga h\u00e4ndelser.<\/p>\n<p><strong>Jag hoppas p\u00e5 mer respekt.<\/strong> <strong>Jag vet, dumt och naivt, men \u00e4nd\u00e5. Respekt \u00e4r v\u00e4rldens vackraste ord i bem\u00e4rkelsen att om alla hedrade det fullt ut, skulle vi inte ha ett enda problem i v\u00e4rlden. Inga krig, ingen slakt, ingen sv\u00e4lt, ingen f\u00f6rf\u00f6ljelse, inga f\u00f6rdomar, inga konflikter.<\/strong><\/p>\n<p><strong>Respekt. V\u00e4rldens vackraste ord. Smaka p\u00e5 det. Hedra det. Anv\u00e4nd begreppet, i stort och sm\u00e5tt.<\/strong><\/p>\n<p><strong>Naturligtvis och dessv\u00e4rre<\/strong> kommer de maktgalna m\u00e4n som styr v\u00e4rldens krigsh\u00e4rdar &#8211; och de maktgalna m\u00e4n som \u00e4r deras motst\u00e5ndare &#8211; aldrig att hedra ordet. D\u00e4rmed kommer \u00e4ven 2015 miljoner oskyldiga m\u00e4nniskor tvingas fly fr\u00e5n sina hem, medan FN &#8211; organet som skulle vara v\u00e5r trygghet &#8211; flata st\u00e5r och tittar p\u00e5, m\u00e5lar ett par lastbilar vita, tittar \u00e5t ett annat h\u00e5ll och visslar lite medan vansinniga m\u00e4n v\u00e5ldtar och slaktar barn, kvinnor och m\u00e4n.<\/p>\n<p><strong>Under tiden pratar vi i Sverige<\/strong> om vilket problem <em>Sverigedemokraterna<\/em> utg\u00f6r, och v\u00e5ra andra politiker \u00e4r pl\u00f6tsligt villiga att sk\u00e4ra i demokratins grunder (illa, riktigt farligt!) f\u00f6r att stoppa detta parti, vilket naturligtvis kommer att medf\u00f6ra att v\u00e4rldens problem upph\u00f6r.<\/p>\n<p><strong>Som gammal trogen<\/strong> blankr\u00f6stare \u00e4r jag inte helt s\u00e4ker p\u00e5 att v\u00e4rldens problem upph\u00f6r f\u00f6r att sossarna och alliansen ing\u00e5r ett sken\u00e4ktenskap, inte f\u00f6r ett b\u00e4ttre Sverige, utan enbart f\u00f6r att stoppa ett missn\u00f6jesparti. Jag tror tv\u00e4rtom, att det blir trassel p\u00e5 riktigt under 2015 och under resten av perioden fram till 2018. Och jag kan redan nu tala om f\u00f6r dig att SD l\u00e4tt kommer att n\u00e5 mellan 20 och 25 procent av r\u00f6sterna i valet 2018 om inte de andra partiernas politiker slutar tramsa, \u00f6ppnar \u00f6gonen och g\u00f6r sitt jobb, n\u00e4mligen tar en diskussion om en av de viktigaste samh\u00e4llsfr\u00e5gorna.<\/p>\n<p><strong>Jag tror att vi m\u00e5ste inse<\/strong> att alla inte kan \u00e4lska alla, vare sig inom politiken (kanske allra mest d\u00e4r) eller n\u00e5gon annanstans. Att man inte \u00e4lskar n\u00e5gon beh\u00f6ver \u00e5 andra sidan inte alls betyda att man hatar n\u00e5gon.<\/p>\n<p><strong>Ordet<em> rasism<\/em><\/strong> var f\u00f6rmodligen ett av de mest missbrukade under \u00e5ret som gick. Jag blev f\u00f6rvirrad och var tvungen att sl\u00e5 upp det. I en gammal och f\u00f6rlegad ordning d\u00e4r man pratar om <em>raser<\/em> (varf\u00f6r det, n\u00e4r vi alla \u00e4r <em>m\u00e4nniskor<\/em>?), betyder <em>rasism<\/em> att man \u00e4r <em>\u00f6vertygad<\/em> om att en ras \u00e4r \u00f6verl\u00e4gsen en annan ras.<\/p>\n<p><strong>Jag k\u00e4nner inte en m\u00e4nniska<\/strong> som \u00e4r \u00f6vertygad om att en ras \u00e4r \u00f6verl\u00e4gsen en annan ras.<\/p>\n<p><strong>D\u00e4remot har jag<\/strong> en l\u00e5ng rad invandrarv\u00e4nner som, av olika sk\u00e4l, anser att Sveriges migrationspolitik \u00e4r \u00e5t helvete. Vilket de till stora delar har alldeles r\u00e4tt i.<\/p>\n<p><strong>N\u00e4sta missbrukade ord \u00e4r fr\u00e4mlings<em>fientlighet<\/em><\/strong><em>,<\/em> vilket naturligtvis betyder att man \u00e4r fientlig mot fr\u00e4mlingar. Vilket d\u00e5 skulle betyda att man <em>per automatik<\/em> \u00e4r fientlig mot alla fr\u00e4mmande m\u00e4nniskor man inte vill se i sin n\u00e4rhet.<\/p>\n<p><strong>Vilket j\u00e4vla trams.<\/strong><\/p>\n<p><strong>Det finns massor av m\u00e4nniskor, svenska och utl\u00e4ndska,<\/strong> som jag inte alls \u00e4r fientlig mot, men inte n\u00f6dv\u00e4ndigtvis vill ha i mitt hem, min tr\u00e4dg\u00e5rd eller n\u00e4rhet. Jag hatar inte Saab f\u00f6r att jag k\u00f6r Volvo och jag hatar inte heller h\u00e4star eller hamstrar bara f\u00f6r att jag inte vill ha dem i sovrummet. Allt h\u00e4r i v\u00e4rlden handlar inte om hat eller fientlighet. Men jag vill &#8211; exempelvis &#8211; inte ha representanter f\u00f6r religi\u00f6sa s\u00e4llskap n\u00e4ra mig. Det betyder inte att jag \u00e4r fientlig mot dem. Jag <em>respekterar<\/em> dem.<\/p>\n<p><strong>Du undrar kanske<\/strong> vart jag vill komma med allt det h\u00e4r? Enkelt, jag vill bara att a) det ska finnas en balans i diskussioner och b) att de som diskuterar b\u00f6r veta vad invektiven de kastar ut sig betyder och c) att v\u00e5ra svenska politiker ska kavla upp \u00e4rmarna och ta itu med de problem de orsakat ist\u00e4llet f\u00f6r att vr\u00e5la ut hur bra de \u00e4r och hoppas p\u00e5 v\u00e4rldens appl\u00e5der, vilka inte kommer.<\/p>\n<p><strong>Under de senaste \u00e5ren<\/strong> har Sverige tagit emot hundratusentals flyktingar som nu under icke humana former tv\u00e5ngsf\u00f6rvaras i tr\u00e4baracker p\u00e5 vischan, vissa under s\u00e5dana f\u00f6rh\u00e5llanden att de har bett att f\u00e5 \u00e5terv\u00e4nda till sina krigf\u00f6rande heml\u00e4nder. Allt detta medan staten &#8211; ist\u00e4llet f\u00f6r att ta sitt ansvar och sk\u00f6ta om flyktingmottagningen &#8211; l\u00e5ter &#8221;entrepren\u00f6rer&#8221; som Bert Karlsson bli m\u00e5ngmiljon\u00e4rer p\u00e5 den nya industri som flyktingmottagningen medf\u00f6r. Det \u00e4r givet att staten borde ta ett helhetsansvar f\u00f6r detta och att de miljarder som \u00e4r i rullning borde stanna inom staten ist\u00e4llet f\u00f6r att slussas ut till privata guldsk\u00e4rare.<\/p>\n<p><strong>I ett av sina senaste tal<\/strong>\u00a0(tillika ett politiskt sj\u00e4lvmord som kommer att skrivas in i historieb\u00f6ckerna) meddelade herr Reinfeldt att svenskarna skulle \u00f6ppna sina hj\u00e4rtan och att det i det n\u00e4rmaste inte skulle finnas s\u00e5 mycket pengar \u00f6ver till svensk v\u00e4lf\u00e4rd. Att varje svensk som har ett lidande barn p\u00e5 sjukhus, v\u00e4ntar p\u00e5 en operation eller har en gammal f\u00f6r\u00e4lder som beh\u00f6ver v\u00e5rd blir f\u00f6rundrad eller f\u00f6rbannad, \u00e4r inte alls m\u00e4rkligt. Det \u00e4r vanlig, simpel \u00f6verlevnadsinstinkt i modernare form. Inget att sk\u00e4mmas f\u00f6r heller, f\u00f6r den som slitit och betalt skatt hela livet f\u00f6r att f\u00e5 en trygghet.<\/p>\n<p><strong>Enligt de senaste siffrorna ska Sverige<\/strong> &#8211; inklusive anh\u00f6riginvandringen &#8211; under de n\u00e4rmaste \u00e5ren ta emot en halv miljon nya m\u00e4nniskor. Detta motsvarar fyrtio genomsnittskommuner. Allt det d\u00e4r vore toppen om det fanns a) bost\u00e4der b) jobb c) sjukv\u00e5rd d) kommunal service e) infrastruktur och f) en <em>plan<\/em>.<\/p>\n<p><strong>Vad som finns och v\u00e4ntar<\/strong> <strong>dessa flyende m\u00e4nniskor \u00e4r &#8211; brist p\u00e5 respekt.<\/strong> Tr\u00e4baracker och cornflakes, tillhandah\u00e5llna av Bert Karlsson. V\u00e4lkommen till ett av v\u00e4rldens nordligaste l\u00e4nder d\u00e4r du slipper bomber, men d\u00e4r regeringen struntar i vad som h\u00e4nder med dig och dina barn &#8211; innan ni m\u00f6jligen utvisas.<\/p>\n<p><strong>Jag sk\u00e4ms.<\/strong><\/p>\n<p><strong>&#8221;Vi har minsann tagit emot fler flyktingar \u00e4n USA!&#8221;,<\/strong> skriker de svenska politikerna och hoppas att v\u00e4rlden ska appl\u00e5dera. Dessv\u00e4rre tycks de ovetande om att landet p\u00e5 andra sidan p\u00f6len tagit emot drygt 30 miljoner (!) illegala invandrare under de senaste \u00e5ren, att flyktingstr\u00f6mmen forts\u00e4tter in och att dessa m\u00e4nniskor f\u00e5r amnesti och att m\u00e5nga av dem finner jobb och syssels\u00e4ttning.<\/p>\n<p><strong>Min ny\u00e5rsfundering<\/strong>\u00a0ska inte stinka bitterhet, jag vill bara f\u00f6rs\u00f6ka p\u00e5peka att det kan finnas alternativa funderingar. Nej, jag tror inte att SD kommer att b\u00f6rja bygga koncentrationsl\u00e4ger eller ugnar f\u00f6r att gasa folk i &#8211; jag tror att de, som tidigare missn\u00f6jespartier, kommer att f\u00f6rsvinna den dagen v\u00e5ra mittf\u00e5repolitiker g\u00f6r sitt jobb ordentligt. Och &#8211; tro mig &#8211; det finns betydligt v\u00e4rre problem att \u00e4gna sig \u00e5t. Som att FN,\u00a0dessv\u00e4rre styrt av n\u00e5gra stormakters sjuka vetor\u00e4tt, inte g\u00e5r in i de l\u00e4nder d\u00e4r galna makthavare slaktar sitt folk och tar makten ifr\u00e5n dem, utan hummande och bekymrat tittar p\u00e5.<\/p>\n<p><strong>Det som sk\u00e4r rej\u00e4lt i mitt gamla v\u00e4nsterhj\u00e4rta<\/strong> \u00e4r v\u00e4l att den lilla kvarvarande del av v\u00e4nstern styrs av ett gubbv\u00e4lde fr\u00e5n en l\u00e4genhet p\u00e5 \u00d6stermalm, och att det viktigaste p\u00e5 agendan tycks vara att f\u00f6rsvara sm\u00e5f\u00f6retagare. Var \u00e4r era kvinnor och vad i helvete h\u00e5ller ni p\u00e5 med?<\/p>\n<p><strong>F\u00f6r \u00f6vrigt<\/strong> anser jag att straffen f\u00f6r alla dem som misshandlar och d\u00f6dar m\u00e4nniskor och djur, ska sk\u00e4rpas kraftigt.<\/p>\n<p><strong>Gott nytt \u00e5r!<\/strong><\/p>\n<p><em><strong>Observera att jag inte kommer att publicera n\u00e5gra anonyma kommentarer till det h\u00e4r inl\u00e4gget. Jag st\u00e5r f\u00f6r vad jag skriver och jag f\u00f6rv\u00e4ntar mig att du g\u00f6r det ocks\u00e5.<\/strong><\/em><\/p>\n<p>&nbsp;<\/p>\n<p>&nbsp;<\/p>\n<p>&nbsp;<\/p>\n<div id=\"wp_fb_like_button\" style=\"margin:5px 0;float:none;height:100px;\"><script src=\"http:\/\/connect.facebook.net\/en_US\/all.js#xfbml=1\"><\/script><fb:like href=\"https:\/\/www.ohrlund.se\/blogg\/nyarskronika-allt-det-basta-till-dig-2015\/\" send=\"true\" layout=\"standard\" width=\"450\" show_faces=\"true\" font=\"arial\" action=\"like\" colorscheme=\"light\"><\/fb:like><\/div>","protected":false},"excerpt":{"rendered":"<p>Som i tidigare blogginl\u00e4gg inleder jag \u00f6dmjukast med detta:\u00a0Du som efter att ha l\u00e4st det h\u00e4r t\u00e4nker skicka ett f\u00f6ruts\u00e4gbart hatmejl i vilket jag tituleras revolution\u00e4ra svin, kommunistj\u00e4vel, v\u00e4nsterhora, sosseas, b\u00f6g, arsle, snut\u00e4lskare, nazist, kuksugare, fascist, rasist eller s\u00e5 \u2013 &hellip; <a href=\"https:\/\/www.ohrlund.se\/blogg\/nyarskronika-allt-det-basta-till-dig-2015\/\">Forts\u00e4tt l\u00e4sa <span class=\"meta-nav\">&rarr;<\/span><\/a><\/p>\n","protected":false},"author":2,"featured_media":0,"comment_status":"open","ping_status":"open","sticky":false,"template":"","format":"standard","meta":{"_jetpack_memberships_contains_paid_content":false,"footnotes":""},"categories":[1],"tags":[],"class_list":["post-2254","post","type-post","status-publish","format-standard","hentry","category-okategoriserade"],"jetpack_featured_media_url":"","jetpack_sharing_enabled":true,"post_mailing_queue_ids":[],"_links":{"self":[{"href":"https:\/\/www.ohrlund.se\/blogg\/wp-json\/wp\/v2\/posts\/2254","targetHints":{"allow":["GET"]}}],"collection":[{"href":"https:\/\/www.ohrlund.se\/blogg\/wp-json\/wp\/v2\/posts"}],"about":[{"href":"https:\/\/www.ohrlund.se\/blogg\/wp-json\/wp\/v2\/types\/post"}],"author":[{"embeddable":true,"href":"https:\/\/www.ohrlund.se\/blogg\/wp-json\/wp\/v2\/users\/2"}],"replies":[{"embeddable":true,"href":"https:\/\/www.ohrlund.se\/blogg\/wp-json\/wp\/v2\/comments?post=2254"}],"version-history":[{"count":4,"href":"https:\/\/www.ohrlund.se\/blogg\/wp-json\/wp\/v2\/posts\/2254\/revisions"}],"predecessor-version":[{"id":2258,"href":"https:\/\/www.ohrlund.se\/blogg\/wp-json\/wp\/v2\/posts\/2254\/revisions\/2258"}],"wp:attachment":[{"href":"https:\/\/www.ohrlund.se\/blogg\/wp-json\/wp\/v2\/media?parent=2254"}],"wp:term":[{"taxonomy":"category","embeddable":true,"href":"https:\/\/www.ohrlund.se\/blogg\/wp-json\/wp\/v2\/categories?post=2254"},{"taxonomy":"post_tag","embeddable":true,"href":"https:\/\/www.ohrlund.se\/blogg\/wp-json\/wp\/v2\/tags?post=2254"}],"curies":[{"name":"wp","href":"https:\/\/api.w.org\/{rel}","templated":true}]}}