{"id":2264,"date":"2015-01-23T22:39:23","date_gmt":"2015-01-23T20:39:23","guid":{"rendered":"http:\/\/www.ohrlund.se\/blogg\/?p=2264"},"modified":"2015-01-23T22:39:23","modified_gmt":"2015-01-23T20:39:23","slug":"i-lognernas-varld-gar-den-skyldige-fri-eller-rymdattack-fran-uranus","status":"publish","type":"post","link":"https:\/\/www.ohrlund.se\/blogg\/i-lognernas-varld-gar-den-skyldige-fri-eller-rymdattack-fran-uranus\/","title":{"rendered":"I l\u00f6gnernas v\u00e4rld g\u00e5r den skyldige fri, eller &#8211; rymdattack fr\u00e5n Uranus!!"},"content":{"rendered":"<p><strong>F\u00e5 saker g\u00f6r mig s\u00e5 uppr\u00f6rd<\/strong> som \u00f6vergrepp p\u00e5 barn, djur, gamla, handikappade och andra som inte har en chans att f\u00f6rsvara sig.<\/p>\n<p><strong>Mamma \u00e4r en av dem.<\/strong><\/p>\n<p><strong>Jag har skrivit om mamma f\u00f6rr<\/strong> och kommer f\u00f6rmodligen &#8211; dessv\u00e4rre &#8211; att beh\u00f6va g\u00f6ra det igen. Mamma \u00e4r 93 \u00e5r, fullkomligt klar i skallen men p\u00e5 grund av \u00e5lder och diverse fall h\u00e4nvisad till rullstol och hemtj\u00e4nst &#8211; f\u00f6r \u00f6vrigt en av de mest f\u00f6rnedrande situationer jag sett med tanke p\u00e5 hur hon blir behandlad.<\/p>\n<p><strong>Vardagen best\u00e5r<\/strong> av bes\u00f6k av stressade, timanst\u00e4llda stackare som hon i m\u00e5nga fall inte sett f\u00f6rr. De flesta \u00e4r sn\u00e4lla och hyggliga men det uppst\u00e5r ofta spr\u00e5ksv\u00e5righeter. Dock har mamma under de senaste tv\u00e5 \u00e5ren till sin f\u00f6rtjusning l\u00e4rt sig mycket eftersom hon under denna tid tr\u00e4ffat m\u00e4nniskor fr\u00e5n fler nationer \u00e4n hon m\u00f6tt under sitt 70-\u00e5riga yrkesliv, bland annat i FN, Flygvapnet, SE-Banken och som revisor. Sp\u00e4nnande.<\/p>\n<p><strong>Det d\u00e4r med hemtj\u00e4nsten<\/strong> \u00e4r fascinerande. Ibland kommer de i tid, ibland f\u00f6r sent, ibland inte alls. Lite jobbigt, n\u00e4r man inte kan g\u00e5 p\u00e5 toaletten utan hj\u00e4lp.<\/p>\n<p><strong>Mamma gillar potatis<\/strong>, men den varan blir det inte mycket av numera. Tidsschemat till\u00e5ter n\u00e4mligen inte potatiskokning utan det f\u00e5r bli snabbris ist\u00e4llet. Den senaste kulinariska upplevelsen bestod av att hon tv\u00e5 dagar i rad fick r\u00e5a fiskpinnar eftersom hemtj\u00e4nstarna inte riktigt hade grepp p\u00e5 det d\u00e4r med att de konstiga sakerna i paketet beh\u00f6vde stekas f\u00f6re servering.<\/p>\n<p><strong>N\u00e4r min dotter kom dit<\/strong> n\u00e5gon dag senare och hemtj\u00e4nstaren hade l\u00e4mnat, hittade dottern en knallr\u00f6d, gl\u00f6dhet spisplatta inst\u00e4lld p\u00e5 h\u00f6gsta niv\u00e5. Inte s\u00e5 bra med tanke p\u00e5 att mamma \u00e4r halvblind.<\/p>\n<p><strong>\u00c4ventyr vid 93 \u00e5rs \u00e5lder.<\/strong><\/p>\n<p><strong>F\u00f6r en tid sedan blev mamma bestulen p\u00e5 ett antal smycken,<\/strong> bland annat den br\u00f6llopsring hon &#8211; som en k\u00e4rleksf\u00f6rklaring &#8211; sm\u00e4lt ihop med min d\u00f6de fars br\u00f6llopsring. Mamma, som har ett sjukt bra minne n\u00e4r det g\u00e4ller dagar och tider och dessutom skriver upp en hel del, kunde utan tvivel ange under vilken \u00e5ttadagarsperiod smyckena hade f\u00f6rsvunnit. Under denna tid hade ingen utom hemtj\u00e4nstpersonalen bes\u00f6kt henne.<\/p>\n<p><strong>Hemtj\u00e4nstf\u00f6retaget Aleris gjorde,<\/strong> sedan jag gapat och skrikit, en intern unders\u00f6kning som visade att alla som hade bes\u00f6kt mamma under perioden, nekade. Den enda som fattades &#8211; den som ocks\u00e5 visat ett osunt starkt intresse f\u00f6r mammas smycken &#8211; hade rest p\u00e5 semester och skulle &#8221;h\u00f6ras&#8221; senare.<\/p>\n<p><strong>\u00c4ven hon nekade.<\/strong><\/p>\n<p><strong>Vi polisanm\u00e4lde.<\/strong> Polisen lade ner utredningen utan att ha ringt ett samtal. Jag \u00f6verklagade. Polisen tog upp utredningen. Sa de. Ingenting h\u00e4nde. Jag skrev och br\u00e5kade. Polisen tog upp utredningen men utredaren f\u00f6rklarade i ett tidigt telefonsamtal till mig att hon inte hade n\u00e5got hopp.<\/p>\n<p><strong>Ty i l\u00f6gnernas v\u00e4rld g\u00e5r den skyldige ofta fri.<\/strong><\/p>\n<p><strong>H\u00e4nger du med h\u00e4r?<\/strong> Hittills har vi allts\u00e5 en 93-\u00e5rig kvinna som har jobbat h\u00e4cken av sig och betalt skatt fr\u00e5n knappa 20 \u00e5rs \u00e5lder tills hon vid knappt 90 gjorde sin sista deklaration \u00e5t n\u00e5gon annan (fast hon h\u00e4vdar att hon vill g\u00f6ra min i \u00e5r ocks\u00e5).<\/p>\n<p><strong>Vi har en 93-\u00e5rig kvinna<\/strong> som inte vet om hon f\u00e5r komma upp och g\u00e5 p\u00e5 toa p\u00e5 morgonen, eller om hon ska g\u00f6ra p\u00e5 sig i bl\u00f6jorna f\u00f6r att den privatiserade hemtj\u00e4nstens timanst\u00e4llda, stressade stackare inte hinner dit i tid. Vi har en \u00e4ldre dam som dagligen ber\u00f6vas p\u00e5 sin v\u00e4rdighet genom att inte f\u00e5 \u00e4ta det hon \u00f6nskar, genom att personalen av obegripliga sk\u00e4l flyttar runt saker i hennes l\u00e4genhet s\u00e5 att hon inte l\u00e4ngre hittar dem, genom att ingen har tid att lyssna p\u00e5 vad <em>hon<\/em> egentligen vill. Genom att hennes vita kl\u00e4der tv\u00e4ttas ihop med f\u00e4rgade.<\/p>\n<p><strong>Detta i ett Sverige d\u00e4r politiker f\u00f6resl\u00e5r att vi ska \u00e4gna stora resurser \u00e5t att ta hand om &#8221;\u00e5terv\u00e4ndande&#8221; IS-krigare som p\u00e5 bekostnad av svenska skattemedel \u00e5kt till L\u00e5ngtbortistan f\u00f6r att jobba h\u00e5rt med att v\u00e5ldta och d\u00f6da kvinnor och barn.<\/strong><\/p>\n<p><strong>F\u00f6rst\u00e5r du min l\u00e4tta irritation?<\/strong><\/p>\n<p><strong>Och nu &#8211; sk\u00e5pet.<\/strong> Mamma har ett sk\u00e5p som kommer fr\u00e5n mormor. En vacker gammal pj\u00e4s i riktigt tr\u00e4. Undersk\u00e5p med tr\u00e4d\u00f6rrar, \u00f6versk\u00e5p med spr\u00f6jsade glasd\u00f6rrar. Otroligt v\u00e4rdefullt och viktigt f\u00f6r henne. Undersk\u00e5pets v\u00e4nsterd\u00f6rr l\u00e5ses i l\u00e4ge genom att man skjuter en liten metallsprint upp\u00e5t. Ganska vanligt. H\u00f6gerd\u00f6rren l\u00e5ses med nyckel.<\/p>\n<p><strong>Nu hade n\u00e5gon kl\u00e5fingrig j\u00e4vel<\/strong> som inte har i sk\u00e5pet att g\u00f6ra varit d\u00e4r och pillat s\u00e5 att d\u00f6rrarna tydligen stod \u00f6ppna. Detta irriterade i sin tur en sk\u00f6terska som kom p\u00e5 bes\u00f6k och best\u00e4mde sig f\u00f6r att \u00e5tg\u00e4rda el\u00e4ndet.<\/p>\n<p><strong>Med kirurgtejp.<\/strong><\/p>\n<p><strong>Innan vi i helgen som gick<\/strong>\u00a0uppt\u00e4ckte el\u00e4ndet hade kirurgtejpen redan hunnit g\u00f6ra sitt jobb. N\u00e4r vi f\u00f6rsiktigt pillade bort den f\u00f6ljde delar av tr\u00e4ets yta med, och sp\u00e5ren \u00e4r fula.<\/p>\n<p><a href=\"https:\/\/www.ohrlund.se\/blogg\/wp-content\/uploads\/2015\/01\/Sk\u00e5p-01.jpg\"><img loading=\"lazy\" decoding=\"async\" class=\"alignleft size-large wp-image-2266\" src=\"https:\/\/www.ohrlund.se\/blogg\/wp-content\/uploads\/2015\/01\/Sk\u00e5p-01-768x1024.jpg\" alt=\"Sk\u00e5p 01\" width=\"584\" height=\"779\" srcset=\"https:\/\/www.ohrlund.se\/blogg\/wp-content\/uploads\/2015\/01\/Sk\u00e5p-01-768x1024.jpg 768w, https:\/\/www.ohrlund.se\/blogg\/wp-content\/uploads\/2015\/01\/Sk\u00e5p-01-225x300.jpg 225w\" sizes=\"auto, (max-width: 584px) 100vw, 584px\" \/><\/a><\/p>\n<p>&nbsp;<\/p>\n<p>&nbsp;<\/p>\n<p><em>Inget g\u00e5r upp mot kirurgtejp n\u00e4r det g\u00e4ller att st\u00e4nga en irriterande sk\u00e5psd\u00f6rr, tycker &#8211; n\u00e5gon!<\/em><\/p>\n<p><strong>Eftersom mamma hade r\u00e5koll<\/strong> p\u00e5 vilket datum n\u00e5gon varit d\u00e4r och tejpat, och att det inte var n\u00e5gon fr\u00e5n hemtj\u00e4nsten utan fr\u00e5n v\u00e5rdcentralen, skrev jag till den ansvariga p\u00e5 v\u00e5rdcentralen. F\u00f6r att det inte ska vara l\u00f6gn &#8211; som danskarna s\u00e4ger &#8211; s\u00e5 publicerar jag hela hennes svar h\u00e4r (dock utan att namnge henne, ty i Sverige skulle ju detta vara <strong><em>kr\u00e4nkande<\/em><\/strong>, gubevars):<\/p>\n<div><em>&#8221;Hej,<\/em><\/div>\n<div><em>\u00a0Vi talades vid ig\u00e5r efter att jag mottagit ditt mail. Det du beskriver \u00e4r mycket tr\u00e5kigt och jag beklagar verkligen att detta skett med din mors sk\u00e5p. Idag har jag varit hemma hos din mor, och tittat p\u00e5 det aktuella sk\u00e5pet. Jag ser att det finns tydliga m\u00e4rken av tejpremsor p\u00e5 sk\u00e5psd\u00f6rrarna.<\/em><\/div>\n<div><em>N\u00e4r jag talade med Barbro hade hon en tydlig minnesbild om att\u00a0tejpen skulle satts p\u00e5 sk\u00e5pet den 22 december, efter att personal fr\u00e5n oss tagit blodprov. Jag har haft samtal med\u00a0den person som tog blodprov den dagen. Hon nekar till denna anklagelse, och s\u00e4ger att hon aldrig skulle\u00a0g\u00f6ra n\u00e5got s\u00e5dant. Jag har\u00a0haft enskilda samtal\u00a0med samtliga, fyra personer sammanlagt, inklusive ansvarig distriktssk\u00f6terska, som varit hemma hos Barbro sedan den 22 december. De nekar\u00a0allihop till att de skulle satt tejp p\u00e5 sk\u00e5psd\u00f6rrarna, och ingen av dem har s\u00e4rskilt lagt m\u00e4rke till sk\u00e5pet, \u00e4n mindre att det skulle finnas n\u00e5got problem med sk\u00e5psd\u00f6rrarna.<\/em><\/div>\n<div><em>D\u00e5 personalen fr\u00e5n R\u00e5sunda v\u00e5rdcentral kommer till Barbro f\u00f6r att ta blodprov, st\u00e4mmer det \u00f6verens med att vi inte har n\u00e5got med m\u00f6blerna att g\u00f6ra. Jag ser dock, som jag skrev, tydliga m\u00e4rken av tejp, och kan f\u00f6rst\u00e5 att problem skulle kunna uppst\u00e5\u00a0om d\u00f6rrarna st\u00e5r \u00f6ppna, d\u00e5 de skulle kunna hindra Barbro eller n\u00e5gon annan att fritt r\u00f6ra sig i det utrymme d\u00e4r sk\u00e5pet st\u00e5r. Du n\u00e4mnde att personal varit hemma hos din mor f\u00f6r att tr\u00e4na henne att g\u00e5 med rollator och att hon ocks\u00e5 har hj\u00e4lp fr\u00e5n hemtj\u00e4nst. Det kan vara v\u00e4rt att h\u00f6ra med \u00e4ven rehabilitering\u00a0och hemtj\u00e4nst om de k\u00e4nner till var tejpen skulle kommit ifr\u00e5n, eller om de sett att den suttit p\u00e5 sk\u00e5pet. Finns det bilder p\u00e5 sk\u00e5pet innan tejpen togs bort? Du<\/em> skriver maskeringstejp, <em>och sa sedan kirurgtejp till mig. En bild skulle nog kunna avg\u00f6ra vad slags tejp det var. Jag t\u00e4nker att ert f\u00f6rs\u00e4kringsbolag b\u00f6r underr\u00e4ttas om skadan, men det \u00e4r f\u00f6r mig, efter de samtal jag haft med Barbro och min personal idag, inte alls sj\u00e4lvklart att R\u00e5sunda v\u00e5rdcentral ska st\u00e5 f\u00f6r kostnaden f\u00f6r att renovera sk\u00e5pet. med v\u00e4nliga h\u00e4lsningar, <strong>xx<\/strong>&#8221;<\/em><\/div>\n<div><\/div>\n<div><strong>Lade du<\/strong> ocks\u00e5 m\u00e4rke till den fantastiska meningen?<\/div>\n<div><strong><em>Jag t\u00e4nker att ert f\u00f6rs\u00e4kringsbolag b\u00f6r underr\u00e4ttas om skadan.<\/em><\/strong><\/div>\n<div><\/div>\n<div><strong>What, The. Fuck??<\/strong><\/div>\n<div><\/div>\n<div><strong>N\u00e5gon<\/strong> har kommit in i mammas l\u00e4genhet och idiottejpat ett fullt fungerande sk\u00e5p. Och nu ska vi allts\u00e5 underr\u00e4tta MAMMAS f\u00f6rs\u00e4kringsbolag??? Allt enligt tesen &#8211; jag br\u00e4nner ner ditt hus men ring DITT f\u00f6rs\u00e4kringsbolag f\u00f6r det \u00e4r ju DITT problem att du inte har n\u00e5got hus l\u00e4ngre, eller hur?<\/div>\n<div><\/div>\n<div><strong>F\u00f6rst\u00e5r du min l\u00e4tta irritation?<\/strong><\/div>\n<div><\/div>\n<div><strong>Jag inser<\/strong> att det blir som med de stulna smyckena:<\/div>\n<div>&#8221;<strong>Va? Vem? Jag? Jag har inte gjort n\u00e5got. Det m\u00e5ste vara <em>n\u00e5gon annans<\/em> fel.<\/strong><\/div>\n<div><strong>F\u00f6r annars f\u00e5r jag<\/strong> betala och d\u00e5 blir det d\u00e5lig st\u00e4mning.<\/div>\n<div><strong>B\u00e4ttre om <em>du<\/em> betalar.&#8221;<\/strong><\/div>\n<div><\/div>\n<div><strong>Det h\u00e4r \u00e4r dessv\u00e4rre<\/strong> inget isolerat problem, varken mamma eller n\u00e5gon annan \u00e4r ensam om att drabbas av den farsot som \u00e4r v\u00e4rre \u00e4n AIDS och Ebola tillsammans:<\/div>\n<div><\/div>\n<div><strong>Att alla skiter i allt och &#8211; \u00e4n v\u00e4rre &#8211; att ingen l\u00e4ngre vill st\u00e5 upp och ta ansvar f\u00f6r n\u00e5got.<\/strong><\/div>\n<div><\/div>\n<div>K\u00e4nner du igen det?<\/div>\n<div><\/div>\n<div><strong>Under dagarna som g\u00e5tt<\/strong> har jag t\u00e4nkt igenom situationen noga och \u00f6verv\u00e4gt olika alternativ. Man skulle ju kunna t\u00e4nka sig att mamma har blivit skvatt galen p\u00e5 n\u00e5gra dygn. Eller att vi som sett det f\u00f6rst\u00f6rda sk\u00e5pet bara har inbillat oss. Eller att &#8211;<\/div>\n<div><strong>NU VET JAG! JAG VET HUR DET GICK TILL!<\/strong><\/div>\n<div><\/div>\n<div><strong>Extrema, fundamentalistiska rymdhuliganer fr\u00e5n planeten Uranus<\/strong> (uttala det p\u00e5 engelska s\u00e5 f\u00f6rst\u00e5r du vad jag menar ;o)) hade tr\u00e5kigt h\u00e4romveckan. En av dem slog n\u00e4ven i bordet och ylade:<\/div>\n<div><em><strong>&#8221;Vi \u00e5ker till den d\u00e4r idiotplaneten Jorden, till Solna, n\u00e4rmare best\u00e4mt, Sommarv\u00e4gen! Vi tar med oss rej\u00e4lt med kirurgtejp och sabbar upp ett antikt sk\u00e5p f\u00f6r n\u00e5gon gammal k\u00e4ring. Sen \u00e5ker vi hem igen. Cool grej. Och n\u00e5gon annan kommer att f\u00e5 skulden, hehe.&#8221;<\/strong><\/em><\/div>\n<div><\/div>\n<div><a href=\"https:\/\/www.ohrlund.se\/blogg\/wp-content\/uploads\/2015\/01\/Rymdhuligan.jpg\"><img loading=\"lazy\" decoding=\"async\" class=\"alignleft size-large wp-image-2265\" src=\"https:\/\/www.ohrlund.se\/blogg\/wp-content\/uploads\/2015\/01\/Rymdhuligan-725x1024.jpg\" alt=\"Rymdhuligan\" width=\"584\" height=\"825\" srcset=\"https:\/\/www.ohrlund.se\/blogg\/wp-content\/uploads\/2015\/01\/Rymdhuligan-725x1024.jpg 725w, https:\/\/www.ohrlund.se\/blogg\/wp-content\/uploads\/2015\/01\/Rymdhuligan-212x300.jpg 212w\" sizes=\"auto, (max-width: 584px) 100vw, 584px\" \/><\/a><\/div>\n<div><\/div>\n<div><\/div>\n<p>&nbsp;<\/p>\n<p><em>Tejpaggressiv rymdhuligan fr\u00e5n Uranus, tolkad av min eminenta dotter Josephine, Alexis Design.<\/em><\/p>\n<p><strong>Det m\u00e5ste<\/strong> v\u00e4l \u00e4nd\u00e5 ha varit s\u00e5 det gick till, eller hur?<\/p>\n<p><strong>Jag kommer nu<\/strong> att skriva till F\u00f6rvaltningen hos Solna Stad, v\u00e4rldsm\u00e4stare i privatisering men icke desto mindre djupt ansvariga f\u00f6r varenda v\u00e5rdgivare och varenda hemtj\u00e4nstf\u00f6retag de tecknat kontrakt med.<\/p>\n<p><strong>Jag ser med stor tillfredsst\u00e4llelse<\/strong> fram mot svaret. Kommer kommunen att komma med en b\u00e4ttre teori \u00e4n rymdhuliganerna?<\/p>\n<p><strong>Och &#8211;<\/strong> kommer n\u00e5gon att ta ansvar f\u00f6r mammas f\u00f6rst\u00f6rda sk\u00e5p?<\/p>\n<p><strong>Och du &#8211; g\u00f6r mig en tj\u00e4nst.<\/strong> Bli INTE gammal i Sverige, oavsett vilken regering som sitter. Jag kan n\u00e4stan garantera att f\u00e4rden inte blir fylld av den respekt som borde g\u00e4lla. I bakgrunden h\u00e4rjar bland annat Mammon och den som \u00e4r intresserad av vilka summor som h\u00e4rjar i hemtj\u00e4nstbranschen kan ta en titt h\u00e4r:<\/p>\n<p>http:\/\/www.svd.se\/naringsliv\/miljardklipp-pa-skattepengar_5995031.svd<\/p>\n<p>&nbsp;<\/p>\n<div id=\"wp_fb_like_button\" style=\"margin:5px 0;float:none;height:100px;\"><script src=\"http:\/\/connect.facebook.net\/en_US\/all.js#xfbml=1\"><\/script><fb:like href=\"https:\/\/www.ohrlund.se\/blogg\/i-lognernas-varld-gar-den-skyldige-fri-eller-rymdattack-fran-uranus\/\" send=\"true\" layout=\"standard\" width=\"450\" show_faces=\"true\" font=\"arial\" action=\"like\" colorscheme=\"light\"><\/fb:like><\/div>","protected":false},"excerpt":{"rendered":"<p>F\u00e5 saker g\u00f6r mig s\u00e5 uppr\u00f6rd som \u00f6vergrepp p\u00e5 barn, djur, gamla, handikappade och andra som inte har en chans att f\u00f6rsvara sig. Mamma \u00e4r en av dem. Jag har skrivit om mamma f\u00f6rr och kommer f\u00f6rmodligen &#8211; dessv\u00e4rre &#8211; &hellip; <a href=\"https:\/\/www.ohrlund.se\/blogg\/i-lognernas-varld-gar-den-skyldige-fri-eller-rymdattack-fran-uranus\/\">Forts\u00e4tt l\u00e4sa <span class=\"meta-nav\">&rarr;<\/span><\/a><\/p>\n","protected":false},"author":2,"featured_media":0,"comment_status":"open","ping_status":"open","sticky":false,"template":"","format":"standard","meta":{"_jetpack_memberships_contains_paid_content":false,"footnotes":""},"categories":[1],"tags":[],"class_list":["post-2264","post","type-post","status-publish","format-standard","hentry","category-okategoriserade"],"jetpack_featured_media_url":"","jetpack_sharing_enabled":true,"post_mailing_queue_ids":[],"_links":{"self":[{"href":"https:\/\/www.ohrlund.se\/blogg\/wp-json\/wp\/v2\/posts\/2264","targetHints":{"allow":["GET"]}}],"collection":[{"href":"https:\/\/www.ohrlund.se\/blogg\/wp-json\/wp\/v2\/posts"}],"about":[{"href":"https:\/\/www.ohrlund.se\/blogg\/wp-json\/wp\/v2\/types\/post"}],"author":[{"embeddable":true,"href":"https:\/\/www.ohrlund.se\/blogg\/wp-json\/wp\/v2\/users\/2"}],"replies":[{"embeddable":true,"href":"https:\/\/www.ohrlund.se\/blogg\/wp-json\/wp\/v2\/comments?post=2264"}],"version-history":[{"count":2,"href":"https:\/\/www.ohrlund.se\/blogg\/wp-json\/wp\/v2\/posts\/2264\/revisions"}],"predecessor-version":[{"id":2268,"href":"https:\/\/www.ohrlund.se\/blogg\/wp-json\/wp\/v2\/posts\/2264\/revisions\/2268"}],"wp:attachment":[{"href":"https:\/\/www.ohrlund.se\/blogg\/wp-json\/wp\/v2\/media?parent=2264"}],"wp:term":[{"taxonomy":"category","embeddable":true,"href":"https:\/\/www.ohrlund.se\/blogg\/wp-json\/wp\/v2\/categories?post=2264"},{"taxonomy":"post_tag","embeddable":true,"href":"https:\/\/www.ohrlund.se\/blogg\/wp-json\/wp\/v2\/tags?post=2264"}],"curies":[{"name":"wp","href":"https:\/\/api.w.org\/{rel}","templated":true}]}}