{"id":2282,"date":"2015-04-02T19:52:02","date_gmt":"2015-04-02T17:52:02","guid":{"rendered":"http:\/\/www.ohrlund.se\/blogg\/?p=2282"},"modified":"2015-04-02T19:52:02","modified_gmt":"2015-04-02T17:52:02","slug":"ensamheten-onskar-glad-pask","status":"publish","type":"post","link":"https:\/\/www.ohrlund.se\/blogg\/ensamheten-onskar-glad-pask\/","title":{"rendered":"Ensamheten \u00f6nskar glad p\u00e5sk"},"content":{"rendered":"<p>Sk\u00e4rtorsdagens eftermiddag.<br \/>\nJag g\u00e5r in p\u00e5 den lokala korvmojen som drivs av tv\u00e5 oerh\u00f6rt f\u00f6rsynta och trevliga herrar fr\u00e5n ett annat land.<br \/>\nJag best\u00e4ller tv\u00e5 kokta med br\u00f6d och en <strong>Pucko<\/strong> (ja, jag v\u00e4grar anv\u00e4nda tramsnamnet som n\u00e5gon felvaggad marknadsputte har bytt till).<br \/>\nVid bordet bredvid mitt sitter <\/strong><\/em>Ensamheten med bara en sl\u00e4t kopp kaffe framf\u00f6r sig.<br \/>\nHan har en n\u00e5got m\u00e4rklig ansiktsform, det \u00e4r n\u00e5got fel p\u00e5 hans ena \u00f6ga och han har en konstig frisyr. Han \u00e4r stor. Eller, p\u00e5 svenska, fet.<br \/>\nJag hinner knappt \u00f6ppna min tidning f\u00f6rr\u00e4n han b\u00f6rjar prata.<br \/>\n&#8221;Jag har handlat lite i dag&#8221;, s\u00e4ger han. &#8221;K\u00f6pt en dekoder. Den gamla lade av.&#8221;<br \/>\n&#8221;Jahaja&#8221;, s\u00e4ger jag och sl\u00e5r upp tidningen.<br \/>\n&#8221;Konstigt det d\u00e4r med kanalerna, f\u00f6rresten. Man f\u00e5r ha dem och s\u00e5 tar de bort dem och s\u00e5 f\u00e5r man ha dem igen. Konstigt.&#8221;<br \/>\n&#8221;Mmmm&#8221;, s\u00e4ger jag och f\u00f6rs\u00f6ker koncentrera mig p\u00e5 en notis.<br \/>\n&#8221;Du kanske vill l\u00e4sa&#8221;, s\u00e4ger han.<br \/>\n&#8221;Ja, jo &#8230; &#8221;<br \/>\n&#8221;F\u00f6rresten fick jag diabetes f\u00f6r ett tag sedan. Eller n\u00e4stan i alla fall. Det blir inget p\u00e5skgodis i \u00e5r. Jag m\u00e5ste se upp, s\u00e4ger dom.&#8221;<br \/>\n&#8221;Aj d\u00e5&#8221;, s\u00e4ger jag. &#8221;Det d\u00e4r f\u00e5r du se upp med.&#8221;<br \/>\nHan nickar allvarligt.<br \/>\n&#8221;Sedan, f\u00f6r ett par veckor sedan, fick jag svamp i ljumskarna. Du anar inte vad det sved och kliade. Jag fick h\u00e5lla p\u00e5 med salvor &#8230;&#8221; han ser pl\u00f6tsligt f\u00f6rl\u00e4gen ut &#8221; &#8230; men det \u00e4r klart, s\u00e5nt ska jag ju inte sitta och s\u00e4ga n\u00e4r du \u00e4ter korv.&#8221;<br \/>\n&#8221;Ingen fara.&#8221; Jag ler och viftar avv\u00e4rjande med handen.<br \/>\nIrritationen \u00f6ver att inte f\u00e5 vara ifred i n\u00e5gra minuter med en tidning l\u00e4gger sig och jag ger upp l\u00e4sandet.<br \/>\nHan tittar tacksamt.<br \/>\n&#8221;Du \u00e4r en sn\u00e4ll m\u00e4nniska, m\u00e4rker jag. En s\u00e5n d\u00e4r som man kan prata med.&#8221;<br \/>\n<em>Du skulle bara veta<\/em>, t\u00e4nker jag men drabbas omedelbart av d\u00e5ligt samvete.<br \/>\nAprop\u00e5 hans nya dekoder pratar vi om hur fort apparater g\u00e5r s\u00f6nder nuf\u00f6rtiden.<br \/>\n&#8221;Jag har en gammal r\u00f6rradio p\u00e5 vinden&#8221;, s\u00e4ger jag. &#8221;S\u00e4kert fr\u00e5n femtiotalet. Fungerar utan problem och har ett fantastiskt ljud.&#8221;<br \/>\n&#8221;Det \u00e4r fint med gamla grejor&#8221;, nickar han. &#8221;Har du skivspelare ocks\u00e5?&#8221;<br \/>\n&#8221;N\u00e4, jag hade inte plats med skivorna s\u00e5 jag s\u00e5lde hela klabbet.&#8221;<br \/>\n&#8221;Jaha. F\u00f6r annars vet jag en kille i Bor\u00e5s som s\u00e4ljer skivspelare f\u00f6r 280 sp\u00e4nn. Om du vill s\u00e5 kan jag kolla &#8230; fast det \u00e4r klart, de finns s\u00e4kert p\u00e5 Clas Ohlsson ocks\u00e5.&#8221;<br \/>\nJag nickar fundersamt. &#8221;S\u00e4kert.&#8221;<br \/>\nJag har \u00e4tit mina korvar, druckit min Pucko och sl\u00e4ngt skr\u00e4pet i papperskorgen.<br \/>\nM\u00e5ste vidare.<br \/>\nVad g\u00f6r man nu?<br \/>\n&#8221;Vad ska du g\u00f6ra i p\u00e5sk, d\u00e5?&#8221; undrar han. &#8221;Umg\u00e5s med familjen?&#8221;<br \/>\nJag undviker just det svaret eftersom n\u00e5got s\u00e4ger mig att han inte har n\u00e5gon familj.<br \/>\n&#8221;Bara ta det lugnt. F\u00f6rs\u00f6ka bota f\u00f6rkylningen.&#8221;<br \/>\nEnsamheten nickar. &#8221;Drick mycket te. Med honung i. Det \u00e4r gott.&#8221;<br \/>\nJag reser mig. Vet inte riktigt vad jag ska s\u00e4ga.<br \/>\n&#8221;Hoppas att du f\u00e5r en trevlig p\u00e5sk nu.&#8221;<br \/>\nHan ler f\u00f6r f\u00f6rsta g\u00e5ngen:<br \/>\n&#8221;Du ocks\u00e5. Sk\u00f6t om dig nu. Jag ska koppla in dekodern, jag.&#8221;<br \/>\nJag lovar. G\u00e5r ut, s\u00e4tter mig i bilen och k\u00f6r mot gemenskapen. Undrar vad Ensamheten ska g\u00f6ra n\u00e4r korvmojen st\u00e4nger om n\u00e5gra timmar.<br \/>\nDet sl\u00e5r mig \u00e5ter att vi pratar j\u00e4ttemycket &#8211; och alldeles f\u00f6r lite &#8211; om hur vi ska ta hand om alla de hundratusentals m\u00e4nniskor vi slussar in fr\u00e5n andra l\u00e4nder. De som vi ger t\u00e4ckjackor, l\u00e5ser in i tr\u00e4baracker p\u00e5 landsbygden, h\u00e4ller corn flakes i, kn\u00e4pper med fingrarna och hoppas att allt ska ordna sig till det b\u00e4sta &#8211; allt medan vi br\u00f6star oss och visar omv\u00e4rlden hur duktigt Sverige \u00e4r.<br \/>\nOch att vi pratar j\u00e4ttelite &#8211; eller inte alls &#8211; om hur vi ska ta hand om dem som beh\u00f6vde oss redan l\u00e5ngt tidigare.<br \/>\nEnsamheten och hans mycket, mycket stora sl\u00e4kt.<\/p>\n<div id=\"wp_fb_like_button\" style=\"margin:5px 0;float:none;height:100px;\"><script src=\"http:\/\/connect.facebook.net\/en_US\/all.js#xfbml=1\"><\/script><fb:like href=\"https:\/\/www.ohrlund.se\/blogg\/ensamheten-onskar-glad-pask\/\" send=\"true\" layout=\"standard\" width=\"450\" show_faces=\"true\" font=\"arial\" action=\"like\" colorscheme=\"light\"><\/fb:like><\/div>","protected":false},"excerpt":{"rendered":"<p>Sk\u00e4rtorsdagens eftermiddag. Jag g\u00e5r in p\u00e5 den lokala korvmojen som drivs av tv\u00e5 oerh\u00f6rt f\u00f6rsynta och trevliga herrar fr\u00e5n ett annat land. Jag best\u00e4ller tv\u00e5 kokta med br\u00f6d och en Pucko (ja, jag v\u00e4grar anv\u00e4nda tramsnamnet som n\u00e5gon felvaggad marknadsputte &hellip; <a href=\"https:\/\/www.ohrlund.se\/blogg\/ensamheten-onskar-glad-pask\/\">Forts\u00e4tt l\u00e4sa <span class=\"meta-nav\">&rarr;<\/span><\/a><\/p>\n","protected":false},"author":2,"featured_media":0,"comment_status":"open","ping_status":"open","sticky":false,"template":"","format":"standard","meta":{"_jetpack_memberships_contains_paid_content":false,"footnotes":""},"categories":[1],"tags":[],"class_list":["post-2282","post","type-post","status-publish","format-standard","hentry","category-okategoriserade"],"jetpack_featured_media_url":"","jetpack_sharing_enabled":true,"post_mailing_queue_ids":[],"_links":{"self":[{"href":"https:\/\/www.ohrlund.se\/blogg\/wp-json\/wp\/v2\/posts\/2282","targetHints":{"allow":["GET"]}}],"collection":[{"href":"https:\/\/www.ohrlund.se\/blogg\/wp-json\/wp\/v2\/posts"}],"about":[{"href":"https:\/\/www.ohrlund.se\/blogg\/wp-json\/wp\/v2\/types\/post"}],"author":[{"embeddable":true,"href":"https:\/\/www.ohrlund.se\/blogg\/wp-json\/wp\/v2\/users\/2"}],"replies":[{"embeddable":true,"href":"https:\/\/www.ohrlund.se\/blogg\/wp-json\/wp\/v2\/comments?post=2282"}],"version-history":[{"count":4,"href":"https:\/\/www.ohrlund.se\/blogg\/wp-json\/wp\/v2\/posts\/2282\/revisions"}],"predecessor-version":[{"id":2286,"href":"https:\/\/www.ohrlund.se\/blogg\/wp-json\/wp\/v2\/posts\/2282\/revisions\/2286"}],"wp:attachment":[{"href":"https:\/\/www.ohrlund.se\/blogg\/wp-json\/wp\/v2\/media?parent=2282"}],"wp:term":[{"taxonomy":"category","embeddable":true,"href":"https:\/\/www.ohrlund.se\/blogg\/wp-json\/wp\/v2\/categories?post=2282"},{"taxonomy":"post_tag","embeddable":true,"href":"https:\/\/www.ohrlund.se\/blogg\/wp-json\/wp\/v2\/tags?post=2282"}],"curies":[{"name":"wp","href":"https:\/\/api.w.org\/{rel}","templated":true}]}}