{"id":2321,"date":"2015-05-01T00:30:33","date_gmt":"2015-04-30T22:30:33","guid":{"rendered":"http:\/\/www.ohrlund.se\/blogg\/?p=2321"},"modified":"2015-05-01T00:30:33","modified_gmt":"2015-04-30T22:30:33","slug":"ratten-att-bada","status":"publish","type":"post","link":"https:\/\/www.ohrlund.se\/blogg\/ratten-att-bada\/","title":{"rendered":"R\u00e4tten att bada"},"content":{"rendered":"<p><strong>Valborgsm\u00e4ssoafton.<br \/>\nTid f\u00f6r vila. Och eftertanke.<\/strong><br \/>\n<strong>N\u00e4r jag var ung<\/strong> var det oerh\u00f6rt viktigt att vara ute, oavsett v\u00e4der. Och eftersom v\u00e4dret traditionellt best\u00e5tt av kyla, regn, storm, sn\u00f6 eller hagel &#8211; vinterns sista hj\u00e4lpl\u00f6sa protest mot v\u00e5ren och sommaren &#8211; betydde Valborg i f\u00f6rsta hand att &#8211; frysa.<br \/>\nDet var d\u00e5.<br \/>\n<strong>Nu en \u00f6nskan om att bara f\u00e5 vara inne.<\/strong> Ta det lugnt. Slippa pinsamma fyllon, raketer och n\u00e5gon lokal f\u00f6rening som desperat f\u00f6rs\u00f6ker s\u00e4lja n\u00e5got man inte vill ha.<br \/>\nDen gamles, bittres r\u00e4tt att slippa.<br \/>\n<strong>Underbart.<\/strong><br \/>\n<strong>S\u00e5 &#8211; tittar p\u00e5 tv, f\u00f6r omv\u00e4xlings skull.<\/strong> F\u00f6rst en gala till f\u00f6rm\u00e5n f\u00f6r barn som har det sv\u00e5rt i andra v\u00e4rldsdelar.<br \/>\n<strong>Funderar<\/strong> en stund \u00f6ver det d\u00e4r. Har sett liknande tv-program i exakt femtio \u00e5r nu och undrar varf\u00f6r det inte blir n\u00e5gon \u00e4ndring, med tanke p\u00e5 alla insatser som gjorts.<br \/>\n<strong>V\u00e4rlden skickar hj\u00e4lp till utsatta omr\u00e5den.<\/strong> Massor av hj\u00e4lp. Miljoner. Miljarder.<br \/>\n<strong>L\u00e4get \u00e4r lika illa.<\/strong><br \/>\n<strong>Beror det fortfarande p\u00e5<\/strong> att generalsekreterarna i hj\u00e4lporganisationerna tj\u00e4nar sjukt lika mycket som Bengt Westerberg gjorde, och lika skaml\u00f6st som han stoppar pengarna i fickan trots full pension? Eller p\u00e5 att korrumperade m\u00e4nniskor i hj\u00e4lpomr\u00e5dena stj\u00e4l det som kommer dit innan det n\u00e5r de beh\u00f6vande?<br \/>\n<strong>Vad vet jag<\/strong> &#8211; en fluga i universum? Jag ser bara resultatet.<br \/>\n<strong>Bedr\u00f6vande.<\/strong><\/p>\n<p><strong>S\u00e5 &#8211; debattprogram i ettan<\/strong>, allt enligt den nya normen. <em>Avbryt folk, l\u00e5t ingen f\u00e5 prata klart.<\/em> K\u00f6r MTV-stuket: Klipp-ny bild-klipp-ny musik-klipp-ny video-klipp ny m\u00e4nniska-klipp-ny bild-klipp&#8230;<br \/>\n<strong>Vem som helst<\/strong> kan f\u00e5 ett epilepsianfall av det d\u00e4r.<br \/>\n<strong>Hursomhelst.<\/strong> Debatten f\u00e5r mig omedelbart att m\u00e5 illa.<br \/>\n<strong>Saken:<\/strong><br \/>\n<strong>Kvinna i sl\u00f6ja <em>kr\u00e4ver<\/em> <\/strong>att hennes kommun ska avdela en dag i veckan i badhuset f\u00f6r muslimska kvinnor. Naturligtvis f\u00e5r inte ens manliga badm\u00e4stare n\u00e4rvara d\u00e5.<br \/>\n<strong>En manlig badm\u00e4stare<\/strong> med asiatiskt utseende undrar p\u00e5 fullt allvar om hon vill kr\u00e4nka m\u00e4n genom att st\u00e4nga ute \u00e4ven dem som har livr\u00e4ddande funktion, fr\u00e5n bass\u00e4ngen denna dag.<br \/>\n<strong>P\u00e5 fullt allvar svarar kvinnan ja<\/strong> med h\u00e4nvisning till att &#8221;m\u00e5nga&#8221; av de kvinnor som vill ha det s\u00e5 h\u00e4r, \u00e4r <em>skattebetalare<\/em>.<br \/>\n<strong>Jahaja.<\/strong><br \/>\n<strong>T\u00e4nk tanken full ut. Fr\u00e5n och med nu g\u00f6r vi s\u00e5 h\u00e4r i alla kommunala badhus:<\/strong><br \/>\n*En dag viks f\u00f6r muslimska kvinnor som inte vill bada i samma bass\u00e4ng som m\u00e4n<br \/>\n*En dag viks f\u00f6r katolska kvinnor<br \/>\n*En dag viks f\u00f6r ortodoxa kvinnor<br \/>\n*En dag viks f\u00f6r kristna kvinnor<br \/>\n*En dag viks f\u00f6r homosexuella kvinnor<br \/>\n*En dag viks f\u00f6r handikappade, amputerade kvinnor<br \/>\n*En dag viks f\u00f6r kvinnor med klaustrofobi<br \/>\n*En dag viks f\u00f6r kvinnor med sv\u00e5r \u00e5ngest<br \/>\n*En dag viks f\u00f6r kvinnor med sociofobi<br \/>\n*En dag viks f\u00f6r feminister som kr\u00e4ver att f\u00e5 bada topless<br \/>\n*En dag viks f\u00f6r nakenbadare, b\u00e5de m\u00e4n och kvinnor<br \/>\n<strong>Nu viker vi &#8211; i j\u00e4mlikhetens och den politiska korrekthetens namn &#8211; lika m\u00e5nga dagar f\u00f6r m\u00e4n som f\u00f6r kvinnor.<\/strong><br \/>\n<strong>Helt pl\u00f6tsligt<\/strong> beh\u00f6vs det tjugoen dagar i veckan per badhus.<br \/>\n<strong>D\u00e5 har vi \u00e4nd\u00e5 inte<\/strong> tagit h\u00e4nsyn till transgenderpersoner, transsexuella, Jehovas Vittnen, f\u00f6re detta m\u00f6rdare, allergiker, astmatiker, lungsjuka, amputerade, m\u00e4nniskor med vattenskr\u00e4ck, sexualr\u00e4dda, neurotiker och en hel bunt andra m\u00e4nniskor som av olika sk\u00e4l kan vara obekv\u00e4ma med att vistas i samma lokaler som andra, inte minst i vatten.<br \/>\n<strong>N\u00e4. Muslimkvinnorna har f\u00f6retr\u00e4de.<\/strong><\/p>\n<p><strong>Min bakgrund \u00e4r lite m\u00e4rklig.<\/strong> Jag har tv\u00e5 sv\u00e5ra whiplashskador och dessutom har jag varit delvis f\u00f6rlamad och rullstolsbunden efter en felaktig operation i ryggen, d\u00e4r en l\u00e4kare inte hade klart f\u00f6r sig vad han gjorde.<br \/>\n<strong>P\u00e5 grund av detta<\/strong> har jag under en rad av \u00e5r genomg\u00e5tt flera sm\u00e4rt- och r\u00f6relserehabiliteringar p\u00e5 olika st\u00e4llen (och m\u00e4rk v\u00e4l att jag <strong>aldrig<\/strong><em> har st\u00f6tt p\u00e5 n\u00e5gon i v\u00e5rdpersonalen som har kr\u00e4nkt eller v\u00e4grat en patient p\u00e5 n\u00e5got s\u00e4tt &#8211; tv\u00e4rtom! V\u00e5rdpersonal kommer forever att vara mina hj\u00e4ltinnor och hj\u00e4ltar!).<br \/>\n<em><strong>P\u00e5 en del av dem har<\/strong> &#8211; tack och lov &#8211; tr\u00e4ning i varmvattenbass\u00e4ng varit det som r\u00e4ddat flera av oss.<br \/>\n<strong>Nu har jag en h\u00e4lsning till kvinnan i sl\u00f6ja<\/strong>, hon som <em>kr\u00e4ver<\/em> ensamr\u00e4tt i bass\u00e4ngen en dag i veckan:<br \/>\n<strong>Testa att bli p\u00e5k\u00f6rd av en bil.<\/strong><br \/>\n<strong>Det g\u00f6r ont<\/strong> s\u00e5-in-i-helvete, oavsett vilken religion du tillh\u00f6r.<br \/>\n<strong>Testa efter det att neka<\/strong> att kliva ner i en bass\u00e4ng, d\u00e4r kroppen inte v\u00e4ger n\u00e5got, f\u00f6r att f\u00e5 r\u00f6ra dig p\u00e5 det enda s\u00e4tt du kan.<br \/>\n<strong>Med m\u00e4nniskor av annat k\u00f6n,<\/strong> religion, politisk tillh\u00f6righet eller annan blomsterk\u00e4rlek \u00e4n du.<br \/>\n<strong>Om du inte kan t\u00e4nka s\u00e5 l\u00e5ngt, har jag ett gott r\u00e5d:<br \/>\nBygg ett eget badhus f\u00f6r egna pengar.<\/strong><br \/>\n<strong>Eller stanna i badkaret.<\/strong><br \/>\n<strong>Men missf\u00f6rst\u00e5 inte Sveriges synnerligen frikostiga religionsfrihet<\/strong> med att du har r\u00e4tten att best\u00e4mma vem som ska f\u00e5 bada i ett kommunalt badhus.<br \/>\n<strong>N\u00e5gon j\u00e4vla ordning f\u00e5r det \u00e4nd\u00e5 vara.<\/strong><br \/>\n<strong>Fr\u00e5gor p\u00e5 det?<br \/>\n<\/strong><\/em><\/p>\n<div id=\"wp_fb_like_button\" style=\"margin:5px 0;float:none;height:100px;\"><script src=\"http:\/\/connect.facebook.net\/en_US\/all.js#xfbml=1\"><\/script><fb:like href=\"https:\/\/www.ohrlund.se\/blogg\/ratten-att-bada\/\" send=\"true\" layout=\"standard\" width=\"450\" show_faces=\"true\" font=\"arial\" action=\"like\" colorscheme=\"light\"><\/fb:like><\/div>","protected":false},"excerpt":{"rendered":"<p>Valborgsm\u00e4ssoafton. Tid f\u00f6r vila. Och eftertanke. N\u00e4r jag var ung var det oerh\u00f6rt viktigt att vara ute, oavsett v\u00e4der. Och eftersom v\u00e4dret traditionellt best\u00e5tt av kyla, regn, storm, sn\u00f6 eller hagel &#8211; vinterns sista hj\u00e4lpl\u00f6sa protest mot v\u00e5ren och sommaren &hellip; <a href=\"https:\/\/www.ohrlund.se\/blogg\/ratten-att-bada\/\">Forts\u00e4tt l\u00e4sa <span class=\"meta-nav\">&rarr;<\/span><\/a><\/p>\n","protected":false},"author":2,"featured_media":0,"comment_status":"open","ping_status":"open","sticky":false,"template":"","format":"standard","meta":{"_jetpack_memberships_contains_paid_content":false,"footnotes":""},"categories":[1],"tags":[],"class_list":["post-2321","post","type-post","status-publish","format-standard","hentry","category-okategoriserade"],"jetpack_featured_media_url":"","jetpack_sharing_enabled":true,"post_mailing_queue_ids":[],"_links":{"self":[{"href":"https:\/\/www.ohrlund.se\/blogg\/wp-json\/wp\/v2\/posts\/2321","targetHints":{"allow":["GET"]}}],"collection":[{"href":"https:\/\/www.ohrlund.se\/blogg\/wp-json\/wp\/v2\/posts"}],"about":[{"href":"https:\/\/www.ohrlund.se\/blogg\/wp-json\/wp\/v2\/types\/post"}],"author":[{"embeddable":true,"href":"https:\/\/www.ohrlund.se\/blogg\/wp-json\/wp\/v2\/users\/2"}],"replies":[{"embeddable":true,"href":"https:\/\/www.ohrlund.se\/blogg\/wp-json\/wp\/v2\/comments?post=2321"}],"version-history":[{"count":2,"href":"https:\/\/www.ohrlund.se\/blogg\/wp-json\/wp\/v2\/posts\/2321\/revisions"}],"predecessor-version":[{"id":2323,"href":"https:\/\/www.ohrlund.se\/blogg\/wp-json\/wp\/v2\/posts\/2321\/revisions\/2323"}],"wp:attachment":[{"href":"https:\/\/www.ohrlund.se\/blogg\/wp-json\/wp\/v2\/media?parent=2321"}],"wp:term":[{"taxonomy":"category","embeddable":true,"href":"https:\/\/www.ohrlund.se\/blogg\/wp-json\/wp\/v2\/categories?post=2321"},{"taxonomy":"post_tag","embeddable":true,"href":"https:\/\/www.ohrlund.se\/blogg\/wp-json\/wp\/v2\/tags?post=2321"}],"curies":[{"name":"wp","href":"https:\/\/api.w.org\/{rel}","templated":true}]}}