{"id":2331,"date":"2015-05-10T03:31:54","date_gmt":"2015-05-10T01:31:54","guid":{"rendered":"http:\/\/www.ohrlund.se\/blogg\/?p=2331"},"modified":"2015-05-10T03:32:32","modified_gmt":"2015-05-10T01:32:32","slug":"ordets-makt","status":"publish","type":"post","link":"https:\/\/www.ohrlund.se\/blogg\/ordets-makt\/","title":{"rendered":"Ordets makt"},"content":{"rendered":"<p><strong>Den s\u00e5 kloke David Eberhard<\/strong> konstaterar att uttrycket &#8221;pk&#8221; nu alltmer ers\u00e4tts med &#8221;\u00e5siktskorridor&#8221;, vilket f\u00f6r \u00f6vrigt \u00e4r en lysande beskrivning.<br \/>\n<strong>http:\/\/www.gp.se\/nyheter\/ledare\/gastkronikor\/1.2709378-david-eberhard-godhetens-riddare<\/strong><br \/>\n<strong>Den d\u00e4r \u00e5siktskorridoren \u00e4r en farlig rackare<\/strong> som man ska se upp med n\u00e4r man trevar sig fram i den. Den tycks n\u00e4mligen bli allt smalare ju l\u00e4ngre man kommer och inte nog med det, l\u00e4ngs b\u00e4gge sidorna \u00e4r det laddat med landminor som inte bara spr\u00e4nger bort ens ben utan hela ens namn och rykte, och dessutom automattatuerar en med epitet som slutar p\u00e5 -ist.<br \/>\n<strong>Nazist.<\/strong> Fascist. Kommunist. Stalinist. Rasist.<br \/>\n<strong>Och s\u00e5 vidare.<\/strong><br \/>\n<strong>Korridoren \u00e4r farlig<\/strong>, ty som den somaliska journalisten Amun Abdullahi (hotad av muslimer i Sverige och utfrusen av kollegerna p\u00e5 Sveriges radio sedan hon avsl\u00f6jat att en ledare p\u00e5 en fritidsg\u00e5rd rekryterade till den somaliska islamistmilisen, al-Shabaab) svarade n\u00e4r en svensk journalist fr\u00e5gade hur hon tordes flytta tillbaka till Somalia:<br \/>\n<strong>&#8221;Det \u00e4r farligare i Sverige \u00e4n d\u00e4r. Det \u00e4r alltid farligast d\u00e4r man inte t\u00f6rs s\u00e4ga sanningen.&#8221;<\/strong><em><br \/>\n<strong>http:\/\/www.svt.se\/ug\/jag-trodde-pa-journalistiken<\/strong><br \/>\n<strong>Sug p\u00e5 den en stund.<\/strong><br \/>\n<strong>F\u00f6r d\u00e4r<\/strong> \u00e4r vi i dag.<br \/>\n<strong>Alltf\u00f6r m\u00e5nga<\/strong> ser sig omkring innan de <em>viskar<\/em> sina \u00e5sikter.<br \/>\n<strong>\u00c4n fler<\/strong> t\u00f6rs \u00f6verhuvudtaget inte framf\u00f6ra dem av r\u00e4dsla f\u00f6r att bli beskylld f\u00f6r n\u00e5got de inte \u00e4r.<br \/>\n<strong>Ett demokratiskt <\/strong>Sverige 2015? Kyss mig.<br \/>\n<strong>Ordet &#8221;rasist&#8221; <\/strong>tycks f\u00f6r \u00f6vrigt vara det mest v\u00e5ldtagna och missbrukade nuf\u00f6rtiden. Om jag sl\u00e5r upp ordet s\u00e5 finner jag bland annat f\u00f6ljande beskrivning:<br \/>\n<em>&#8221;Uppfattningen att vissa folk \u00e4r \u00f6verl\u00e4gsna andra till f\u00f6ljd av en best\u00e4md rastillh\u00f6righet&#8221;<\/em>, vilket i sig \u00e4r s\u00e5 f\u00f6rbannat l\u00f6jligt att jag inte f\u00f6rst\u00e5r att n\u00e5gon orkar diskutera det. Bortsett fr\u00e5n att hela det f\u00f6rlegade rasbegreppet borde ha avskaffats f\u00f6r l\u00e4nge sedan, skulle rasismen allts\u00e5 betyda att ett folk, f\u00f6rslagsvis asiater, generellt sett skulle vara \u00f6verl\u00e4gsna ett annat folk, f\u00f6rslagsvis europ\u00e9er. Eller tv\u00e4rtom.<br \/>\n<strong>Trams.<\/strong><br \/>\n<strong>Och jag undrar<\/strong> vem\/vilka som vinner p\u00e5 att h\u00e5lla id\u00e9n levande.<br \/>\n<strong>Om jag d\u00e4remot<\/strong> nu s\u00e4ger att jag inte tycker om norrl\u00e4nningar, danskar, engelsm\u00e4n eller m\u00e4nniskor av n\u00e5gon specifik nationalitet, s\u00e5 betyder det allts\u00e5 <em>inte<\/em> att jag \u00e4r rasist, eftersom dessa inte utg\u00f6r n\u00e5gon ras.<br \/>\n<strong>S\u00e5 till ordets makt.<\/strong> Eller inte?<br \/>\n<strong>Jag vet inte<\/strong> om svenska politiker var f\u00f6rst med att avskaffa &#8221;obehagliga&#8221; ord eller \u00e4ndra dem, men jag vet att de g\u00e4rna vill sola sig i glansen f\u00f6r att ha gjort det.<br \/>\n<strong>Pl\u00f6tsligt fick<\/strong> ingen l\u00e4ngre s\u00e4ga &#8221;neger&#8221; (vilket i spanskan \u00e4r ett h\u00f6gst normalt ord f\u00f6r svart) f\u00f6r att det var fult och neds\u00e4ttande. Sedan man hattat lagom mellan &#8221;m\u00f6rkhyad&#8221; och &#8221;f\u00e4rgad&#8221; (vem f\u00e4rgade dem?) kom man \u00f6verens om att &#8221;afroamerikan&#8221;, &#8221;afroeurope&#8221; eller &#8221;afrosvensk&#8221; var politiskt korrekt.<br \/>\nI<strong> samma sekund inf\u00f6rdes typ d\u00f6dsstraff<\/strong> f\u00f6r att p\u00e5 konditoriet s\u00e4ga &#8221;negerboll&#8221;. Nu heter det chokladboll.<br \/>\n<strong>Och d\u00e4rmed \u00e4r alla f\u00f6rdomar <\/strong>mot svarta m\u00e4nniskor avskaffade &#8211; yippie!<br \/>\n<strong>B\u00e4ttre blev det.<\/strong> F\u00f6rst hette det <em>invandrare<\/em>, sedan <em>immigranter<\/em> och nu <em>migranter<\/em>. Vad blir n\u00e4sta modeord &#8211; <em>g\u00e4ster<\/em> eller <em>bes\u00f6kare<\/em> eller <em>donatorer<\/em>? Jag v\u00e4ntar med sp\u00e4nning.<br \/>\n<strong>Att i dag yttra <em>zigenare<\/em><\/strong> \u00e4r ju lika med att bli skjuten i direkts\u00e4ndning. <em>Romer<\/em> l\u00e5ter ju mycket b\u00e4ttre och m\u00e4rkligt nog har samtidigt svenska folkets motst\u00e5nd mot tiggeriet p\u00e5 gatorna v\u00e4xt till \u00f6ver 50 procent.<br \/>\n<strong>Konstigt.<\/strong> F\u00f6r nu, n\u00e4r politikerna sagt sitt, borde ju alla f\u00f6rdomar och problem vara borta.<br \/>\n<strong>Svenska politiker d\u00f6per om<\/strong>, ler \u00f6ver att \u00e4ndringen av ett enkelt ord lett till ett b\u00e4ttre samh\u00e4lle.<br \/>\n<strong>Sedan ser de sig f\u00f6rv\u00e5nat och f\u00f6rtvivlat omkring<\/strong> och undrar varf\u00f6r inte resten av v\u00e4rlden st\u00e5r upp och appl\u00e5derar.<br \/>\nF\u00f6rst\u00e5r v\u00e4rlden verkligen inte Sveriges storhet?<\/p>\n<div id=\"wp_fb_like_button\" style=\"margin:5px 0;float:none;height:100px;\"><script src=\"http:\/\/connect.facebook.net\/en_US\/all.js#xfbml=1\"><\/script><fb:like href=\"https:\/\/www.ohrlund.se\/blogg\/ordets-makt\/\" send=\"true\" layout=\"standard\" width=\"450\" show_faces=\"true\" font=\"arial\" action=\"like\" colorscheme=\"light\"><\/fb:like><\/div>","protected":false},"excerpt":{"rendered":"<p>Den s\u00e5 kloke David Eberhard konstaterar att uttrycket &#8221;pk&#8221; nu alltmer ers\u00e4tts med &#8221;\u00e5siktskorridor&#8221;, vilket f\u00f6r \u00f6vrigt \u00e4r en lysande beskrivning. http:\/\/www.gp.se\/nyheter\/ledare\/gastkronikor\/1.2709378-david-eberhard-godhetens-riddare Den d\u00e4r \u00e5siktskorridoren \u00e4r en farlig rackare som man ska se upp med n\u00e4r man trevar sig fram &hellip; <a href=\"https:\/\/www.ohrlund.se\/blogg\/ordets-makt\/\">Forts\u00e4tt l\u00e4sa <span class=\"meta-nav\">&rarr;<\/span><\/a><\/p>\n","protected":false},"author":2,"featured_media":0,"comment_status":"open","ping_status":"open","sticky":false,"template":"","format":"standard","meta":{"_jetpack_memberships_contains_paid_content":false,"footnotes":""},"categories":[1],"tags":[],"class_list":["post-2331","post","type-post","status-publish","format-standard","hentry","category-okategoriserade"],"jetpack_featured_media_url":"","jetpack_sharing_enabled":true,"post_mailing_queue_ids":[],"_links":{"self":[{"href":"https:\/\/www.ohrlund.se\/blogg\/wp-json\/wp\/v2\/posts\/2331","targetHints":{"allow":["GET"]}}],"collection":[{"href":"https:\/\/www.ohrlund.se\/blogg\/wp-json\/wp\/v2\/posts"}],"about":[{"href":"https:\/\/www.ohrlund.se\/blogg\/wp-json\/wp\/v2\/types\/post"}],"author":[{"embeddable":true,"href":"https:\/\/www.ohrlund.se\/blogg\/wp-json\/wp\/v2\/users\/2"}],"replies":[{"embeddable":true,"href":"https:\/\/www.ohrlund.se\/blogg\/wp-json\/wp\/v2\/comments?post=2331"}],"version-history":[{"count":4,"href":"https:\/\/www.ohrlund.se\/blogg\/wp-json\/wp\/v2\/posts\/2331\/revisions"}],"predecessor-version":[{"id":2335,"href":"https:\/\/www.ohrlund.se\/blogg\/wp-json\/wp\/v2\/posts\/2331\/revisions\/2335"}],"wp:attachment":[{"href":"https:\/\/www.ohrlund.se\/blogg\/wp-json\/wp\/v2\/media?parent=2331"}],"wp:term":[{"taxonomy":"category","embeddable":true,"href":"https:\/\/www.ohrlund.se\/blogg\/wp-json\/wp\/v2\/categories?post=2331"},{"taxonomy":"post_tag","embeddable":true,"href":"https:\/\/www.ohrlund.se\/blogg\/wp-json\/wp\/v2\/tags?post=2331"}],"curies":[{"name":"wp","href":"https:\/\/api.w.org\/{rel}","templated":true}]}}